{"id":6022,"date":"2017-06-25T13:36:05","date_gmt":"2017-06-25T09:36:05","guid":{"rendered":"http:\/\/college-les-tamarins.ac-reunion.fr\/?p=6022"},"modified":"2017-06-29T14:35:23","modified_gmt":"2017-06-29T10:35:23","slug":"visite-de-madame-riviere-au-college","status":"publish","type":"post","link":"https:\/\/etab.ac-reunion.fr\/clg-tamarins\/visite-de-madame-riviere-au-college\/","title":{"rendered":"Visite de Madame Rivi\u00e8re au coll\u00e8ge"},"content":{"rendered":"<p style=\"text-align: left\">Les \u00e9l\u00e8ves du parcours d&rsquo;excellence et les professeurs remercient Madame Rivi\u00e8re Anne-Marie pour sa visite au coll\u00e8ge. Elle t\u00e9moigne dans un r\u00e9cit de vie l&rsquo;histoire de L\u00e9on Clain, son p\u00e8re, mutil\u00e9 au front pendant la Grande Guerre (1914-1918) en Serbie (en 1916, \u00e0 23 ans) . Rest\u00e9 cinq jours dans un trou, il est le seul survivant de son r\u00e9giment. Amput\u00e9 des deux jambes, apr\u00e8s une convalescence \u00e0 Marseille, il rentre \u00e0 Cilaos en 1919 \u00e0 la fin de la guerre.<\/p>\n<p style=\"text-align: right\">Mme.Dami<\/p>\n<p>&nbsp;<\/p>\n<div id=\"su_slider_69f1d5ca7326a\" class=\"su-slider su-slider-centered su-slider-pages-no su-slider-responsive-yes\" style=\"width:100%\" data-autoplay=\"2500\" data-speed=\"1300\" data-mousewheel=\"false\"><div class=\"su-slider-slides\"><div class=\"su-slider-slide\"><a><img decoding=\"async\" src=\"https:\/\/etab.ac-reunion.fr\/clg-tamarins\/wp-content\/uploads\/sites\/56\/2017\/06\/IMG_1471.jpg\" alt=\"IMG_1471\" \/><\/a><\/div><div class=\"su-slider-slide\"><a><img decoding=\"async\" src=\"https:\/\/etab.ac-reunion.fr\/clg-tamarins\/wp-content\/uploads\/sites\/56\/2017\/06\/IMG_1485-e1498383332658.jpg\" alt=\"IMG_1485\" \/><\/a><\/div><div class=\"su-slider-slide\"><a><img decoding=\"async\" src=\"https:\/\/etab.ac-reunion.fr\/clg-tamarins\/wp-content\/uploads\/sites\/56\/2017\/06\/IMG_1347-e1498383320732.jpg\" alt=\"IMG_1347\" \/><\/a><\/div><\/div><div class=\"su-slider-nav\"><div class=\"su-slider-direction\"><span class=\"su-slider-prev\"><\/span><span class=\"su-slider-next\"><\/span><\/div><div class=\"su-slider-pagination\"><\/div><\/div><\/div>\n<p>&nbsp;<\/p>\n<p>&nbsp;<\/p>\n","protected":false},"excerpt":{"rendered":"<p>Les \u00e9l\u00e8ves du parcours d&rsquo;excellence et les professeurs remercient Madame Rivi\u00e8re Anne-Marie pour sa visite au coll\u00e8ge. Elle t\u00e9moigne dans un r\u00e9cit de vie l&rsquo;histoire de L\u00e9on Clain, son p\u00e8re, mutil\u00e9 au front pendant la Grande Guerre (1914-1918) en Serbie (en 1916, \u00e0 23 ans) . Rest\u00e9 cinq jours dans\u2026<\/p>\n<p class=\"continue-reading-button\"> <a class=\"continue-reading-link\" href=\"https:\/\/etab.ac-reunion.fr\/clg-tamarins\/visite-de-madame-riviere-au-college\/\">Continuer \u00e0 lire<i class=\"crycon-right-dir\"><\/i><\/a><\/p>\n","protected":false},"author":13730,"featured_media":6024,"comment_status":"closed","ping_status":"closed","sticky":false,"template":"","format":"standard","meta":{"footnotes":""},"categories":[1],"tags":[],"class_list":["post-6022","post","type-post","status-publish","format-standard","has-post-thumbnail","hentry","category-non-classe"],"_links":{"self":[{"href":"https:\/\/etab.ac-reunion.fr\/clg-tamarins\/wp-json\/wp\/v2\/posts\/6022","targetHints":{"allow":["GET"]}}],"collection":[{"href":"https:\/\/etab.ac-reunion.fr\/clg-tamarins\/wp-json\/wp\/v2\/posts"}],"about":[{"href":"https:\/\/etab.ac-reunion.fr\/clg-tamarins\/wp-json\/wp\/v2\/types\/post"}],"author":[{"embeddable":true,"href":"https:\/\/etab.ac-reunion.fr\/clg-tamarins\/wp-json\/wp\/v2\/users\/13730"}],"replies":[{"embeddable":true,"href":"https:\/\/etab.ac-reunion.fr\/clg-tamarins\/wp-json\/wp\/v2\/comments?post=6022"}],"version-history":[{"count":3,"href":"https:\/\/etab.ac-reunion.fr\/clg-tamarins\/wp-json\/wp\/v2\/posts\/6022\/revisions"}],"predecessor-version":[{"id":6027,"href":"https:\/\/etab.ac-reunion.fr\/clg-tamarins\/wp-json\/wp\/v2\/posts\/6022\/revisions\/6027"}],"wp:featuredmedia":[{"embeddable":true,"href":"https:\/\/etab.ac-reunion.fr\/clg-tamarins\/wp-json\/wp\/v2\/media\/6024"}],"wp:attachment":[{"href":"https:\/\/etab.ac-reunion.fr\/clg-tamarins\/wp-json\/wp\/v2\/media?parent=6022"}],"wp:term":[{"taxonomy":"category","embeddable":true,"href":"https:\/\/etab.ac-reunion.fr\/clg-tamarins\/wp-json\/wp\/v2\/categories?post=6022"},{"taxonomy":"post_tag","embeddable":true,"href":"https:\/\/etab.ac-reunion.fr\/clg-tamarins\/wp-json\/wp\/v2\/tags?post=6022"}],"curies":[{"name":"wp","href":"https:\/\/api.w.org\/{rel}","templated":true}]}}