{"id":6163,"date":"2017-06-28T09:00:11","date_gmt":"2017-06-28T05:00:11","guid":{"rendered":"http:\/\/college-les-tamarins.ac-reunion.fr\/?p=6163"},"modified":"2018-04-05T10:05:32","modified_gmt":"2018-04-05T06:05:32","slug":"parcours-dexcellence-a-cilaos","status":"publish","type":"post","link":"https:\/\/etab.ac-reunion.fr\/clg-tamarins\/parcours-dexcellence-a-cilaos\/","title":{"rendered":"Parcours d&rsquo;excellence \u00e0 Cilaos"},"content":{"rendered":"<p>Aujourd\u2019hui, jeudi \u00a08 \u00a0juin 2017, 7h15\u00a0: le jour\u00a0 tant attendu par les \u00e9l\u00e8ves du parcours d\u2019excellence du Coll\u00e8ge Les Tamarins (donc nous\u00a0!)\u2026.direction le cirque de Cilaos\u00a0! Le programme \u00e9tait charg\u00e9\u00a0avec un point fort la rencontre avec Mme Anne Marie RIVIERE (qui devait nous retracer la vie de son papa qui a \u00e9t\u00e9 grand mutil\u00e9 de la premi\u00e8re guerre mondiale), h\u00e9las elle n\u2019a pas pu \u00eatre l\u00e0. Nous nous sommes quand m\u00eame arr\u00eat\u00e9s devant la st\u00e8le comm\u00e9morative de son papa (L\u00e9on CLAIN).<\/p>\n<p>Nous la retrouverons au coll\u00e8ge nous ont promis nos professeurs d\u2019histoire\u00a0!<\/p>\n<p>Apr\u00e8s une promenade dans la ville o\u00f9 architecture et histoire ont ponctu\u00e9 nos pauses (la visite du march\u00e9 couvert \u00e9tait m\u00e9morable\u00a0!), nous sommes all\u00e9s sur les traces des \u00abporteurs\u00a0\u00bb (Cela devait \u00eatre dur pour eux que de porter sur des chaises, les notables des bas qui montaient \u00e0 Cilaos\u00a0!)\u00a0o\u00f9 nous avons d\u00e9couvert le nom de plein de plantes: petite marche avant le repas autour de la Mare \u00e0 Joncs o\u00f9 le po\u00e8me de Leconte de Lisle\u00a0 nous a \u00e9t\u00e9 pr\u00e9sent\u00e9.<\/p>\n<p>Et nous voil\u00e0 sur le retour, nous avons fait une pause-gouter o\u00f9 tous (professeur compris\u00a0!) avons jou\u00e9 au \u00ab\u00a0ballon prisonnier\u00a0\u00bb\u00a0!<\/p>\n<p>Cette journ\u00e9e sera grav\u00e9e dans notre c\u0153ur pour toujours, surtout pour nous, les Troisi\u00e8mes, qui passent notre derni\u00e8re ann\u00e9e au sein du coll\u00e8ge avec notre parcours \u00ab\u00a0excellence\u00a0\u00bb.<\/p>\n<p>On remercie les professeurs (Mme Dami, Mme Fiegenvalwald, Mme Eth\u00e8ve) qui nous ont donn\u00e9 la chance de participer \u00e0 ce parcours et \u00e0 d\u00e9couvrir un lieu qu&rsquo;on ne connaissait pas.<\/p>\n<p style=\"text-align: right\">\u00a0\u00a0\u00a0\u00a0\u00a0\u00a0\u00a0\u00a0\u00a0\u00a0\u00a0\u00a0\u00a0\u00a0\u00a0\u00a0\u00a0\u00a0\u00a0\u00a0\u00a0\u00a0\u00a0\u00a0\u00a0\u00a0\u00a0\u00a0\u00a0\u00a0\u00a0 \u00a0\u00a0\u00a0\u00a0\u00a0\u00a0\u00a0\u00a0\u00a0\u00a0\u00a0\u00a0ARAYE Niranjanee, AUTAL Orlane 3\u00b0 Acacias (parcours excellence).<\/p>\n<p>&nbsp;<\/p>\n<div id=\"su_slider_69f1d5f1bb272\" class=\"su-slider su-slider-centered su-slider-pages-no su-slider-responsive-yes\" style=\"width:100%\" data-autoplay=\"2500\" data-speed=\"1300\" data-mousewheel=\"false\"><div class=\"su-slider-slides\"><div class=\"su-slider-slide\"><a><img decoding=\"async\" src=\"https:\/\/etab.ac-reunion.fr\/clg-tamarins\/wp-content\/uploads\/sites\/56\/2017\/06\/Parcours-dexcellence.jpg\" alt=\"SAMSUNG CAMERA PICTURES\" \/><\/a><\/div><div class=\"su-slider-slide\"><a><img decoding=\"async\" src=\"https:\/\/etab.ac-reunion.fr\/clg-tamarins\/wp-content\/uploads\/sites\/56\/2017\/06\/questions-g\u00e9ologiques.....jpg\" alt=\"SAMSUNG CAMERA PICTURES\" \/><\/a><\/div><div class=\"su-slider-slide\"><a><img decoding=\"async\" src=\"https:\/\/etab.ac-reunion.fr\/clg-tamarins\/wp-content\/uploads\/sites\/56\/2017\/06\/produit-typique-du-march\u00e9.jpg\" alt=\"SAMSUNG CAMERA PICTURES\" \/><\/a><\/div><div class=\"su-slider-slide\"><a><img decoding=\"async\" src=\"https:\/\/etab.ac-reunion.fr\/clg-tamarins\/wp-content\/uploads\/sites\/56\/2017\/06\/sur-la-trace-des-porteurs....jpg\" alt=\"SAMSUNG CAMERA PICTURES\" \/><\/a><\/div><div class=\"su-slider-slide\"><a><img decoding=\"async\" src=\"https:\/\/etab.ac-reunion.fr\/clg-tamarins\/wp-content\/uploads\/sites\/56\/2017\/06\/vue-de-Cilaos.jpg\" alt=\"SAMSUNG CAMERA PICTURES\" \/><\/a><\/div><\/div><div class=\"su-slider-nav\"><div class=\"su-slider-direction\"><span class=\"su-slider-prev\"><\/span><span class=\"su-slider-next\"><\/span><\/div><div class=\"su-slider-pagination\"><\/div><\/div><\/div>\n<p>&nbsp;<\/p>\n<p>&nbsp;<\/p>\n","protected":false},"excerpt":{"rendered":"<p>Aujourd\u2019hui, jeudi \u00a08 \u00a0juin 2017, 7h15\u00a0: le jour\u00a0 tant attendu par les \u00e9l\u00e8ves du parcours d\u2019excellence du Coll\u00e8ge Les Tamarins (donc nous\u00a0!)\u2026.direction le cirque de Cilaos\u00a0! Le programme \u00e9tait charg\u00e9\u00a0avec un point fort la rencontre avec Mme Anne Marie RIVIERE (qui devait nous retracer la vie de son papa qui\u2026<\/p>\n<p class=\"continue-reading-button\"> <a class=\"continue-reading-link\" href=\"https:\/\/etab.ac-reunion.fr\/clg-tamarins\/parcours-dexcellence-a-cilaos\/\">Continuer \u00e0 lire<i class=\"crycon-right-dir\"><\/i><\/a><\/p>\n","protected":false},"author":13730,"featured_media":6164,"comment_status":"closed","ping_status":"closed","sticky":false,"template":"","format":"standard","meta":{"footnotes":""},"categories":[1,44],"tags":[],"class_list":["post-6163","post","type-post","status-publish","format-standard","has-post-thumbnail","hentry","category-non-classe","category-projets-activites"],"_links":{"self":[{"href":"https:\/\/etab.ac-reunion.fr\/clg-tamarins\/wp-json\/wp\/v2\/posts\/6163","targetHints":{"allow":["GET"]}}],"collection":[{"href":"https:\/\/etab.ac-reunion.fr\/clg-tamarins\/wp-json\/wp\/v2\/posts"}],"about":[{"href":"https:\/\/etab.ac-reunion.fr\/clg-tamarins\/wp-json\/wp\/v2\/types\/post"}],"author":[{"embeddable":true,"href":"https:\/\/etab.ac-reunion.fr\/clg-tamarins\/wp-json\/wp\/v2\/users\/13730"}],"replies":[{"embeddable":true,"href":"https:\/\/etab.ac-reunion.fr\/clg-tamarins\/wp-json\/wp\/v2\/comments?post=6163"}],"version-history":[{"count":2,"href":"https:\/\/etab.ac-reunion.fr\/clg-tamarins\/wp-json\/wp\/v2\/posts\/6163\/revisions"}],"predecessor-version":[{"id":6170,"href":"https:\/\/etab.ac-reunion.fr\/clg-tamarins\/wp-json\/wp\/v2\/posts\/6163\/revisions\/6170"}],"wp:featuredmedia":[{"embeddable":true,"href":"https:\/\/etab.ac-reunion.fr\/clg-tamarins\/wp-json\/wp\/v2\/media\/6164"}],"wp:attachment":[{"href":"https:\/\/etab.ac-reunion.fr\/clg-tamarins\/wp-json\/wp\/v2\/media?parent=6163"}],"wp:term":[{"taxonomy":"category","embeddable":true,"href":"https:\/\/etab.ac-reunion.fr\/clg-tamarins\/wp-json\/wp\/v2\/categories?post=6163"},{"taxonomy":"post_tag","embeddable":true,"href":"https:\/\/etab.ac-reunion.fr\/clg-tamarins\/wp-json\/wp\/v2\/tags?post=6163"}],"curies":[{"name":"wp","href":"https:\/\/api.w.org\/{rel}","templated":true}]}}