{"id":6294,"date":"2017-07-05T13:38:41","date_gmt":"2017-07-05T09:38:41","guid":{"rendered":"http:\/\/college-les-tamarins.ac-reunion.fr\/?p=6294"},"modified":"2017-07-05T13:38:41","modified_gmt":"2017-07-05T09:38:41","slug":"formation-aux-premiers-secours-au-college","status":"publish","type":"post","link":"https:\/\/etab.ac-reunion.fr\/clg-tamarins\/formation-aux-premiers-secours-au-college\/","title":{"rendered":"Formation aux premiers secours au coll\u00e8ge"},"content":{"rendered":"<p>FORMATION AUX PREMIERS SECOURS AU COLL\u00c8GE<\/p>\n<p>Alors que beaucoup d\u2019\u00e9l\u00e8ves avaient (contraintes d\u2019examen obligent) quitt\u00e9 le coll\u00e8ge une petite vingtaine d\u2019entre eux est revenue en ces lundi et mardi 3 et 4 juillet pour se pr\u00e9parer au PSC1 (Pr\u00e9vention et Secours Civique niveau 1).<\/p>\n<p>Certains \u00e9taient du parcours d\u2019excellence (4\u00b0) et d\u2019autres, volontaires de 3\u00b0. Cette initiation a \u00e9t\u00e9 pour eux non seulement un moment d\u2019\u00e9changes sur des pratiques essentielles et vitales mais aussi cela a permis une coh\u00e9sion de groupe.<\/p>\n<p>Les deux formatrices (Mme BOSSERT, infirmi\u00e8re et Mme BENARD, professeur d\u2019EPS) ont su \u00e9veiller en eux cette fibre altruiste\u00a0et permettre aux plus r\u00e9serv\u00e9s de prendre conscience de leurs capacit\u00e9s \u00e0 d\u00e9passer leur appr\u00e9hension en pratiquant les gestes de premiers secours en toutes circonstances.<\/p>\n<p>Tous assidus, s\u00e9rieux et impliqu\u00e9s ont termin\u00e9 leur formation avec brio\u00a0: 100% de r\u00e9ussite\u2026BRAVO LES JEUNES\u00a0!<\/p>\n<p>Les dipl\u00f4m\u00e9s\u2026. et fiers de l\u2019\u00eatre\u00a0!<\/p>\n<p>En 3\u00b0\u00a0: Orlane, Niranjanee, Laurine, Ariane, Sophie, Thomas, R\u00e9han, Bryan, Fahim et Jonathan.<\/p>\n<p>En 4\u00b0\u00a0: Ranisha, Rachida, Gunavathy, Cassandra, Ben, Olivier, Romain et Nolan<\/p>\n<p style=\"text-align: right\">\u00a0\u00a0\u00a0\u00a0\u00a0\u00a0\u00a0\u00a0\u00a0\u00a0\u00a0\u00a0\u00a0\u00a0\u00a0\u00a0\u00a0\u00a0\u00a0\u00a0\u00a0\u00a0\u00a0\u00a0\u00a0\u00a0\u00a0\u00a0\u00a0\u00a0\u00a0\u00a0\u00a0\u00a0\u00a0\u00a0\u00a0\u00a0\u00a0\u00a0\u00a0\u00a0\u00a0\u00a0\u00a0\u00a0\u00a0\u00a0\u00a0\u00a0\u00a0\u00a0\u00a0 Nicole ETHEVE<\/p>\n<div id=\"su_slider_69f1d5caf11ab\" class=\"su-slider su-slider-centered su-slider-pages-no su-slider-responsive-yes\" style=\"width:100%\" data-autoplay=\"2500\" data-speed=\"1300\" data-mousewheel=\"false\"><div class=\"su-slider-slides\"><div class=\"su-slider-slide\"><a><img decoding=\"async\" src=\"https:\/\/etab.ac-reunion.fr\/clg-tamarins\/wp-content\/uploads\/sites\/56\/2017\/07\/SAM_4519.jpg\" alt=\"SAMSUNG CAMERA PICTURES\" \/><\/a><\/div><div class=\"su-slider-slide\"><a><img decoding=\"async\" src=\"https:\/\/etab.ac-reunion.fr\/clg-tamarins\/wp-content\/uploads\/sites\/56\/2017\/07\/SAM_4508.jpg\" alt=\"SAMSUNG CAMERA PICTURES\" \/><\/a><\/div><div class=\"su-slider-slide\"><a><img decoding=\"async\" src=\"https:\/\/etab.ac-reunion.fr\/clg-tamarins\/wp-content\/uploads\/sites\/56\/2017\/07\/SAM_4507.jpg\" alt=\"SAMSUNG CAMERA PICTURES\" \/><\/a><\/div><div class=\"su-slider-slide\"><a><img decoding=\"async\" src=\"https:\/\/etab.ac-reunion.fr\/clg-tamarins\/wp-content\/uploads\/sites\/56\/2017\/07\/SAM_4506.jpg\" alt=\"SAMSUNG CAMERA PICTURES\" \/><\/a><\/div><div class=\"su-slider-slide\"><a><img decoding=\"async\" src=\"https:\/\/etab.ac-reunion.fr\/clg-tamarins\/wp-content\/uploads\/sites\/56\/2017\/07\/SAM_4501.jpg\" alt=\"SAMSUNG CAMERA PICTURES\" \/><\/a><\/div><div class=\"su-slider-slide\"><a><img decoding=\"async\" src=\"https:\/\/etab.ac-reunion.fr\/clg-tamarins\/wp-content\/uploads\/sites\/56\/2017\/07\/SAM_4496.jpg\" alt=\"SAMSUNG CAMERA PICTURES\" \/><\/a><\/div><div class=\"su-slider-slide\"><a><img decoding=\"async\" src=\"https:\/\/etab.ac-reunion.fr\/clg-tamarins\/wp-content\/uploads\/sites\/56\/2017\/07\/SAM_4494.jpg\" alt=\"SAMSUNG CAMERA PICTURES\" \/><\/a><\/div><div class=\"su-slider-slide\"><a><img decoding=\"async\" src=\"https:\/\/etab.ac-reunion.fr\/clg-tamarins\/wp-content\/uploads\/sites\/56\/2017\/07\/SAM_4488.jpg\" alt=\"SAMSUNG CAMERA PICTURES\" \/><\/a><\/div><div class=\"su-slider-slide\"><a><img decoding=\"async\" src=\"https:\/\/etab.ac-reunion.fr\/clg-tamarins\/wp-content\/uploads\/sites\/56\/2017\/07\/SAM_4490.jpg\" alt=\"SAMSUNG CAMERA PICTURES\" \/><\/a><\/div><div class=\"su-slider-slide\"><a><img decoding=\"async\" src=\"https:\/\/etab.ac-reunion.fr\/clg-tamarins\/wp-content\/uploads\/sites\/56\/2017\/07\/SAM_4491.jpg\" alt=\"SAMSUNG CAMERA PICTURES\" \/><\/a><\/div><\/div><div class=\"su-slider-nav\"><div class=\"su-slider-direction\"><span class=\"su-slider-prev\"><\/span><span class=\"su-slider-next\"><\/span><\/div><div class=\"su-slider-pagination\"><\/div><\/div><\/div>\n<p>&nbsp;<\/p>\n<p>&nbsp;<\/p>\n","protected":false},"excerpt":{"rendered":"<p>FORMATION AUX PREMIERS SECOURS AU COLL\u00c8GE Alors que beaucoup d\u2019\u00e9l\u00e8ves avaient (contraintes d\u2019examen obligent) quitt\u00e9 le coll\u00e8ge une petite vingtaine d\u2019entre eux est revenue en ces lundi et mardi 3 et 4 juillet pour se pr\u00e9parer au PSC1 (Pr\u00e9vention et Secours Civique niveau 1). Certains \u00e9taient du parcours d\u2019excellence (4\u00b0)\u2026<\/p>\n<p class=\"continue-reading-button\"> <a class=\"continue-reading-link\" href=\"https:\/\/etab.ac-reunion.fr\/clg-tamarins\/formation-aux-premiers-secours-au-college\/\">Continuer \u00e0 lire<i class=\"crycon-right-dir\"><\/i><\/a><\/p>\n","protected":false},"author":13730,"featured_media":6298,"comment_status":"closed","ping_status":"closed","sticky":false,"template":"","format":"standard","meta":{"footnotes":""},"categories":[1],"tags":[],"class_list":["post-6294","post","type-post","status-publish","format-standard","has-post-thumbnail","hentry","category-non-classe"],"_links":{"self":[{"href":"https:\/\/etab.ac-reunion.fr\/clg-tamarins\/wp-json\/wp\/v2\/posts\/6294","targetHints":{"allow":["GET"]}}],"collection":[{"href":"https:\/\/etab.ac-reunion.fr\/clg-tamarins\/wp-json\/wp\/v2\/posts"}],"about":[{"href":"https:\/\/etab.ac-reunion.fr\/clg-tamarins\/wp-json\/wp\/v2\/types\/post"}],"author":[{"embeddable":true,"href":"https:\/\/etab.ac-reunion.fr\/clg-tamarins\/wp-json\/wp\/v2\/users\/13730"}],"replies":[{"embeddable":true,"href":"https:\/\/etab.ac-reunion.fr\/clg-tamarins\/wp-json\/wp\/v2\/comments?post=6294"}],"version-history":[{"count":1,"href":"https:\/\/etab.ac-reunion.fr\/clg-tamarins\/wp-json\/wp\/v2\/posts\/6294\/revisions"}],"predecessor-version":[{"id":6305,"href":"https:\/\/etab.ac-reunion.fr\/clg-tamarins\/wp-json\/wp\/v2\/posts\/6294\/revisions\/6305"}],"wp:featuredmedia":[{"embeddable":true,"href":"https:\/\/etab.ac-reunion.fr\/clg-tamarins\/wp-json\/wp\/v2\/media\/6298"}],"wp:attachment":[{"href":"https:\/\/etab.ac-reunion.fr\/clg-tamarins\/wp-json\/wp\/v2\/media?parent=6294"}],"wp:term":[{"taxonomy":"category","embeddable":true,"href":"https:\/\/etab.ac-reunion.fr\/clg-tamarins\/wp-json\/wp\/v2\/categories?post=6294"},{"taxonomy":"post_tag","embeddable":true,"href":"https:\/\/etab.ac-reunion.fr\/clg-tamarins\/wp-json\/wp\/v2\/tags?post=6294"}],"curies":[{"name":"wp","href":"https:\/\/api.w.org\/{rel}","templated":true}]}}