{"id":6551,"date":"2017-10-12T17:28:59","date_gmt":"2017-10-12T13:28:59","guid":{"rendered":"http:\/\/college-les-tamarins.ac-reunion.fr\/?p=6551"},"modified":"2018-04-05T10:11:08","modified_gmt":"2018-04-05T06:11:08","slug":"le-yoga-relaxation-bien-etre-en-ulis","status":"publish","type":"post","link":"https:\/\/etab.ac-reunion.fr\/clg-tamarins\/le-yoga-relaxation-bien-etre-en-ulis\/","title":{"rendered":"LE YOGA, RELAXATION, BIEN -\u00caTRE  EN ULIS"},"content":{"rendered":"<p><span style=\"font-family: 'PrimaSans BT,Verdana,sans-serif'\">S\u00c9ANCE YOGA\u00a0 EN ULIS : A L\u2019\u00c9COUTE DE SON CORPS. <\/span><\/p>\n<p>Cette ann\u00e9e les \u00e9l\u00e8ves de l&rsquo;ULIS b\u00e9n\u00e9ficient d&rsquo;une heure de YOGA tous les mardis.<\/p>\n<p>C&rsquo;est un outil qui permet d&rsquo;am\u00e9liorer la concentration et la la m\u00e9morisation, de stimuler les facult\u00e9s d&rsquo;apprentissage\u00a0 et d&rsquo;aider les \u00e9l\u00e8ves dans leurs relations sociales.<\/p>\n<p>Tous les \u00e9l\u00e8ves de l&rsquo;ULIS appr\u00e9cient beaucoup!<\/p>\n<p><span style=\"font-family: 'PrimaSans BT,Verdana,sans-serif'\">Merci Mme MOUSSA<br \/>\n<\/span><\/p>\n<p>&nbsp;<\/p>\n<div id=\"su_slider_69f1d5c743789\" class=\"su-slider su-slider-centered su-slider-pages-no su-slider-responsive-yes\" style=\"width:100%\" data-autoplay=\"2500\" data-speed=\"1300\" data-mousewheel=\"false\"><div class=\"su-slider-slides\"><div class=\"su-slider-slide\"><a><img decoding=\"async\" src=\"https:\/\/etab.ac-reunion.fr\/clg-tamarins\/wp-content\/uploads\/sites\/56\/2017\/10\/02.jpg\" alt=\"02\" \/><\/a><\/div><div class=\"su-slider-slide\"><a><img decoding=\"async\" src=\"https:\/\/etab.ac-reunion.fr\/clg-tamarins\/wp-content\/uploads\/sites\/56\/2017\/10\/01.jpg\" alt=\"01\" \/><\/a><\/div><\/div><div class=\"su-slider-nav\"><div class=\"su-slider-direction\"><span class=\"su-slider-prev\"><\/span><span class=\"su-slider-next\"><\/span><\/div><div class=\"su-slider-pagination\"><\/div><\/div><\/div>\n<p>&nbsp;<\/p>\n<p>&nbsp;<\/p>\n<p>&nbsp;<\/p>\n","protected":false},"excerpt":{"rendered":"<p>S\u00c9ANCE YOGA\u00a0 EN ULIS : A L\u2019\u00c9COUTE DE SON CORPS. Cette ann\u00e9e les \u00e9l\u00e8ves de l&rsquo;ULIS b\u00e9n\u00e9ficient d&rsquo;une heure de YOGA tous les mardis. C&rsquo;est un outil qui permet d&rsquo;am\u00e9liorer la concentration et la la m\u00e9morisation, de stimuler les facult\u00e9s d&rsquo;apprentissage\u00a0 et d&rsquo;aider les \u00e9l\u00e8ves dans leurs relations sociales. Tous\u2026<\/p>\n<p class=\"continue-reading-button\"> <a class=\"continue-reading-link\" href=\"https:\/\/etab.ac-reunion.fr\/clg-tamarins\/le-yoga-relaxation-bien-etre-en-ulis\/\">Continuer \u00e0 lire<i class=\"crycon-right-dir\"><\/i><\/a><\/p>\n","protected":false},"author":13730,"featured_media":6553,"comment_status":"closed","ping_status":"closed","sticky":false,"template":"","format":"standard","meta":{"footnotes":""},"categories":[1,44],"tags":[],"class_list":["post-6551","post","type-post","status-publish","format-standard","has-post-thumbnail","hentry","category-non-classe","category-projets-activites"],"_links":{"self":[{"href":"https:\/\/etab.ac-reunion.fr\/clg-tamarins\/wp-json\/wp\/v2\/posts\/6551","targetHints":{"allow":["GET"]}}],"collection":[{"href":"https:\/\/etab.ac-reunion.fr\/clg-tamarins\/wp-json\/wp\/v2\/posts"}],"about":[{"href":"https:\/\/etab.ac-reunion.fr\/clg-tamarins\/wp-json\/wp\/v2\/types\/post"}],"author":[{"embeddable":true,"href":"https:\/\/etab.ac-reunion.fr\/clg-tamarins\/wp-json\/wp\/v2\/users\/13730"}],"replies":[{"embeddable":true,"href":"https:\/\/etab.ac-reunion.fr\/clg-tamarins\/wp-json\/wp\/v2\/comments?post=6551"}],"version-history":[{"count":3,"href":"https:\/\/etab.ac-reunion.fr\/clg-tamarins\/wp-json\/wp\/v2\/posts\/6551\/revisions"}],"predecessor-version":[{"id":6559,"href":"https:\/\/etab.ac-reunion.fr\/clg-tamarins\/wp-json\/wp\/v2\/posts\/6551\/revisions\/6559"}],"wp:featuredmedia":[{"embeddable":true,"href":"https:\/\/etab.ac-reunion.fr\/clg-tamarins\/wp-json\/wp\/v2\/media\/6553"}],"wp:attachment":[{"href":"https:\/\/etab.ac-reunion.fr\/clg-tamarins\/wp-json\/wp\/v2\/media?parent=6551"}],"wp:term":[{"taxonomy":"category","embeddable":true,"href":"https:\/\/etab.ac-reunion.fr\/clg-tamarins\/wp-json\/wp\/v2\/categories?post=6551"},{"taxonomy":"post_tag","embeddable":true,"href":"https:\/\/etab.ac-reunion.fr\/clg-tamarins\/wp-json\/wp\/v2\/tags?post=6551"}],"curies":[{"name":"wp","href":"https:\/\/api.w.org\/{rel}","templated":true}]}}