{"id":6648,"date":"2017-11-27T14:44:54","date_gmt":"2017-11-27T10:44:54","guid":{"rendered":"http:\/\/college-les-tamarins.ac-reunion.fr\/?p=6648"},"modified":"2017-11-30T11:20:34","modified_gmt":"2017-11-30T07:20:34","slug":"celebration-de-larmistice-le-11-novembre-2017","status":"publish","type":"post","link":"https:\/\/etab.ac-reunion.fr\/clg-tamarins\/celebration-de-larmistice-le-11-novembre-2017\/","title":{"rendered":"C\u00e9l\u00e9bration de l&rsquo;armistice le 11 Novembre 2017"},"content":{"rendered":"<p><span style=\"font-size: large\">Nous nous sommes r\u00e9unis le samedi 11 novembre pour c\u00e9l\u00e9brer l\u2019armistice de la Premi\u00e8re Guerre Mondiale sur le front de mer de Saint Pierre, place des Victoires.<\/span><\/p>\n<p><span style=\"font-size: large\">Le 2<sup>e<\/sup> RPIMA f\u00eatait pour l\u2019occasion son 70<sup>e<\/sup> anniversaire et pr\u00e9sentait \u00e0 la population plusieurs activit\u00e9s. Nous avons vu en d\u00e9but de matin\u00e9e, des sauts en parachute sur la plage et plus tard sur le parking de la mairie.<\/span><\/p>\n<p><span style=\"font-size: large\">Ensuite, vers 9H30, nous avons entonn\u00e9 la Marseillaise avec des \u00e9l\u00e8ves d\u2019un autre coll\u00e8ge lors de la c\u00e9r\u00e9monie du d\u00e9p\u00f4t de gerbe.<\/span><\/p>\n<p><span style=\"font-size: large\">Nous \u00e9tions tr\u00e8s impressionn\u00e9s de voir tous ces soldats,v\u00e9t\u00e9rans et des personnalit\u00e9s (M. le Maire, M. Michel Fontaine et M. le D\u00e9put\u00e9, David Lorion) car nous n\u2019avons pas l\u2019habitude de vivre de telles situations\u00a0!<\/span><\/p>\n<p><span style=\"font-size: large\">Nous \u00e9tions fiers de chanter la Marseillaise devant tout ce public.<\/span><\/p>\n<p><span style=\"font-size: large\">Apr\u00e8s un petit go\u00fbter nous nous sommes dirig\u00e9s vers les jardins de la mairie o\u00f9 le 2\u00b0RPIMA proposait divers stands.<\/span><\/p>\n<p><span style=\"font-size: large\">Cassandra 3\u00b0 Banian et Romain (3\u00b0 Banian, parcours d\u2019excellence).<\/span><\/p>\n<p>&nbsp;<\/p>\n<div id=\"su_slider_69f1d5c735056\" class=\"su-slider su-slider-centered su-slider-pages-no su-slider-responsive-yes\" style=\"width:100%\" data-autoplay=\"2500\" data-speed=\"1300\" data-mousewheel=\"false\"><div class=\"su-slider-slides\"><div class=\"su-slider-slide\"><a><img decoding=\"async\" src=\"https:\/\/etab.ac-reunion.fr\/clg-tamarins\/wp-content\/uploads\/sites\/56\/2017\/11\/tous-les-regards...ou-presque-vers-le-ciel-1.jpg\" alt=\"SAMSUNG CAMERA PICTURES\" \/><\/a><\/div><div class=\"su-slider-slide\"><a><img decoding=\"async\" src=\"https:\/\/etab.ac-reunion.fr\/clg-tamarins\/wp-content\/uploads\/sites\/56\/2017\/11\/trio-en-vol-2.jpg\" alt=\"SAMSUNG CAMERA PICTURES\" \/><\/a><\/div><div class=\"su-slider-slide\"><a><img decoding=\"async\" src=\"https:\/\/etab.ac-reunion.fr\/clg-tamarins\/wp-content\/uploads\/sites\/56\/2017\/11\/aterrissage-r\u00e9usssi-3.jpg\" alt=\"SAMSUNG CAMERA PICTURES\" \/><\/a><\/div><div class=\"su-slider-slide\"><a><img decoding=\"async\" src=\"https:\/\/etab.ac-reunion.fr\/clg-tamarins\/wp-content\/uploads\/sites\/56\/2017\/11\/phase-pr\u00e9paration-4.jpg\" alt=\"SAMSUNG CAMERA PICTURES\" \/><\/a><\/div><div class=\"su-slider-slide\"><a><img decoding=\"async\" src=\"https:\/\/etab.ac-reunion.fr\/clg-tamarins\/wp-content\/uploads\/sites\/56\/2017\/11\/un-parterre-dofficiels-5.jpg\" alt=\"SAMSUNG CAMERA PICTURES\" \/><\/a><\/div><div class=\"su-slider-slide\"><a><img decoding=\"async\" src=\"https:\/\/etab.ac-reunion.fr\/clg-tamarins\/wp-content\/uploads\/sites\/56\/2017\/11\/photo-souvenir-g\u00e9n\u00e9rale-6.jpg\" alt=\"SAMSUNG CAMERA PICTURES\" \/><\/a><\/div><div class=\"su-slider-slide\"><a><img decoding=\"async\" src=\"https:\/\/etab.ac-reunion.fr\/clg-tamarins\/wp-content\/uploads\/sites\/56\/2017\/11\/et-que-nous....7.jpg\" alt=\"SAMSUNG CAMERA PICTURES\" \/><\/a><\/div><\/div><div class=\"su-slider-nav\"><div class=\"su-slider-direction\"><span class=\"su-slider-prev\"><\/span><span class=\"su-slider-next\"><\/span><\/div><div class=\"su-slider-pagination\"><\/div><\/div><\/div>\n<p>&nbsp;<\/p>\n<p>&nbsp;<\/p>\n<p>&nbsp;<\/p>\n<p>&nbsp;<\/p>\n","protected":false},"excerpt":{"rendered":"<p>Nous nous sommes r\u00e9unis le samedi 11 novembre pour c\u00e9l\u00e9brer l\u2019armistice de la Premi\u00e8re Guerre Mondiale sur le front de mer de Saint Pierre, place des Victoires. Le 2e RPIMA f\u00eatait pour l\u2019occasion son 70e anniversaire et pr\u00e9sentait \u00e0 la population plusieurs activit\u00e9s. Nous avons vu en d\u00e9but de matin\u00e9e,\u2026<\/p>\n<p class=\"continue-reading-button\"> <a class=\"continue-reading-link\" href=\"https:\/\/etab.ac-reunion.fr\/clg-tamarins\/celebration-de-larmistice-le-11-novembre-2017\/\">Continuer \u00e0 lire<i class=\"crycon-right-dir\"><\/i><\/a><\/p>\n","protected":false},"author":13730,"featured_media":6652,"comment_status":"closed","ping_status":"closed","sticky":false,"template":"","format":"standard","meta":{"footnotes":""},"categories":[1],"tags":[],"class_list":["post-6648","post","type-post","status-publish","format-standard","has-post-thumbnail","hentry","category-non-classe"],"_links":{"self":[{"href":"https:\/\/etab.ac-reunion.fr\/clg-tamarins\/wp-json\/wp\/v2\/posts\/6648","targetHints":{"allow":["GET"]}}],"collection":[{"href":"https:\/\/etab.ac-reunion.fr\/clg-tamarins\/wp-json\/wp\/v2\/posts"}],"about":[{"href":"https:\/\/etab.ac-reunion.fr\/clg-tamarins\/wp-json\/wp\/v2\/types\/post"}],"author":[{"embeddable":true,"href":"https:\/\/etab.ac-reunion.fr\/clg-tamarins\/wp-json\/wp\/v2\/users\/13730"}],"replies":[{"embeddable":true,"href":"https:\/\/etab.ac-reunion.fr\/clg-tamarins\/wp-json\/wp\/v2\/comments?post=6648"}],"version-history":[{"count":2,"href":"https:\/\/etab.ac-reunion.fr\/clg-tamarins\/wp-json\/wp\/v2\/posts\/6648\/revisions"}],"predecessor-version":[{"id":6657,"href":"https:\/\/etab.ac-reunion.fr\/clg-tamarins\/wp-json\/wp\/v2\/posts\/6648\/revisions\/6657"}],"wp:featuredmedia":[{"embeddable":true,"href":"https:\/\/etab.ac-reunion.fr\/clg-tamarins\/wp-json\/wp\/v2\/media\/6652"}],"wp:attachment":[{"href":"https:\/\/etab.ac-reunion.fr\/clg-tamarins\/wp-json\/wp\/v2\/media?parent=6648"}],"wp:term":[{"taxonomy":"category","embeddable":true,"href":"https:\/\/etab.ac-reunion.fr\/clg-tamarins\/wp-json\/wp\/v2\/categories?post=6648"},{"taxonomy":"post_tag","embeddable":true,"href":"https:\/\/etab.ac-reunion.fr\/clg-tamarins\/wp-json\/wp\/v2\/tags?post=6648"}],"curies":[{"name":"wp","href":"https:\/\/api.w.org\/{rel}","templated":true}]}}