{"id":6658,"date":"2017-11-29T07:44:12","date_gmt":"2017-11-29T03:44:12","guid":{"rendered":"http:\/\/college-les-tamarins.ac-reunion.fr\/?p=6658"},"modified":"2017-11-30T11:22:49","modified_gmt":"2017-11-30T07:22:49","slug":"6658","status":"publish","type":"post","link":"https:\/\/etab.ac-reunion.fr\/clg-tamarins\/6658\/","title":{"rendered":"Conseil D\u00e9partemental des Jeunes"},"content":{"rendered":"<p><span style=\"font-family: 'PrimaSans BT,Verdana,sans-serif'\">Vendredi 24\/11\/17, Prudence (3FILAOS) et Laurianne(4HIBISCUS) les 2 d\u00e9l\u00e9gu\u00e9es au Conseil D\u00e9partemental des Jeunes ont assist\u00e9 \u00e0 l&rsquo;assembl\u00e9e pl\u00e9ni\u00e8re du CDJ pour \u00e9lire le pr\u00e9sident pour l&rsquo;ann\u00e9e 2017\/18. <\/span><\/p>\n<p><span style=\"font-family: 'PrimaSans BT,Verdana,sans-serif'\">Cette journ\u00e9e a eu lieu au Conseil D\u00e9partemental \u00e0 Saint Denis au sein de l&rsquo;h\u00e9micycle et s&rsquo;est termin\u00e9e par un cocktail en fin de matin\u00e9e.<br \/>\n<\/span><span style=\"font-family: 'PrimaSans BT,Verdana,sans-serif'\">Le CDJ est une instance qui r\u00e9unit des \u00e9l\u00e8ves de toute l&rsquo;\u00eele pour participer \u00e0 diff\u00e9rentes actions de solidarit\u00e9 en direction de la population sur des th\u00e8mes choisis par les jeunes. <\/span><\/p>\n<p><span style=\"font-family: 'PrimaSans BT,Verdana,sans-serif'\">Tout au long de l&rsquo;ann\u00e9e, Prudence, Laurianne et Sandjay(5PITAYA) travailleront sur ces projets encadr\u00e9s par le CDJ.<br \/>\n<\/span><\/p>\n<p>&nbsp;<\/p>\n<div id=\"su_slider_69f1d5f239367\" class=\"su-slider su-slider-centered su-slider-pages-no su-slider-responsive-yes\" style=\"width:100%\" data-autoplay=\"2500\" data-speed=\"1300\" data-mousewheel=\"false\"><div class=\"su-slider-slides\"><div class=\"su-slider-slide\"><a><img decoding=\"async\" src=\"https:\/\/etab.ac-reunion.fr\/clg-tamarins\/wp-content\/uploads\/sites\/56\/2017\/11\/assembleepleniereCDJvendredi24112017-1.jpg\" alt=\"assembleepleniereCDJvendredi24112017 (1)\" \/><\/a><\/div><div class=\"su-slider-slide\"><a><img decoding=\"async\" src=\"https:\/\/etab.ac-reunion.fr\/clg-tamarins\/wp-content\/uploads\/sites\/56\/2017\/11\/assembleepleniereCDJvendredi24112017-2.jpg\" alt=\"assembleepleniereCDJvendredi24112017 (2)\" \/><\/a><\/div><div class=\"su-slider-slide\"><a><img decoding=\"async\" src=\"https:\/\/etab.ac-reunion.fr\/clg-tamarins\/wp-content\/uploads\/sites\/56\/2017\/11\/assembleepleniereCDJvendredi24112017-3.jpg\" alt=\"assembleepleniereCDJvendredi24112017 (3)\" \/><\/a><\/div><div class=\"su-slider-slide\"><a><img decoding=\"async\" src=\"https:\/\/etab.ac-reunion.fr\/clg-tamarins\/wp-content\/uploads\/sites\/56\/2017\/11\/assembleepleniereCDJvendredi24112017-4.jpg\" alt=\"assembleepleniereCDJvendredi24112017 (4)\" \/><\/a><\/div><\/div><div class=\"su-slider-nav\"><div class=\"su-slider-direction\"><span class=\"su-slider-prev\"><\/span><span class=\"su-slider-next\"><\/span><\/div><div class=\"su-slider-pagination\"><\/div><\/div><\/div>\n<p>&nbsp;<\/p>\n","protected":false},"excerpt":{"rendered":"<p>Vendredi 24\/11\/17, Prudence (3FILAOS) et Laurianne(4HIBISCUS) les 2 d\u00e9l\u00e9gu\u00e9es au Conseil D\u00e9partemental des Jeunes ont assist\u00e9 \u00e0 l&rsquo;assembl\u00e9e pl\u00e9ni\u00e8re du CDJ pour \u00e9lire le pr\u00e9sident pour l&rsquo;ann\u00e9e 2017\/18. Cette journ\u00e9e a eu lieu au Conseil D\u00e9partemental \u00e0 Saint Denis au sein de l&rsquo;h\u00e9micycle et s&rsquo;est termin\u00e9e par un cocktail en\u2026<\/p>\n<p class=\"continue-reading-button\"> <a class=\"continue-reading-link\" href=\"https:\/\/etab.ac-reunion.fr\/clg-tamarins\/6658\/\">Continuer \u00e0 lire<i class=\"crycon-right-dir\"><\/i><\/a><\/p>\n","protected":false},"author":13730,"featured_media":6664,"comment_status":"closed","ping_status":"closed","sticky":false,"template":"","format":"standard","meta":{"footnotes":""},"categories":[1],"tags":[],"class_list":["post-6658","post","type-post","status-publish","format-standard","has-post-thumbnail","hentry","category-non-classe"],"_links":{"self":[{"href":"https:\/\/etab.ac-reunion.fr\/clg-tamarins\/wp-json\/wp\/v2\/posts\/6658","targetHints":{"allow":["GET"]}}],"collection":[{"href":"https:\/\/etab.ac-reunion.fr\/clg-tamarins\/wp-json\/wp\/v2\/posts"}],"about":[{"href":"https:\/\/etab.ac-reunion.fr\/clg-tamarins\/wp-json\/wp\/v2\/types\/post"}],"author":[{"embeddable":true,"href":"https:\/\/etab.ac-reunion.fr\/clg-tamarins\/wp-json\/wp\/v2\/users\/13730"}],"replies":[{"embeddable":true,"href":"https:\/\/etab.ac-reunion.fr\/clg-tamarins\/wp-json\/wp\/v2\/comments?post=6658"}],"version-history":[{"count":3,"href":"https:\/\/etab.ac-reunion.fr\/clg-tamarins\/wp-json\/wp\/v2\/posts\/6658\/revisions"}],"predecessor-version":[{"id":6668,"href":"https:\/\/etab.ac-reunion.fr\/clg-tamarins\/wp-json\/wp\/v2\/posts\/6658\/revisions\/6668"}],"wp:featuredmedia":[{"embeddable":true,"href":"https:\/\/etab.ac-reunion.fr\/clg-tamarins\/wp-json\/wp\/v2\/media\/6664"}],"wp:attachment":[{"href":"https:\/\/etab.ac-reunion.fr\/clg-tamarins\/wp-json\/wp\/v2\/media?parent=6658"}],"wp:term":[{"taxonomy":"category","embeddable":true,"href":"https:\/\/etab.ac-reunion.fr\/clg-tamarins\/wp-json\/wp\/v2\/categories?post=6658"},{"taxonomy":"post_tag","embeddable":true,"href":"https:\/\/etab.ac-reunion.fr\/clg-tamarins\/wp-json\/wp\/v2\/tags?post=6658"}],"curies":[{"name":"wp","href":"https:\/\/api.w.org\/{rel}","templated":true}]}}