{"id":6679,"date":"2017-12-12T07:57:34","date_gmt":"2017-12-12T03:57:34","guid":{"rendered":"http:\/\/college-les-tamarins.ac-reunion.fr\/?p=6679"},"modified":"2018-04-05T10:00:38","modified_gmt":"2018-04-05T06:00:38","slug":"alon-bat-care-a-la-decouverte-de-lile-episode-2","status":"publish","type":"post","link":"https:\/\/etab.ac-reunion.fr\/clg-tamarins\/alon-bat-care-a-la-decouverte-de-lile-episode-2\/","title":{"rendered":"\u00ab Alon bat\u2019 car\u00e9 \u00e0 la d\u00e9couverte de l\u2019\u00eele \u00bb &#8211; \u00c9pisode 2"},"content":{"rendered":"<div class=\"\" style=\"text-align: left\"><\/div>\n<div style=\"text-align: center\">\n<div class=\"\" style=\"text-align: left\">Sur les traces de \u00ab\u00a0Dimitile\u00a0\u00bb (<span class=\"\">Le\u00a0<\/span><span class=\"\">Dimitile<\/span><span class=\"\">\u00a0doit son nom \u00e0 un\u00a0<\/span><span class=\"\">esclave marron<\/span><span class=\"\">\u00a0qui trouva refuge sur le site vers 1730)<\/span>, les 3\u00e8mes FLAMBOYANT et JACARANDA se sont rendus \u00e0 l\u2019Entre-Deux dans le cadre de la 2\u00e8me phase du projet \u00ab\u00a0Alon bat\u2019 car\u00e9, \u00e0 la d\u00e9couverte de l\u2019\u00eele\u00a0\u00bb.<\/div>\n<div style=\"text-align: left\"><\/div>\n<div style=\"text-align: left\"><\/div>\n<div class=\"\" style=\"text-align: left\">Au menu du 2\u00e8me volet, 8km de marche, + de 600 m\u00e8tres de d\u00e9nivel\u00e9 positif, une intervention sur l\u2019esclavage \u00e0 La R\u00e9union par l\u2019association \u00ab\u00a0Capitaine Domicile\u00a0\u00bb.<\/div>\n<div style=\"text-align: left\"><\/div>\n<div style=\"text-align: left\"><\/div>\n<div class=\"\" style=\"text-align: left\">Une bonne journ\u00e9e dans la fra\u00eecheur des hauts, sportive et instructive. Bravo \u00e0 tous !<\/div>\n<div class=\"\" style=\"text-align: left\"><\/div>\n<div style=\"text-align: left\"><\/div>\n<div class=\"\" style=\"text-align: left\">Prochaine et derni\u00e8re \u00e9tape : Mafate et le maloya !!!<\/div>\n<div style=\"text-align: left\"><\/div>\n<div class=\"\"><\/div>\n<div class=\"\" style=\"text-align: left\">L\u2019\u00e9quipe enseignante.<\/div>\n<\/div>\n<div><\/div>\n<div><\/div>\n<div><div id=\"su_slider_69f1d5f84506c\" class=\"su-slider su-slider-centered su-slider-pages-no su-slider-responsive-yes\" style=\"width:100%\" data-autoplay=\"2500\" data-speed=\"1300\" data-mousewheel=\"false\"><div class=\"su-slider-slides\"><div class=\"su-slider-slide\"><a><img decoding=\"async\" src=\"https:\/\/etab.ac-reunion.fr\/clg-tamarins\/wp-content\/uploads\/sites\/56\/2017\/12\/IMG_1502.jpg\" alt=\"IMG_1502\" \/><\/a><\/div><div class=\"su-slider-slide\"><a><img decoding=\"async\" src=\"https:\/\/etab.ac-reunion.fr\/clg-tamarins\/wp-content\/uploads\/sites\/56\/2017\/12\/IMG_1503.jpg\" alt=\"IMG_1503\" \/><\/a><\/div><div class=\"su-slider-slide\"><a><img decoding=\"async\" src=\"https:\/\/etab.ac-reunion.fr\/clg-tamarins\/wp-content\/uploads\/sites\/56\/2017\/12\/IMG_1501.jpg\" alt=\"IMG_1501\" \/><\/a><\/div><div class=\"su-slider-slide\"><a><img decoding=\"async\" src=\"https:\/\/etab.ac-reunion.fr\/clg-tamarins\/wp-content\/uploads\/sites\/56\/2017\/12\/IMG_1521.jpg\" alt=\"IMG_1521\" \/><\/a><\/div><div class=\"su-slider-slide\"><a><img decoding=\"async\" src=\"https:\/\/etab.ac-reunion.fr\/clg-tamarins\/wp-content\/uploads\/sites\/56\/2017\/12\/IMG_1519.jpg\" alt=\"IMG_1519\" \/><\/a><\/div><div class=\"su-slider-slide\"><a><img decoding=\"async\" src=\"https:\/\/etab.ac-reunion.fr\/clg-tamarins\/wp-content\/uploads\/sites\/56\/2017\/12\/IMG_1514.jpg\" alt=\"IMG_1514\" \/><\/a><\/div><div class=\"su-slider-slide\"><a><img decoding=\"async\" src=\"https:\/\/etab.ac-reunion.fr\/clg-tamarins\/wp-content\/uploads\/sites\/56\/2017\/12\/IMG_1513.jpg\" alt=\"IMG_1513\" \/><\/a><\/div><div class=\"su-slider-slide\"><a><img decoding=\"async\" src=\"https:\/\/etab.ac-reunion.fr\/clg-tamarins\/wp-content\/uploads\/sites\/56\/2017\/12\/IMG_1520.jpg\" alt=\"IMG_1520\" \/><\/a><\/div><div class=\"su-slider-slide\"><a><img decoding=\"async\" src=\"https:\/\/etab.ac-reunion.fr\/clg-tamarins\/wp-content\/uploads\/sites\/56\/2017\/12\/IMG_1518.jpg\" alt=\"IMG_1518\" \/><\/a><\/div><div class=\"su-slider-slide\"><a><img decoding=\"async\" src=\"https:\/\/etab.ac-reunion.fr\/clg-tamarins\/wp-content\/uploads\/sites\/56\/2017\/12\/IMG_1515.jpg\" alt=\"IMG_1515\" \/><\/a><\/div><div class=\"su-slider-slide\"><a><img decoding=\"async\" src=\"https:\/\/etab.ac-reunion.fr\/clg-tamarins\/wp-content\/uploads\/sites\/56\/2017\/12\/IMG_1511.jpg\" alt=\"IMG_1511\" \/><\/a><\/div><div class=\"su-slider-slide\"><a><img decoding=\"async\" src=\"https:\/\/etab.ac-reunion.fr\/clg-tamarins\/wp-content\/uploads\/sites\/56\/2017\/12\/IMG_1510.jpg\" alt=\"IMG_1510\" \/><\/a><\/div><\/div><div class=\"su-slider-nav\"><div class=\"su-slider-direction\"><span class=\"su-slider-prev\"><\/span><span class=\"su-slider-next\"><\/span><\/div><div class=\"su-slider-pagination\"><\/div><\/div><\/div><\/div>\n<div><\/div>\n<div><\/div>\n<div><\/div>\n<div><\/div>\n<div class=\"\"><\/div>\n","protected":false},"excerpt":{"rendered":"<p>Sur les traces de \u00ab\u00a0Dimitile\u00a0\u00bb (Le\u00a0Dimitile\u00a0doit son nom \u00e0 un\u00a0esclave marron\u00a0qui trouva refuge sur le site vers 1730), les 3\u00e8mes FLAMBOYANT et JACARANDA se sont rendus \u00e0 l\u2019Entre-Deux dans le cadre de la 2\u00e8me phase du projet \u00ab\u00a0Alon bat\u2019 car\u00e9, \u00e0 la d\u00e9couverte de l\u2019\u00eele\u00a0\u00bb. Au menu du 2\u00e8me volet,\u2026<\/p>\n<p class=\"continue-reading-button\"> <a class=\"continue-reading-link\" href=\"https:\/\/etab.ac-reunion.fr\/clg-tamarins\/alon-bat-care-a-la-decouverte-de-lile-episode-2\/\">Continuer \u00e0 lire<i class=\"crycon-right-dir\"><\/i><\/a><\/p>\n","protected":false},"author":13730,"featured_media":6692,"comment_status":"closed","ping_status":"closed","sticky":false,"template":"","format":"standard","meta":{"footnotes":""},"categories":[1],"tags":[],"class_list":["post-6679","post","type-post","status-publish","format-standard","has-post-thumbnail","hentry","category-non-classe"],"_links":{"self":[{"href":"https:\/\/etab.ac-reunion.fr\/clg-tamarins\/wp-json\/wp\/v2\/posts\/6679","targetHints":{"allow":["GET"]}}],"collection":[{"href":"https:\/\/etab.ac-reunion.fr\/clg-tamarins\/wp-json\/wp\/v2\/posts"}],"about":[{"href":"https:\/\/etab.ac-reunion.fr\/clg-tamarins\/wp-json\/wp\/v2\/types\/post"}],"author":[{"embeddable":true,"href":"https:\/\/etab.ac-reunion.fr\/clg-tamarins\/wp-json\/wp\/v2\/users\/13730"}],"replies":[{"embeddable":true,"href":"https:\/\/etab.ac-reunion.fr\/clg-tamarins\/wp-json\/wp\/v2\/comments?post=6679"}],"version-history":[{"count":8,"href":"https:\/\/etab.ac-reunion.fr\/clg-tamarins\/wp-json\/wp\/v2\/posts\/6679\/revisions"}],"predecessor-version":[{"id":6924,"href":"https:\/\/etab.ac-reunion.fr\/clg-tamarins\/wp-json\/wp\/v2\/posts\/6679\/revisions\/6924"}],"wp:featuredmedia":[{"embeddable":true,"href":"https:\/\/etab.ac-reunion.fr\/clg-tamarins\/wp-json\/wp\/v2\/media\/6692"}],"wp:attachment":[{"href":"https:\/\/etab.ac-reunion.fr\/clg-tamarins\/wp-json\/wp\/v2\/media?parent=6679"}],"wp:term":[{"taxonomy":"category","embeddable":true,"href":"https:\/\/etab.ac-reunion.fr\/clg-tamarins\/wp-json\/wp\/v2\/categories?post=6679"},{"taxonomy":"post_tag","embeddable":true,"href":"https:\/\/etab.ac-reunion.fr\/clg-tamarins\/wp-json\/wp\/v2\/tags?post=6679"}],"curies":[{"name":"wp","href":"https:\/\/api.w.org\/{rel}","templated":true}]}}