{"id":6740,"date":"2017-12-21T08:22:26","date_gmt":"2017-12-21T04:22:26","guid":{"rendered":"http:\/\/college-les-tamarins.ac-reunion.fr\/?p=6740"},"modified":"2018-04-05T10:01:07","modified_gmt":"2018-04-05T06:01:07","slug":"la-tete-et-les-jambes","status":"publish","type":"post","link":"https:\/\/etab.ac-reunion.fr\/clg-tamarins\/la-tete-et-les-jambes\/","title":{"rendered":"LA T\u00caTE ET LES JAMBES"},"content":{"rendered":"<hr \/>\n<p>Le Parcours d\u2019excellence a fait parler cet adage en ce soir du 16 d\u00e9cembre sur le boulevard Hubert de Lisle \u00e0 19H.<\/p>\n<p>Vingt \u00e9l\u00e8ves ont en effet particip\u00e9 aux Foul\u00e9es F\u00e9noir organis\u00e9es par l\u2019Association Coup d\u2019mains depuis 12 ans d\u00e9j\u00e0.<\/p>\n<p>Apr\u00e8s un semestre studieux au coll\u00e8ge, voil\u00e0 nos jeunes lanc\u00e9s sur les 2km du Zazakel\u2026Dans le TOP 10 (sur plus de 200 participants) Nourdine de la 3\u00b0 Flamboyant\u00a0 apr\u00e8s, on peut le souligner, un tournoi de foot dans l\u2019apr\u00e8s midi\u00a0!<\/p>\n<p>Tous (et toutes\u00a0!) se sont d\u00e9pass\u00e9s\u2026., r\u00e9compens\u00e9s \u00e0 l\u2019arriv\u00e9e par une superbe m\u00e9daille. \u00ab\u00a0A refaire, vite l\u2019ann\u00e9e prochaine\u00a0\u00bb scandent certains\u2026.<\/p>\n<p>Ce que ne d\u00e9mentent pas les participants adultes : principal, professeurs, anciens du coll\u00e8ge, fourbus mais \u00ab\u00a0heureux\u00a0\u00bb d\u2019avoir parcouru sans encombre les 9.4 km. Mentions sp\u00e9ciales \u00e0 Gunavathy et Rachida qui, du haut de leur 15ans, ont \u00ab\u00a0accompagn\u00e9 les grands\u00a0\u00bb\u00a0!<\/p>\n<p>Le trio Flamboyant (Olivier, Th\u00e9o et Miguel) a go\u00fbt\u00e9, lui, aux joies du b\u00e9n\u00e9volat en aidant \u00e0 la restitution des dossards \u00e0 l\u2019arriv\u00e9e des quelques 1500 coureurs\u00a0!<\/p>\n<p style=\"text-align: center\"><strong>BRAVO A TOUS\u00a0!!!!!<\/strong><\/p>\n<hr \/>\n<p style=\"text-align: center\"><em>Voici quelques photos de l\u2019\u00e9v\u00e9nement\u2026<\/em><\/p>\n<hr \/>\n<p style=\"text-align: center\"><div id=\"su_slider_69f1d5bec5e5f\" class=\"su-slider su-slider-centered su-slider-pages-no su-slider-responsive-yes\" style=\"width:100%\" data-autoplay=\"2500\" data-speed=\"1300\" data-mousewheel=\"false\"><div class=\"su-slider-slides\"><div class=\"su-slider-slide\"><a><img decoding=\"async\" src=\"https:\/\/etab.ac-reunion.fr\/clg-tamarins\/wp-content\/uploads\/sites\/56\/2017\/12\/Des-\u00e9l\u00e8ves-fin-pr\u00eats.jpg\" alt=\"Des \u00e9l\u00e8ves fin pr\u00eats\" \/><\/a><\/div><div class=\"su-slider-slide\"><a><img decoding=\"async\" src=\"https:\/\/etab.ac-reunion.fr\/clg-tamarins\/wp-content\/uploads\/sites\/56\/2017\/12\/D\u00e9tente-avant-le-grand-d\u00e9part.jpg\" alt=\"SAMSUNG CAMERA PICTURES\" \/><\/a><\/div><div class=\"su-slider-slide\"><a><img decoding=\"async\" src=\"https:\/\/etab.ac-reunion.fr\/clg-tamarins\/wp-content\/uploads\/sites\/56\/2017\/12\/Laquipe-adulte.jpg\" alt=\"L&rsquo;aquipe adulte\" \/><\/a><\/div><div class=\"su-slider-slide\"><a><img decoding=\"async\" src=\"https:\/\/etab.ac-reunion.fr\/clg-tamarins\/wp-content\/uploads\/sites\/56\/2017\/12\/Top-d\u00e9part.jpg\" alt=\"Top d\u00e9part\" \/><\/a><\/div><div class=\"su-slider-slide\"><a><img decoding=\"async\" src=\"https:\/\/etab.ac-reunion.fr\/clg-tamarins\/wp-content\/uploads\/sites\/56\/2017\/12\/Premier-parti...jpg\" alt=\"Premier parti..\" \/><\/a><\/div><div class=\"su-slider-slide\"><a><img decoding=\"async\" src=\"https:\/\/etab.ac-reunion.fr\/clg-tamarins\/wp-content\/uploads\/sites\/56\/2017\/12\/Premier-arriv\u00e9-Nourdine.jpg\" alt=\"Premier arriv\u00e9, Nourdine\" \/><\/a><\/div><div class=\"su-slider-slide\"><a><img decoding=\"async\" src=\"https:\/\/etab.ac-reunion.fr\/clg-tamarins\/wp-content\/uploads\/sites\/56\/2017\/12\/Trio-Flamboyant.jpg\" alt=\"Trio Flamboyant\" \/><\/a><\/div><div class=\"su-slider-slide\"><a><img decoding=\"async\" src=\"https:\/\/etab.ac-reunion.fr\/clg-tamarins\/wp-content\/uploads\/sites\/56\/2017\/12\/Le-trio-en-action.jpg\" alt=\"Le trio en action\" \/><\/a><\/div><\/div><div class=\"su-slider-nav\"><div class=\"su-slider-direction\"><span class=\"su-slider-prev\"><\/span><span class=\"su-slider-next\"><\/span><\/div><div class=\"su-slider-pagination\"><\/div><\/div><\/div>\n<p>&nbsp;<\/p>\n<p>&nbsp;<\/p>\n","protected":false},"excerpt":{"rendered":"<p>Le Parcours d\u2019excellence a fait parler cet adage en ce soir du 16 d\u00e9cembre sur le boulevard Hubert de Lisle \u00e0 19H. Vingt \u00e9l\u00e8ves ont en effet particip\u00e9 aux Foul\u00e9es F\u00e9noir organis\u00e9es par l\u2019Association Coup d\u2019mains depuis 12 ans d\u00e9j\u00e0. Apr\u00e8s un semestre studieux au coll\u00e8ge, voil\u00e0 nos jeunes lanc\u00e9s\u2026<\/p>\n<p class=\"continue-reading-button\"> <a class=\"continue-reading-link\" href=\"https:\/\/etab.ac-reunion.fr\/clg-tamarins\/la-tete-et-les-jambes\/\">Continuer \u00e0 lire<i class=\"crycon-right-dir\"><\/i><\/a><\/p>\n","protected":false},"author":14176,"featured_media":6759,"comment_status":"closed","ping_status":"closed","sticky":false,"template":"","format":"standard","meta":{"footnotes":""},"categories":[1],"tags":[],"class_list":["post-6740","post","type-post","status-publish","format-standard","has-post-thumbnail","hentry","category-non-classe"],"_links":{"self":[{"href":"https:\/\/etab.ac-reunion.fr\/clg-tamarins\/wp-json\/wp\/v2\/posts\/6740","targetHints":{"allow":["GET"]}}],"collection":[{"href":"https:\/\/etab.ac-reunion.fr\/clg-tamarins\/wp-json\/wp\/v2\/posts"}],"about":[{"href":"https:\/\/etab.ac-reunion.fr\/clg-tamarins\/wp-json\/wp\/v2\/types\/post"}],"author":[{"embeddable":true,"href":"https:\/\/etab.ac-reunion.fr\/clg-tamarins\/wp-json\/wp\/v2\/users\/14176"}],"replies":[{"embeddable":true,"href":"https:\/\/etab.ac-reunion.fr\/clg-tamarins\/wp-json\/wp\/v2\/comments?post=6740"}],"version-history":[{"count":16,"href":"https:\/\/etab.ac-reunion.fr\/clg-tamarins\/wp-json\/wp\/v2\/posts\/6740\/revisions"}],"predecessor-version":[{"id":6766,"href":"https:\/\/etab.ac-reunion.fr\/clg-tamarins\/wp-json\/wp\/v2\/posts\/6740\/revisions\/6766"}],"wp:featuredmedia":[{"embeddable":true,"href":"https:\/\/etab.ac-reunion.fr\/clg-tamarins\/wp-json\/wp\/v2\/media\/6759"}],"wp:attachment":[{"href":"https:\/\/etab.ac-reunion.fr\/clg-tamarins\/wp-json\/wp\/v2\/media?parent=6740"}],"wp:term":[{"taxonomy":"category","embeddable":true,"href":"https:\/\/etab.ac-reunion.fr\/clg-tamarins\/wp-json\/wp\/v2\/categories?post=6740"},{"taxonomy":"post_tag","embeddable":true,"href":"https:\/\/etab.ac-reunion.fr\/clg-tamarins\/wp-json\/wp\/v2\/tags?post=6740"}],"curies":[{"name":"wp","href":"https:\/\/api.w.org\/{rel}","templated":true}]}}