{"id":6767,"date":"2018-01-29T08:29:03","date_gmt":"2018-01-29T04:29:03","guid":{"rendered":"http:\/\/college-les-tamarins.ac-reunion.fr\/?p=6767"},"modified":"2024-06-27T09:11:03","modified_gmt":"2024-06-27T05:11:03","slug":"6767","status":"publish","type":"post","link":"https:\/\/etab.ac-reunion.fr\/clg-tamarins\/6767\/","title":{"rendered":"Prestation donn\u00e9e par la section Orchestre A l\u2019\u00c9cole de la 5\u00e8me pitaya"},"content":{"rendered":"<p><span style=\"font-family: 'PrimaSans BT,Verdana,sans-serif'\"><span style=\"font-family: 'PrimaSans BT,Verdana,sans-serif'\">Photos de la prestation donn\u00e9e par la section Orchestre A l&rsquo;Ecole de la 5\u00e8me pitaya lors de l&rsquo;accueil des parents d&rsquo;\u00e9l\u00e8ves de CM2 des \u00e9coles primaires du secteur le lundi 18\/12\/2017.<\/span><\/span><\/p>\n<p><span style=\"font-family: 'PrimaSans BT,Verdana,sans-serif'\"><span style=\"font-family: 'PrimaSans BT,Verdana,sans-serif'\"><br \/>\nEn effet, ce lundi 18\/12\/17, le coll\u00e8ge a ouvert ses portes aux parents d &lsquo;\u00e9l\u00e8ves de CM2 pour leur pr\u00e9senter le fonctionnement de l&rsquo;\u00e9tablissement en vue de la pr\u00e9paration \u00e0 l&rsquo;entr\u00e9e en 6\u00e8me l&rsquo;ann\u00e9e prochaine.<\/span><\/span><\/p>\n<p><span style=\"font-family: 'PrimaSans BT,Verdana,sans-serif'\"><span style=\"font-family: 'PrimaSans BT,Verdana,sans-serif'\"><br \/>\nApr\u00e8s un accueil en musique et une pr\u00e9sentation de M.Forestier le Principal du coll\u00e8ge, les parents ont \u00e9t\u00e9 guid\u00e9s pendant la visite par les \u00e9l\u00e8ves du parcours d&rsquo;excellence et ont pu \u00e9galement assister \u00e0 une pr\u00e9sentation de la section sportive de Judo.<br \/>\nEnviron une cinquantaine de parents ont r\u00e9pondu pr\u00e9sents \u00e0 ce rendez-vous<\/span>.<br \/>\n<\/span><\/p>\n<div id=\"su_slider_69f1d5bcefd72\" class=\"su-slider su-slider-centered su-slider-pages-no su-slider-responsive-yes\" style=\"width:100%\" data-autoplay=\"2500\" data-speed=\"1300\" data-mousewheel=\"false\"><div class=\"su-slider-slides\"><div class=\"su-slider-slide\"><a><img decoding=\"async\" src=\"https:\/\/etab.ac-reunion.fr\/clg-tamarins\/wp-content\/uploads\/sites\/56\/2018\/01\/04.jpg\" alt=\"04\" \/><\/a><\/div><div class=\"su-slider-slide\"><a><img decoding=\"async\" src=\"https:\/\/etab.ac-reunion.fr\/clg-tamarins\/wp-content\/uploads\/sites\/56\/2018\/01\/2.jpg\" alt=\"2\" \/><\/a><\/div><div class=\"su-slider-slide\"><a><img decoding=\"async\" src=\"https:\/\/etab.ac-reunion.fr\/clg-tamarins\/wp-content\/uploads\/sites\/56\/2018\/01\/1.jpg\" alt=\"1\" \/><\/a><\/div><\/div><div class=\"su-slider-nav\"><div class=\"su-slider-direction\"><span class=\"su-slider-prev\"><\/span><span class=\"su-slider-next\"><\/span><\/div><div class=\"su-slider-pagination\"><\/div><\/div><\/div>\n<p>&nbsp;<\/p>\n","protected":false},"excerpt":{"rendered":"<p>Photos de la prestation donn\u00e9e par la section Orchestre A l&rsquo;Ecole de la 5\u00e8me pitaya lors de l&rsquo;accueil des parents d&rsquo;\u00e9l\u00e8ves de CM2 des \u00e9coles primaires du secteur le lundi 18\/12\/2017. En effet, ce lundi 18\/12\/17, le coll\u00e8ge a ouvert ses portes aux parents d &lsquo;\u00e9l\u00e8ves de CM2 pour leur\u2026<\/p>\n<p class=\"continue-reading-button\"> <a class=\"continue-reading-link\" href=\"https:\/\/etab.ac-reunion.fr\/clg-tamarins\/6767\/\">Continuer \u00e0 lire<i class=\"crycon-right-dir\"><\/i><\/a><\/p>\n","protected":false},"author":13730,"featured_media":6769,"comment_status":"closed","ping_status":"closed","sticky":false,"template":"","format":"standard","meta":{"footnotes":""},"categories":[11,1],"tags":[],"class_list":["post-6767","post","type-post","status-publish","format-standard","has-post-thumbnail","hentry","category-optionorchestre","category-non-classe"],"_links":{"self":[{"href":"https:\/\/etab.ac-reunion.fr\/clg-tamarins\/wp-json\/wp\/v2\/posts\/6767","targetHints":{"allow":["GET"]}}],"collection":[{"href":"https:\/\/etab.ac-reunion.fr\/clg-tamarins\/wp-json\/wp\/v2\/posts"}],"about":[{"href":"https:\/\/etab.ac-reunion.fr\/clg-tamarins\/wp-json\/wp\/v2\/types\/post"}],"author":[{"embeddable":true,"href":"https:\/\/etab.ac-reunion.fr\/clg-tamarins\/wp-json\/wp\/v2\/users\/13730"}],"replies":[{"embeddable":true,"href":"https:\/\/etab.ac-reunion.fr\/clg-tamarins\/wp-json\/wp\/v2\/comments?post=6767"}],"version-history":[{"count":8,"href":"https:\/\/etab.ac-reunion.fr\/clg-tamarins\/wp-json\/wp\/v2\/posts\/6767\/revisions"}],"predecessor-version":[{"id":6829,"href":"https:\/\/etab.ac-reunion.fr\/clg-tamarins\/wp-json\/wp\/v2\/posts\/6767\/revisions\/6829"}],"wp:featuredmedia":[{"embeddable":true,"href":"https:\/\/etab.ac-reunion.fr\/clg-tamarins\/wp-json\/wp\/v2\/media\/6769"}],"wp:attachment":[{"href":"https:\/\/etab.ac-reunion.fr\/clg-tamarins\/wp-json\/wp\/v2\/media?parent=6767"}],"wp:term":[{"taxonomy":"category","embeddable":true,"href":"https:\/\/etab.ac-reunion.fr\/clg-tamarins\/wp-json\/wp\/v2\/categories?post=6767"},{"taxonomy":"post_tag","embeddable":true,"href":"https:\/\/etab.ac-reunion.fr\/clg-tamarins\/wp-json\/wp\/v2\/tags?post=6767"}],"curies":[{"name":"wp","href":"https:\/\/api.w.org\/{rel}","templated":true}]}}