{"id":6832,"date":"2018-03-01T15:06:37","date_gmt":"2018-03-01T11:06:37","guid":{"rendered":"http:\/\/college-les-tamarins.ac-reunion.fr\/?p=6832"},"modified":"2018-04-03T17:30:11","modified_gmt":"2018-04-03T13:30:11","slug":"rencontre-entre-street-art-et-tamarins","status":"publish","type":"post","link":"https:\/\/etab.ac-reunion.fr\/clg-tamarins\/rencontre-entre-street-art-et-tamarins\/","title":{"rendered":"Rencontre entre Street Art et Tamarins"},"content":{"rendered":"<p>&nbsp;<\/p>\n<p><img loading=\"lazy\" decoding=\"async\" class=\"aligncenter wp-image-6852 size-full\" src=\"https:\/\/etab.ac-reunion.fr\/clg-tamarins\/wp-content\/uploads\/sites\/56\/2018\/03\/Screenshot-2018-3-1-2000px-\u00d7-400px-\u2013-Street-Art.png\" alt=\"\" width=\"1440\" height=\"285\" srcset=\"https:\/\/etab.ac-reunion.fr\/clg-tamarins\/wp-content\/uploads\/sites\/56\/2018\/03\/Screenshot-2018-3-1-2000px-\u00d7-400px-\u2013-Street-Art.png 1440w, https:\/\/etab.ac-reunion.fr\/clg-tamarins\/wp-content\/uploads\/sites\/56\/2018\/03\/Screenshot-2018-3-1-2000px-\u00d7-400px-\u2013-Street-Art-300x59.png 300w, https:\/\/etab.ac-reunion.fr\/clg-tamarins\/wp-content\/uploads\/sites\/56\/2018\/03\/Screenshot-2018-3-1-2000px-\u00d7-400px-\u2013-Street-Art-1024x203.png 1024w, https:\/\/etab.ac-reunion.fr\/clg-tamarins\/wp-content\/uploads\/sites\/56\/2018\/03\/Screenshot-2018-3-1-2000px-\u00d7-400px-\u2013-Street-Art-150x30.png 150w\" sizes=\"auto, (max-width: 1440px) 100vw, 1440px\" \/><\/p>\n<p>Nos 4\u00e8me Hibiscus et trois \u00e9l\u00e8ves du Parcours d\u2019excellence sont all\u00e9s visiter une exposition de Street Art dans une galerie d\u2019Art du centre ville de Saint-Pierre LA KAZ BLANCHE le 19 d\u00e9cembre 2017.<\/p>\n<p>En bons \u00ab\u00a0streetartphiles\u00a0\u00bb qu\u2019ils sont, nos \u00e9l\u00e8ves travaillent sur cette th\u00e9matique dans le cadre de leur EPI sur l\u2019histoire litt\u00e9raire et artistique de la R\u00e9union. \u00a0Ils ont d\u00e9couvert \u00e0 travers cette exposition une technique picturale soit la peinture portraitiste \u00e0 la bombe. Gr\u00e2ce \u00e0 la visite guid\u00e9e men\u00e9e par l\u2019artiste SEPT lui-m\u00eame, ils ont pu appr\u00e9hender les codes de lecture d\u2019une \u0153uvre d\u2019art mais aussi, proposer leurs ressentis et les \u00ab\u00a0vivre\u00a0\u00bb.<\/p>\n<p>Cette seconde visite fait \u00e9cho \u00e0 la premi\u00e8re qui a eu lieu le 28 novembre 2017 \u00e0 la galerie VERY YES \u00a0de Saint-Pierre (attenante \u00e0 l\u2019usine \u00e0 Gouzou). Ce lieu est aussi une r\u00e9sidence d\u2019artistes.<\/p>\n<p>Dans cette pr\u00e9sentation, nos \u00e9l\u00e8ves ont vu plusieurs \u0153uvres de diff\u00e9rents \u00a0artistes : CART\u20191, ZEPHA et RESO originaires de la M\u00e9tropole.<\/p>\n<hr \/>\n<p style=\"text-align: center\"><span style=\"text-decoration: underline\"><strong><em>GALERIE LA KAZ BLANCHE<\/em><\/strong><\/span><\/p>\n<div id=\"su_carousel_69f1d5bc8dcc1\" class=\"su-carousel su-carousel-centered su-carousel-pages-no su-carousel-responsive-yes su-lightbox-gallery\" style=\"width:100%\" data-autoplay=\"3000\" data-speed=\"300\" data-mousewheel=\"true\" data-items=\"3\" data-scroll=\"1\"><div class=\"su-carousel-slides\"><div class=\"su-carousel-slide\"><a href=\"https:\/\/etab.ac-reunion.fr\/clg-tamarins\/wp-content\/uploads\/sites\/56\/2018\/03\/Kaz-blanche1.jpg\" title=\"SAMSUNG CAMERA PICTURES\"><img decoding=\"async\" src=\"https:\/\/etab.ac-reunion.fr\/clg-tamarins\/wp-content\/uploads\/sites\/56\/2018\/03\/Kaz-blanche1.jpg\" alt=\"SAMSUNG CAMERA PICTURES\" \/><\/a><\/div><div class=\"su-carousel-slide\"><a href=\"https:\/\/etab.ac-reunion.fr\/clg-tamarins\/wp-content\/uploads\/sites\/56\/2018\/03\/kaz-blanche-3.jpg\" title=\"SAMSUNG CAMERA PICTURES\"><img decoding=\"async\" src=\"https:\/\/etab.ac-reunion.fr\/clg-tamarins\/wp-content\/uploads\/sites\/56\/2018\/03\/kaz-blanche-3.jpg\" alt=\"SAMSUNG CAMERA PICTURES\" \/><\/a><\/div><div class=\"su-carousel-slide\"><a href=\"https:\/\/etab.ac-reunion.fr\/clg-tamarins\/wp-content\/uploads\/sites\/56\/2018\/03\/kaz-blanche-2.jpg\" title=\"SAMSUNG CAMERA PICTURES\"><img decoding=\"async\" src=\"https:\/\/etab.ac-reunion.fr\/clg-tamarins\/wp-content\/uploads\/sites\/56\/2018\/03\/kaz-blanche-2.jpg\" alt=\"SAMSUNG CAMERA PICTURES\" \/><\/a><\/div><\/div><div class=\"su-carousel-nav\"><div class=\"su-carousel-direction\"><span class=\"su-carousel-prev\"><\/span><span class=\"su-carousel-next\"><\/span><\/div><div class=\"su-carousel-pagination\"><\/div><\/div><\/div>\n<p>&nbsp;<\/p>\n<hr \/>\n<p style=\"text-align: center\"><span style=\"text-decoration: underline\"><strong><em>GALERIE VERY YES<\/em><\/strong><\/span><\/p>\n<div id=\"su_carousel_69f1d5bc993c4\" class=\"su-carousel su-carousel-centered su-carousel-pages-no su-carousel-responsive-yes su-lightbox-gallery\" style=\"width:100%\" data-autoplay=\"3000\" data-speed=\"300\" data-mousewheel=\"true\" data-items=\"7\" data-scroll=\"1\"><div class=\"su-carousel-slides\"><div class=\"su-carousel-slide\"><a href=\"https:\/\/etab.ac-reunion.fr\/clg-tamarins\/wp-content\/uploads\/sites\/56\/2018\/03\/VERY-YES-1.jpg\" title=\"VERY YES 1\"><img decoding=\"async\" src=\"https:\/\/etab.ac-reunion.fr\/clg-tamarins\/wp-content\/uploads\/sites\/56\/2018\/03\/VERY-YES-1.jpg\" alt=\"VERY YES 1\" \/><\/a><\/div><div class=\"su-carousel-slide\"><a href=\"https:\/\/etab.ac-reunion.fr\/clg-tamarins\/wp-content\/uploads\/sites\/56\/2018\/03\/VERY-YES-2.jpg\" title=\"VERY YES 2\"><img decoding=\"async\" src=\"https:\/\/etab.ac-reunion.fr\/clg-tamarins\/wp-content\/uploads\/sites\/56\/2018\/03\/VERY-YES-2.jpg\" alt=\"VERY YES 2\" \/><\/a><\/div><div class=\"su-carousel-slide\"><a href=\"https:\/\/etab.ac-reunion.fr\/clg-tamarins\/wp-content\/uploads\/sites\/56\/2018\/03\/VERY-YES-3.jpg\" title=\"VERY YES 3\"><img decoding=\"async\" src=\"https:\/\/etab.ac-reunion.fr\/clg-tamarins\/wp-content\/uploads\/sites\/56\/2018\/03\/VERY-YES-3.jpg\" alt=\"VERY YES 3\" \/><\/a><\/div><div class=\"su-carousel-slide\"><a href=\"https:\/\/etab.ac-reunion.fr\/clg-tamarins\/wp-content\/uploads\/sites\/56\/2018\/03\/VERY-YES-4.jpg\" title=\"VERY YES 4\"><img decoding=\"async\" src=\"https:\/\/etab.ac-reunion.fr\/clg-tamarins\/wp-content\/uploads\/sites\/56\/2018\/03\/VERY-YES-4.jpg\" alt=\"VERY YES 4\" \/><\/a><\/div><div class=\"su-carousel-slide\"><a href=\"https:\/\/etab.ac-reunion.fr\/clg-tamarins\/wp-content\/uploads\/sites\/56\/2018\/03\/VERY-YES-5.jpg\" title=\"VERY YES 5\"><img decoding=\"async\" src=\"https:\/\/etab.ac-reunion.fr\/clg-tamarins\/wp-content\/uploads\/sites\/56\/2018\/03\/VERY-YES-5.jpg\" alt=\"VERY YES 5\" \/><\/a><\/div><div class=\"su-carousel-slide\"><a href=\"https:\/\/etab.ac-reunion.fr\/clg-tamarins\/wp-content\/uploads\/sites\/56\/2018\/03\/VERY-YES-6.jpg\" title=\"VERY YES 6\"><img decoding=\"async\" src=\"https:\/\/etab.ac-reunion.fr\/clg-tamarins\/wp-content\/uploads\/sites\/56\/2018\/03\/VERY-YES-6.jpg\" alt=\"VERY YES 6\" \/><\/a><\/div><div class=\"su-carousel-slide\"><a href=\"https:\/\/etab.ac-reunion.fr\/clg-tamarins\/wp-content\/uploads\/sites\/56\/2018\/03\/VERY-YES-7.jpg\" title=\"VERY YES 7\"><img decoding=\"async\" src=\"https:\/\/etab.ac-reunion.fr\/clg-tamarins\/wp-content\/uploads\/sites\/56\/2018\/03\/VERY-YES-7.jpg\" alt=\"VERY YES 7\" \/><\/a><\/div><\/div><div class=\"su-carousel-nav\"><div class=\"su-carousel-direction\"><span class=\"su-carousel-prev\"><\/span><span class=\"su-carousel-next\"><\/span><\/div><div class=\"su-carousel-pagination\"><\/div><\/div><\/div>\n<p>&nbsp;<\/p>\n","protected":false},"excerpt":{"rendered":"<p>&nbsp; Nos 4\u00e8me Hibiscus et trois \u00e9l\u00e8ves du Parcours d\u2019excellence sont all\u00e9s visiter une exposition de Street Art dans une galerie d\u2019Art du centre ville de Saint-Pierre LA KAZ BLANCHE le 19 d\u00e9cembre 2017. En bons \u00ab\u00a0streetartphiles\u00a0\u00bb qu\u2019ils sont, nos \u00e9l\u00e8ves travaillent sur cette th\u00e9matique dans le cadre de leur\u2026<\/p>\n<p class=\"continue-reading-button\"> <a class=\"continue-reading-link\" href=\"https:\/\/etab.ac-reunion.fr\/clg-tamarins\/rencontre-entre-street-art-et-tamarins\/\">Continuer \u00e0 lire<i class=\"crycon-right-dir\"><\/i><\/a><\/p>\n","protected":false},"author":14176,"featured_media":6850,"comment_status":"closed","ping_status":"closed","sticky":false,"template":"","format":"standard","meta":{"footnotes":""},"categories":[1],"tags":[],"class_list":["post-6832","post","type-post","status-publish","format-standard","has-post-thumbnail","hentry","category-non-classe"],"_links":{"self":[{"href":"https:\/\/etab.ac-reunion.fr\/clg-tamarins\/wp-json\/wp\/v2\/posts\/6832","targetHints":{"allow":["GET"]}}],"collection":[{"href":"https:\/\/etab.ac-reunion.fr\/clg-tamarins\/wp-json\/wp\/v2\/posts"}],"about":[{"href":"https:\/\/etab.ac-reunion.fr\/clg-tamarins\/wp-json\/wp\/v2\/types\/post"}],"author":[{"embeddable":true,"href":"https:\/\/etab.ac-reunion.fr\/clg-tamarins\/wp-json\/wp\/v2\/users\/14176"}],"replies":[{"embeddable":true,"href":"https:\/\/etab.ac-reunion.fr\/clg-tamarins\/wp-json\/wp\/v2\/comments?post=6832"}],"version-history":[{"count":8,"href":"https:\/\/etab.ac-reunion.fr\/clg-tamarins\/wp-json\/wp\/v2\/posts\/6832\/revisions"}],"predecessor-version":[{"id":6905,"href":"https:\/\/etab.ac-reunion.fr\/clg-tamarins\/wp-json\/wp\/v2\/posts\/6832\/revisions\/6905"}],"wp:featuredmedia":[{"embeddable":true,"href":"https:\/\/etab.ac-reunion.fr\/clg-tamarins\/wp-json\/wp\/v2\/media\/6850"}],"wp:attachment":[{"href":"https:\/\/etab.ac-reunion.fr\/clg-tamarins\/wp-json\/wp\/v2\/media?parent=6832"}],"wp:term":[{"taxonomy":"category","embeddable":true,"href":"https:\/\/etab.ac-reunion.fr\/clg-tamarins\/wp-json\/wp\/v2\/categories?post=6832"},{"taxonomy":"post_tag","embeddable":true,"href":"https:\/\/etab.ac-reunion.fr\/clg-tamarins\/wp-json\/wp\/v2\/tags?post=6832"}],"curies":[{"name":"wp","href":"https:\/\/api.w.org\/{rel}","templated":true}]}}