{"id":7075,"date":"2018-04-25T10:52:02","date_gmt":"2018-04-25T06:52:02","guid":{"rendered":"http:\/\/college-les-tamarins.ac-reunion.fr\/?p=7075"},"modified":"2018-04-25T11:11:42","modified_gmt":"2018-04-25T07:11:42","slug":"planning-oral-blanc-dnb-3eme-lundi-30-avril-2018","status":"publish","type":"post","link":"https:\/\/etab.ac-reunion.fr\/clg-tamarins\/planning-oral-blanc-dnb-3eme-lundi-30-avril-2018\/","title":{"rendered":"Planning Oral Blanc DNB 3\u00e8me &#8211; LUNDI 30 AVRIL 2018"},"content":{"rendered":"<p>NOUVEAU &#8211; IMPORTANT ORAL BLANC DNB 3\u00e8me<br \/>\nSuite \u00e0 la fermeture des \u00e9tablissements scolaires mardi 24 avril 2018, l&rsquo;oral blanc du DNB est report\u00e9 au lundi 30 avril apr\u00e8s-midi.<br \/>\nLes cours pour les classes de 6\u00e8me, 5\u00e8me et 4\u00e8me sont annul\u00e9s cette apr\u00e8s-midi-l\u00e0.<\/p>\n","protected":false},"excerpt":{"rendered":"<p>NOUVEAU &#8211; IMPORTANT ORAL BLANC DNB 3\u00e8me Suite \u00e0 la fermeture des \u00e9tablissements scolaires mardi 24 avril 2018, l&rsquo;oral blanc du DNB est report\u00e9 au lundi 30 avril apr\u00e8s-midi. Les cours pour les classes de 6\u00e8me, 5\u00e8me et 4\u00e8me sont annul\u00e9s cette apr\u00e8s-midi-l\u00e0.<\/p>\n<p class=\"continue-reading-button\"> <a class=\"continue-reading-link\" href=\"https:\/\/etab.ac-reunion.fr\/clg-tamarins\/planning-oral-blanc-dnb-3eme-lundi-30-avril-2018\/\">Continuer \u00e0 lire<i class=\"crycon-right-dir\"><\/i><\/a><\/p>\n","protected":false},"author":14176,"featured_media":7080,"comment_status":"closed","ping_status":"closed","sticky":false,"template":"","format":"standard","meta":{"footnotes":""},"categories":[272,1],"tags":[],"class_list":["post-7075","post","type-post","status-publish","format-standard","has-post-thumbnail","hentry","category-important","category-non-classe"],"_links":{"self":[{"href":"https:\/\/etab.ac-reunion.fr\/clg-tamarins\/wp-json\/wp\/v2\/posts\/7075","targetHints":{"allow":["GET"]}}],"collection":[{"href":"https:\/\/etab.ac-reunion.fr\/clg-tamarins\/wp-json\/wp\/v2\/posts"}],"about":[{"href":"https:\/\/etab.ac-reunion.fr\/clg-tamarins\/wp-json\/wp\/v2\/types\/post"}],"author":[{"embeddable":true,"href":"https:\/\/etab.ac-reunion.fr\/clg-tamarins\/wp-json\/wp\/v2\/users\/14176"}],"replies":[{"embeddable":true,"href":"https:\/\/etab.ac-reunion.fr\/clg-tamarins\/wp-json\/wp\/v2\/comments?post=7075"}],"version-history":[{"count":1,"href":"https:\/\/etab.ac-reunion.fr\/clg-tamarins\/wp-json\/wp\/v2\/posts\/7075\/revisions"}],"predecessor-version":[{"id":7077,"href":"https:\/\/etab.ac-reunion.fr\/clg-tamarins\/wp-json\/wp\/v2\/posts\/7075\/revisions\/7077"}],"wp:featuredmedia":[{"embeddable":true,"href":"https:\/\/etab.ac-reunion.fr\/clg-tamarins\/wp-json\/wp\/v2\/media\/7080"}],"wp:attachment":[{"href":"https:\/\/etab.ac-reunion.fr\/clg-tamarins\/wp-json\/wp\/v2\/media?parent=7075"}],"wp:term":[{"taxonomy":"category","embeddable":true,"href":"https:\/\/etab.ac-reunion.fr\/clg-tamarins\/wp-json\/wp\/v2\/categories?post=7075"},{"taxonomy":"post_tag","embeddable":true,"href":"https:\/\/etab.ac-reunion.fr\/clg-tamarins\/wp-json\/wp\/v2\/tags?post=7075"}],"curies":[{"name":"wp","href":"https:\/\/api.w.org\/{rel}","templated":true}]}}