{"id":7083,"date":"2018-06-11T09:50:27","date_gmt":"2018-06-11T05:50:27","guid":{"rendered":"http:\/\/college-les-tamarins.ac-reunion.fr\/?p=7083"},"modified":"2018-07-09T08:28:30","modified_gmt":"2018-07-09T04:28:30","slug":"sortie-front-de-mer-de-saint-pierre","status":"publish","type":"post","link":"https:\/\/etab.ac-reunion.fr\/clg-tamarins\/sortie-front-de-mer-de-saint-pierre\/","title":{"rendered":"Sortie Front de mer de Saint-Pierre."},"content":{"rendered":"<h4><span style=\"font-family: 'PrimaSans BT,Verdana,sans-serif'\"><span style=\"text-decoration: underline\">Sortie avec la sixi\u00e8me safran le jeudi 31 mai 2018 :<\/span> <\/span><\/h4>\n<p>\u00ab Dans le cadre d\u2019une s\u00e9quence en g\u00e9ographie -habiter un littoral- nous sommes all\u00e9s sur le front de mer de Saint-Pierre. Nous avons compl\u00e9t\u00e9 un croquis et revu des mots-cl\u00e9s comme le littoral, le lagon, le front de mer et le centre-ville. Pour finir, nous avons pris un go\u00fbter \u00e0 l\u2019ombre.<br \/>\nUn grand merci \u00e0 M. Bayle de nous avoir accompagn\u00e9s.<br \/>\nMme Dami et les \u00e9l\u00e8ves de la 6eme Safran \u00bb<\/p>\n<hr \/>\n<h5 style=\"text-align: center\"><span style=\"text-decoration: underline\"><em>Voici quelques photos<\/em><\/span><\/h5>\n<hr \/>\n<div class=\"su-custom-gallery su-custom-gallery-align-left su-custom-gallery-title-never su-lightbox-gallery\"><div class=\"su-custom-gallery-slide\" style=\"width:182px;height:182px\"><a href=\"https:\/\/etab.ac-reunion.fr\/clg-tamarins\/wp-content\/uploads\/sites\/56\/2018\/06\/IMG_2847.jpg\" title=\"IMG_2847\"><img loading=\"lazy\" decoding=\"async\" src=\"https:\/\/etab.ac-reunion.fr\/clg-tamarins\/wp-content\/uploads\/sites\/56\/2018\/06\/IMG_2847.jpg\" alt=\"IMG_2847\" width=\"182\" height=\"182\" \/><span class=\"su-custom-gallery-title\">IMG_2847<\/span><\/a><\/div><div class=\"su-custom-gallery-slide\" style=\"width:182px;height:182px\"><a href=\"https:\/\/etab.ac-reunion.fr\/clg-tamarins\/wp-content\/uploads\/sites\/56\/2018\/06\/IMG_2848.jpg\" title=\"IMG_2848\"><img loading=\"lazy\" decoding=\"async\" src=\"https:\/\/etab.ac-reunion.fr\/clg-tamarins\/wp-content\/uploads\/sites\/56\/2018\/06\/IMG_2848.jpg\" alt=\"IMG_2848\" width=\"182\" height=\"182\" \/><span class=\"su-custom-gallery-title\">IMG_2848<\/span><\/a><\/div><div class=\"su-custom-gallery-slide\" style=\"width:182px;height:182px\"><a href=\"https:\/\/etab.ac-reunion.fr\/clg-tamarins\/wp-content\/uploads\/sites\/56\/2018\/06\/IMG_2849.jpg\" title=\"IMG_2849\"><img loading=\"lazy\" decoding=\"async\" src=\"https:\/\/etab.ac-reunion.fr\/clg-tamarins\/wp-content\/uploads\/sites\/56\/2018\/06\/IMG_2849.jpg\" alt=\"IMG_2849\" width=\"182\" height=\"182\" \/><span class=\"su-custom-gallery-title\">IMG_2849<\/span><\/a><\/div><div class=\"su-custom-gallery-slide\" style=\"width:182px;height:182px\"><a href=\"https:\/\/etab.ac-reunion.fr\/clg-tamarins\/wp-content\/uploads\/sites\/56\/2018\/06\/IMG_2850.jpg\" title=\"IMG_2850\"><img loading=\"lazy\" decoding=\"async\" src=\"https:\/\/etab.ac-reunion.fr\/clg-tamarins\/wp-content\/uploads\/sites\/56\/2018\/06\/IMG_2850.jpg\" alt=\"IMG_2850\" width=\"182\" height=\"182\" \/><span class=\"su-custom-gallery-title\">IMG_2850<\/span><\/a><\/div><div class=\"su-clear\"><\/div><\/div>\n","protected":false},"excerpt":{"rendered":"<p>Sortie avec la sixi\u00e8me safran le jeudi 31 mai 2018 : \u00ab Dans le cadre d\u2019une s\u00e9quence en g\u00e9ographie -habiter un littoral- nous sommes all\u00e9s sur le front de mer de Saint-Pierre. Nous avons compl\u00e9t\u00e9 un croquis et revu des mots-cl\u00e9s comme le littoral, le lagon, le front de mer\u2026<\/p>\n<p class=\"continue-reading-button\"> <a class=\"continue-reading-link\" href=\"https:\/\/etab.ac-reunion.fr\/clg-tamarins\/sortie-front-de-mer-de-saint-pierre\/\">Continuer \u00e0 lire<i class=\"crycon-right-dir\"><\/i><\/a><\/p>\n","protected":false},"author":13730,"featured_media":7086,"comment_status":"closed","ping_status":"closed","sticky":false,"template":"","format":"standard","meta":{"footnotes":""},"categories":[272,1],"tags":[],"class_list":["post-7083","post","type-post","status-publish","format-standard","has-post-thumbnail","hentry","category-important","category-non-classe"],"_links":{"self":[{"href":"https:\/\/etab.ac-reunion.fr\/clg-tamarins\/wp-json\/wp\/v2\/posts\/7083","targetHints":{"allow":["GET"]}}],"collection":[{"href":"https:\/\/etab.ac-reunion.fr\/clg-tamarins\/wp-json\/wp\/v2\/posts"}],"about":[{"href":"https:\/\/etab.ac-reunion.fr\/clg-tamarins\/wp-json\/wp\/v2\/types\/post"}],"author":[{"embeddable":true,"href":"https:\/\/etab.ac-reunion.fr\/clg-tamarins\/wp-json\/wp\/v2\/users\/13730"}],"replies":[{"embeddable":true,"href":"https:\/\/etab.ac-reunion.fr\/clg-tamarins\/wp-json\/wp\/v2\/comments?post=7083"}],"version-history":[{"count":4,"href":"https:\/\/etab.ac-reunion.fr\/clg-tamarins\/wp-json\/wp\/v2\/posts\/7083\/revisions"}],"predecessor-version":[{"id":7153,"href":"https:\/\/etab.ac-reunion.fr\/clg-tamarins\/wp-json\/wp\/v2\/posts\/7083\/revisions\/7153"}],"wp:featuredmedia":[{"embeddable":true,"href":"https:\/\/etab.ac-reunion.fr\/clg-tamarins\/wp-json\/wp\/v2\/media\/7086"}],"wp:attachment":[{"href":"https:\/\/etab.ac-reunion.fr\/clg-tamarins\/wp-json\/wp\/v2\/media?parent=7083"}],"wp:term":[{"taxonomy":"category","embeddable":true,"href":"https:\/\/etab.ac-reunion.fr\/clg-tamarins\/wp-json\/wp\/v2\/categories?post=7083"},{"taxonomy":"post_tag","embeddable":true,"href":"https:\/\/etab.ac-reunion.fr\/clg-tamarins\/wp-json\/wp\/v2\/tags?post=7083"}],"curies":[{"name":"wp","href":"https:\/\/api.w.org\/{rel}","templated":true}]}}