{"id":7207,"date":"2018-11-15T08:48:55","date_gmt":"2018-11-15T04:48:55","guid":{"rendered":"http:\/\/college-les-tamarins.ac-reunion.fr\/?p=7207"},"modified":"2018-11-15T20:22:56","modified_gmt":"2018-11-15T16:22:56","slug":"cloture-du-festival-la-grande-guerre-et-les-outre-mer-par-la-venue-du-sous-prefet-lucien-giudicelli","status":"publish","type":"post","link":"https:\/\/etab.ac-reunion.fr\/clg-tamarins\/cloture-du-festival-la-grande-guerre-et-les-outre-mer-par-la-venue-du-sous-prefet-lucien-giudicelli\/","title":{"rendered":"Cl\u00f4ture du festival la Grande Guerre et les outre-mer par la venue du Sous-pr\u00e9fet Lucien Giudicelli."},"content":{"rendered":"<p>Cette exposition qui avait pour but de montrer les travaux r\u00e9alis\u00e9s dans l&rsquo;acad\u00e9mie apr\u00e8s 4 ann\u00e9es de comm\u00e9moration.<br \/>\nElle a connu un franc succ\u00e8s. Pr\u00e8s de 700 \u00e9l\u00e8ves (\u00e9coliers, coll\u00e9giens, lyc\u00e9ens de la commune, de Saint-Andr\u00e9 et de Saint-Denis) ont pu voir la collection de Constant Planque, travailler avec les tables num\u00e9riques de l&rsquo; Iconoth\u00e8que, observer les maquettes des tranch\u00e9es et la \u00ab\u00a0tranch\u00e9e grandeur nature\u00a0\u00bb r\u00e9alis\u00e9e par le coll\u00e8ge de Mille Roche.<\/p>\n<div class=\"su-custom-gallery su-custom-gallery-align-left su-custom-gallery-title-never su-lightbox-gallery\"><div class=\"su-custom-gallery-slide\" style=\"width:150px;height:150px\"><a href=\"https:\/\/etab.ac-reunion.fr\/clg-tamarins\/wp-content\/uploads\/sites\/56\/2018\/11\/09-1.jpg\" title=\"09\"><img loading=\"lazy\" decoding=\"async\" src=\"https:\/\/etab.ac-reunion.fr\/clg-tamarins\/wp-content\/uploads\/sites\/56\/2018\/11\/09-1.jpg\" alt=\"09\" width=\"150\" height=\"150\" \/><span class=\"su-custom-gallery-title\">09<\/span><\/a><\/div><div class=\"su-custom-gallery-slide\" style=\"width:150px;height:150px\"><a href=\"https:\/\/etab.ac-reunion.fr\/clg-tamarins\/wp-content\/uploads\/sites\/56\/2018\/11\/05-1.jpg\" title=\"05\"><img loading=\"lazy\" decoding=\"async\" src=\"https:\/\/etab.ac-reunion.fr\/clg-tamarins\/wp-content\/uploads\/sites\/56\/2018\/11\/05-1.jpg\" alt=\"05\" width=\"150\" height=\"150\" \/><span class=\"su-custom-gallery-title\">05<\/span><\/a><\/div><div class=\"su-custom-gallery-slide\" style=\"width:150px;height:150px\"><a href=\"https:\/\/etab.ac-reunion.fr\/clg-tamarins\/wp-content\/uploads\/sites\/56\/2018\/11\/04-1.jpg\" title=\"04\"><img loading=\"lazy\" decoding=\"async\" src=\"https:\/\/etab.ac-reunion.fr\/clg-tamarins\/wp-content\/uploads\/sites\/56\/2018\/11\/04-1.jpg\" alt=\"04\" width=\"150\" height=\"150\" \/><span class=\"su-custom-gallery-title\">04<\/span><\/a><\/div><div class=\"su-clear\"><\/div><\/div>\n<div class=\"su-custom-gallery su-custom-gallery-align-left su-custom-gallery-title-never su-lightbox-gallery\"><div class=\"su-custom-gallery-slide\" style=\"width:150px;height:150px\"><a href=\"https:\/\/etab.ac-reunion.fr\/clg-tamarins\/wp-content\/uploads\/sites\/56\/2018\/11\/07-1.jpg\" title=\"07\"><img loading=\"lazy\" decoding=\"async\" src=\"https:\/\/etab.ac-reunion.fr\/clg-tamarins\/wp-content\/uploads\/sites\/56\/2018\/11\/07-1.jpg\" alt=\"07\" width=\"150\" height=\"150\" \/><span class=\"su-custom-gallery-title\">07<\/span><\/a><\/div><div class=\"su-custom-gallery-slide\" style=\"width:150px;height:150px\"><a href=\"https:\/\/etab.ac-reunion.fr\/clg-tamarins\/wp-content\/uploads\/sites\/56\/2018\/11\/06-1.jpg\" title=\"06\"><img loading=\"lazy\" decoding=\"async\" src=\"https:\/\/etab.ac-reunion.fr\/clg-tamarins\/wp-content\/uploads\/sites\/56\/2018\/11\/06-1.jpg\" alt=\"06\" width=\"150\" height=\"150\" \/><span class=\"su-custom-gallery-title\">06<\/span><\/a><\/div><div class=\"su-custom-gallery-slide\" style=\"width:150px;height:150px\"><a href=\"https:\/\/etab.ac-reunion.fr\/clg-tamarins\/wp-content\/uploads\/sites\/56\/2018\/11\/03-2.jpg\" title=\"03\"><img loading=\"lazy\" decoding=\"async\" src=\"https:\/\/etab.ac-reunion.fr\/clg-tamarins\/wp-content\/uploads\/sites\/56\/2018\/11\/03-2.jpg\" alt=\"03\" width=\"150\" height=\"150\" \/><span class=\"su-custom-gallery-title\">03<\/span><\/a><\/div><div class=\"su-clear\"><\/div><\/div>\n<div class=\"su-custom-gallery su-custom-gallery-align-left su-custom-gallery-title-never su-lightbox-gallery\"><div class=\"su-custom-gallery-slide\" style=\"width:150px;height:150px\"><a href=\"https:\/\/etab.ac-reunion.fr\/clg-tamarins\/wp-content\/uploads\/sites\/56\/2018\/11\/11-1.jpg\" title=\"11\"><img loading=\"lazy\" decoding=\"async\" src=\"https:\/\/etab.ac-reunion.fr\/clg-tamarins\/wp-content\/uploads\/sites\/56\/2018\/11\/11-1.jpg\" alt=\"11\" width=\"150\" height=\"150\" \/><span class=\"su-custom-gallery-title\">11<\/span><\/a><\/div><div class=\"su-custom-gallery-slide\" style=\"width:150px;height:150px\"><a href=\"https:\/\/etab.ac-reunion.fr\/clg-tamarins\/wp-content\/uploads\/sites\/56\/2018\/11\/10-1.jpg\" title=\"10\"><img loading=\"lazy\" decoding=\"async\" src=\"https:\/\/etab.ac-reunion.fr\/clg-tamarins\/wp-content\/uploads\/sites\/56\/2018\/11\/10-1.jpg\" alt=\"10\" width=\"150\" height=\"150\" \/><span class=\"su-custom-gallery-title\">10<\/span><\/a><\/div><div class=\"su-custom-gallery-slide\" style=\"width:150px;height:150px\"><a href=\"https:\/\/etab.ac-reunion.fr\/clg-tamarins\/wp-content\/uploads\/sites\/56\/2018\/11\/08-1.jpg\" title=\"08\"><img loading=\"lazy\" decoding=\"async\" src=\"https:\/\/etab.ac-reunion.fr\/clg-tamarins\/wp-content\/uploads\/sites\/56\/2018\/11\/08-1.jpg\" alt=\"08\" width=\"150\" height=\"150\" \/><span class=\"su-custom-gallery-title\">08<\/span><\/a><\/div><div class=\"su-clear\"><\/div><\/div>\n<p>&nbsp;<\/p>\n<p>&nbsp;<\/p>\n","protected":false},"excerpt":{"rendered":"<p>Cette exposition qui avait pour but de montrer les travaux r\u00e9alis\u00e9s dans l&rsquo;acad\u00e9mie apr\u00e8s 4 ann\u00e9es de comm\u00e9moration. Elle a connu un franc succ\u00e8s. Pr\u00e8s de 700 \u00e9l\u00e8ves (\u00e9coliers, coll\u00e9giens, lyc\u00e9ens de la commune, de Saint-Andr\u00e9 et de Saint-Denis) ont pu voir la collection de Constant Planque, travailler avec les\u2026<\/p>\n<p class=\"continue-reading-button\"> <a class=\"continue-reading-link\" href=\"https:\/\/etab.ac-reunion.fr\/clg-tamarins\/cloture-du-festival-la-grande-guerre-et-les-outre-mer-par-la-venue-du-sous-prefet-lucien-giudicelli\/\">Continuer \u00e0 lire<i class=\"crycon-right-dir\"><\/i><\/a><\/p>\n","protected":false},"author":13730,"featured_media":7234,"comment_status":"closed","ping_status":"closed","sticky":false,"template":"","format":"standard","meta":{"footnotes":""},"categories":[1],"tags":[],"class_list":["post-7207","post","type-post","status-publish","format-standard","has-post-thumbnail","hentry","category-non-classe"],"_links":{"self":[{"href":"https:\/\/etab.ac-reunion.fr\/clg-tamarins\/wp-json\/wp\/v2\/posts\/7207","targetHints":{"allow":["GET"]}}],"collection":[{"href":"https:\/\/etab.ac-reunion.fr\/clg-tamarins\/wp-json\/wp\/v2\/posts"}],"about":[{"href":"https:\/\/etab.ac-reunion.fr\/clg-tamarins\/wp-json\/wp\/v2\/types\/post"}],"author":[{"embeddable":true,"href":"https:\/\/etab.ac-reunion.fr\/clg-tamarins\/wp-json\/wp\/v2\/users\/13730"}],"replies":[{"embeddable":true,"href":"https:\/\/etab.ac-reunion.fr\/clg-tamarins\/wp-json\/wp\/v2\/comments?post=7207"}],"version-history":[{"count":14,"href":"https:\/\/etab.ac-reunion.fr\/clg-tamarins\/wp-json\/wp\/v2\/posts\/7207\/revisions"}],"predecessor-version":[{"id":7256,"href":"https:\/\/etab.ac-reunion.fr\/clg-tamarins\/wp-json\/wp\/v2\/posts\/7207\/revisions\/7256"}],"wp:featuredmedia":[{"embeddable":true,"href":"https:\/\/etab.ac-reunion.fr\/clg-tamarins\/wp-json\/wp\/v2\/media\/7234"}],"wp:attachment":[{"href":"https:\/\/etab.ac-reunion.fr\/clg-tamarins\/wp-json\/wp\/v2\/media?parent=7207"}],"wp:term":[{"taxonomy":"category","embeddable":true,"href":"https:\/\/etab.ac-reunion.fr\/clg-tamarins\/wp-json\/wp\/v2\/categories?post=7207"},{"taxonomy":"post_tag","embeddable":true,"href":"https:\/\/etab.ac-reunion.fr\/clg-tamarins\/wp-json\/wp\/v2\/tags?post=7207"}],"curies":[{"name":"wp","href":"https:\/\/api.w.org\/{rel}","templated":true}]}}