{"id":7257,"date":"2018-11-19T10:29:51","date_gmt":"2018-11-19T06:29:51","guid":{"rendered":"http:\/\/college-les-tamarins.ac-reunion.fr\/?p=7257"},"modified":"2018-11-19T14:51:33","modified_gmt":"2018-11-19T10:51:33","slug":"conseillere-departementale-des-jeunes-4eme-au-conseil-departementa","status":"publish","type":"post","link":"https:\/\/etab.ac-reunion.fr\/clg-tamarins\/conseillere-departementale-des-jeunes-4eme-au-conseil-departementa\/","title":{"rendered":"Conseill\u00e8re d\u00e9partementale des jeunes 4\u00e8me au conseil d\u00e9partementale"},"content":{"rendered":"<p><span style=\"font-family: 'PrimaSans BT,Verdana,sans-serif'\">Ce vendredi 16\/11\/18, Axelle Epiphana de la 4\u00e8me vanille a si\u00e9g\u00e9 en tant que conseill\u00e8re d\u00e9partementale des jeunes 4\u00e8me au conseil d\u00e9partemental pour \u00e9lire le pr\u00e9sident du CDJ pour l&rsquo;ann\u00e9e 2018\/19. Accompagn\u00e9e de la CPE Mme Moussa, Axelle a appr\u00e9ci\u00e9 sa journ\u00e9e.<br \/>\n<\/span><\/p>\n<p><img loading=\"lazy\" decoding=\"async\" class=\"alignleft size-full wp-image-7263\" src=\"https:\/\/etab.ac-reunion.fr\/clg-tamarins\/wp-content\/uploads\/sites\/56\/2018\/11\/01-3.jpg\" alt=\"\" width=\"365\" height=\"431\" srcset=\"https:\/\/etab.ac-reunion.fr\/clg-tamarins\/wp-content\/uploads\/sites\/56\/2018\/11\/01-3.jpg 365w, https:\/\/etab.ac-reunion.fr\/clg-tamarins\/wp-content\/uploads\/sites\/56\/2018\/11\/01-3-254x300.jpg 254w, https:\/\/etab.ac-reunion.fr\/clg-tamarins\/wp-content\/uploads\/sites\/56\/2018\/11\/01-3-127x150.jpg 127w\" sizes=\"auto, (max-width: 365px) 100vw, 365px\" \/><img loading=\"lazy\" decoding=\"async\" class=\"alignright size-full wp-image-7265\" src=\"https:\/\/etab.ac-reunion.fr\/clg-tamarins\/wp-content\/uploads\/sites\/56\/2018\/11\/02-3.jpg\" alt=\"\" width=\"357\" height=\"420\" srcset=\"https:\/\/etab.ac-reunion.fr\/clg-tamarins\/wp-content\/uploads\/sites\/56\/2018\/11\/02-3.jpg 357w, https:\/\/etab.ac-reunion.fr\/clg-tamarins\/wp-content\/uploads\/sites\/56\/2018\/11\/02-3-255x300.jpg 255w, https:\/\/etab.ac-reunion.fr\/clg-tamarins\/wp-content\/uploads\/sites\/56\/2018\/11\/02-3-128x150.jpg 128w\" sizes=\"auto, (max-width: 357px) 100vw, 357px\" \/><\/p>\n<p>&nbsp;<\/p>\n","protected":false},"excerpt":{"rendered":"<p>Ce vendredi 16\/11\/18, Axelle Epiphana de la 4\u00e8me vanille a si\u00e9g\u00e9 en tant que conseill\u00e8re d\u00e9partementale des jeunes 4\u00e8me au conseil d\u00e9partemental pour \u00e9lire le pr\u00e9sident du CDJ pour l&rsquo;ann\u00e9e 2018\/19. Accompagn\u00e9e de la CPE Mme Moussa, Axelle a appr\u00e9ci\u00e9 sa journ\u00e9e. &nbsp;<\/p>\n<p class=\"continue-reading-button\"> <a class=\"continue-reading-link\" href=\"https:\/\/etab.ac-reunion.fr\/clg-tamarins\/conseillere-departementale-des-jeunes-4eme-au-conseil-departementa\/\">Continuer \u00e0 lire<i class=\"crycon-right-dir\"><\/i><\/a><\/p>\n","protected":false},"author":13730,"featured_media":7260,"comment_status":"closed","ping_status":"closed","sticky":false,"template":"","format":"quote","meta":{"footnotes":""},"categories":[1],"tags":[],"class_list":["post-7257","post","type-post","status-publish","format-quote","has-post-thumbnail","hentry","category-non-classe","post_format-post-format-quote"],"_links":{"self":[{"href":"https:\/\/etab.ac-reunion.fr\/clg-tamarins\/wp-json\/wp\/v2\/posts\/7257","targetHints":{"allow":["GET"]}}],"collection":[{"href":"https:\/\/etab.ac-reunion.fr\/clg-tamarins\/wp-json\/wp\/v2\/posts"}],"about":[{"href":"https:\/\/etab.ac-reunion.fr\/clg-tamarins\/wp-json\/wp\/v2\/types\/post"}],"author":[{"embeddable":true,"href":"https:\/\/etab.ac-reunion.fr\/clg-tamarins\/wp-json\/wp\/v2\/users\/13730"}],"replies":[{"embeddable":true,"href":"https:\/\/etab.ac-reunion.fr\/clg-tamarins\/wp-json\/wp\/v2\/comments?post=7257"}],"version-history":[{"count":6,"href":"https:\/\/etab.ac-reunion.fr\/clg-tamarins\/wp-json\/wp\/v2\/posts\/7257\/revisions"}],"predecessor-version":[{"id":7268,"href":"https:\/\/etab.ac-reunion.fr\/clg-tamarins\/wp-json\/wp\/v2\/posts\/7257\/revisions\/7268"}],"wp:featuredmedia":[{"embeddable":true,"href":"https:\/\/etab.ac-reunion.fr\/clg-tamarins\/wp-json\/wp\/v2\/media\/7260"}],"wp:attachment":[{"href":"https:\/\/etab.ac-reunion.fr\/clg-tamarins\/wp-json\/wp\/v2\/media?parent=7257"}],"wp:term":[{"taxonomy":"category","embeddable":true,"href":"https:\/\/etab.ac-reunion.fr\/clg-tamarins\/wp-json\/wp\/v2\/categories?post=7257"},{"taxonomy":"post_tag","embeddable":true,"href":"https:\/\/etab.ac-reunion.fr\/clg-tamarins\/wp-json\/wp\/v2\/tags?post=7257"}],"curies":[{"name":"wp","href":"https:\/\/api.w.org\/{rel}","templated":true}]}}