{"id":7292,"date":"2019-02-11T10:23:56","date_gmt":"2019-02-11T06:23:56","guid":{"rendered":"http:\/\/college-les-tamarins.ac-reunion.fr\/?p=7292"},"modified":"2019-02-14T09:02:55","modified_gmt":"2019-02-14T05:02:55","slug":"semaine-de-lolympisme-et-du-paralympisme-dans-le-cadre-de-la-promotion-de-paris-2024","status":"publish","type":"post","link":"https:\/\/etab.ac-reunion.fr\/clg-tamarins\/semaine-de-lolympisme-et-du-paralympisme-dans-le-cadre-de-la-promotion-de-paris-2024\/","title":{"rendered":"Semaine de l\u2019Olympisme et du Paralympisme dans le cadre de la promotion de Paris 2024."},"content":{"rendered":"<p><span style=\"font-family: 'PrimaSans BT,Verdana,sans-serif'\">Les \u00e9l\u00e8ves de 6\u00e8me ont donc eu droit \u00e0 un programme olympique tout au long de la semaine avec au menu : projection du film \u00ab The Race \u00bb sur les JO de 1936, un QCM Olympique, Tournoi Olympique en ultimate et lancer de pr\u00e9cision. Et cette semaine, \u00e9tait ponctu\u00e9e par la rencontre avec d\u2019anciens olympiens r\u00e9unionnais : Matthieu DAFREVILLE (5\u00e8me aux JO de P\u00c9KIN en Judo) et Jean-Louis PRIANON (4eme aux JO de S\u00e9oul sur 10km).<\/span><\/p>\n<p>Une belle semaine autour des valeurs de l\u2019olympisme : respect, d\u2019amiti\u00e9 et d\u2019excellence ; et des souvenirs pour les \u00e9l\u00e8ves !<\/p>\n<hr \/>\n<p><a href=\"https:\/\/etab.ac-reunion.fr\/clg-tamarins\/wp-content\/uploads\/sites\/56\/2019\/02\/Vainqueurs.png\"><img loading=\"lazy\" decoding=\"async\" class=\"aligncenter wp-image-7296 size-medium\" src=\"https:\/\/etab.ac-reunion.fr\/clg-tamarins\/wp-content\/uploads\/sites\/56\/2019\/02\/Vainqueurs-300x177.png\" alt=\"\" width=\"300\" height=\"177\" srcset=\"https:\/\/etab.ac-reunion.fr\/clg-tamarins\/wp-content\/uploads\/sites\/56\/2019\/02\/Vainqueurs-300x177.png 300w, https:\/\/etab.ac-reunion.fr\/clg-tamarins\/wp-content\/uploads\/sites\/56\/2019\/02\/Vainqueurs-150x88.png 150w, https:\/\/etab.ac-reunion.fr\/clg-tamarins\/wp-content\/uploads\/sites\/56\/2019\/02\/Vainqueurs.png 653w\" sizes=\"auto, (max-width: 300px) 100vw, 300px\" \/><\/a><\/p>\n<p style=\"text-align: center\"><strong>Vainqueurs du Tournois Olympique<\/strong><\/p>\n<hr \/>\n<p><a href=\"https:\/\/etab.ac-reunion.fr\/clg-tamarins\/wp-content\/uploads\/sites\/56\/2019\/02\/6\u00e8me-Girofle.png\"><img loading=\"lazy\" decoding=\"async\" class=\"aligncenter wp-image-7299 size-medium\" src=\"https:\/\/etab.ac-reunion.fr\/clg-tamarins\/wp-content\/uploads\/sites\/56\/2019\/02\/6\u00e8me-Girofle-300x163.png\" alt=\"\" width=\"300\" height=\"163\" srcset=\"https:\/\/etab.ac-reunion.fr\/clg-tamarins\/wp-content\/uploads\/sites\/56\/2019\/02\/6\u00e8me-Girofle-300x163.png 300w, https:\/\/etab.ac-reunion.fr\/clg-tamarins\/wp-content\/uploads\/sites\/56\/2019\/02\/6\u00e8me-Girofle-150x81.png 150w, https:\/\/etab.ac-reunion.fr\/clg-tamarins\/wp-content\/uploads\/sites\/56\/2019\/02\/6\u00e8me-Girofle.png 755w\" sizes=\"auto, (max-width: 300px) 100vw, 300px\" \/><\/a><\/p>\n<p style=\"text-align: center\"><strong>6\u00e8me GIROFLE avec Matthieu DAFREVILLE et JL PRIANON<\/strong><\/p>\n<hr \/>\n<p style=\"text-align: center\"><a href=\"https:\/\/etab.ac-reunion.fr\/clg-tamarins\/wp-content\/uploads\/sites\/56\/2019\/02\/6\u00e8me-CANNELLE.png\"><img loading=\"lazy\" decoding=\"async\" class=\"aligncenter size-medium wp-image-7301\" src=\"https:\/\/etab.ac-reunion.fr\/clg-tamarins\/wp-content\/uploads\/sites\/56\/2019\/02\/6\u00e8me-CANNELLE-300x190.png\" alt=\"\" width=\"300\" height=\"190\" srcset=\"https:\/\/etab.ac-reunion.fr\/clg-tamarins\/wp-content\/uploads\/sites\/56\/2019\/02\/6\u00e8me-CANNELLE-300x190.png 300w, https:\/\/etab.ac-reunion.fr\/clg-tamarins\/wp-content\/uploads\/sites\/56\/2019\/02\/6\u00e8me-CANNELLE-150x95.png 150w, https:\/\/etab.ac-reunion.fr\/clg-tamarins\/wp-content\/uploads\/sites\/56\/2019\/02\/6\u00e8me-CANNELLE-318x201.png 318w, https:\/\/etab.ac-reunion.fr\/clg-tamarins\/wp-content\/uploads\/sites\/56\/2019\/02\/6\u00e8me-CANNELLE.png 643w\" sizes=\"auto, (max-width: 300px) 100vw, 300px\" \/><\/a><strong>6\u00e8me CANNELLE<\/strong><\/p>\n<hr \/>\n<p style=\"text-align: center\"><a href=\"https:\/\/etab.ac-reunion.fr\/clg-tamarins\/wp-content\/uploads\/sites\/56\/2019\/02\/6\u00e8me-SAFRAN.png\"><img loading=\"lazy\" decoding=\"async\" class=\"aligncenter size-medium wp-image-7302\" src=\"https:\/\/etab.ac-reunion.fr\/clg-tamarins\/wp-content\/uploads\/sites\/56\/2019\/02\/6\u00e8me-SAFRAN-300x170.png\" alt=\"\" width=\"300\" height=\"170\" srcset=\"https:\/\/etab.ac-reunion.fr\/clg-tamarins\/wp-content\/uploads\/sites\/56\/2019\/02\/6\u00e8me-SAFRAN-300x170.png 300w, https:\/\/etab.ac-reunion.fr\/clg-tamarins\/wp-content\/uploads\/sites\/56\/2019\/02\/6\u00e8me-SAFRAN-150x85.png 150w, https:\/\/etab.ac-reunion.fr\/clg-tamarins\/wp-content\/uploads\/sites\/56\/2019\/02\/6\u00e8me-SAFRAN.png 785w\" sizes=\"auto, (max-width: 300px) 100vw, 300px\" \/><\/a><strong>6\u00e8me SAFRAN<\/strong><\/p>\n<hr \/>\n<p style=\"text-align: center\"><a href=\"https:\/\/etab.ac-reunion.fr\/clg-tamarins\/wp-content\/uploads\/sites\/56\/2019\/02\/Cour-particulier.png\"><img loading=\"lazy\" decoding=\"async\" class=\"aligncenter wp-image-7303 size-medium\" src=\"https:\/\/etab.ac-reunion.fr\/clg-tamarins\/wp-content\/uploads\/sites\/56\/2019\/02\/Cour-particulier-300x119.png\" alt=\"\" width=\"300\" height=\"119\" srcset=\"https:\/\/etab.ac-reunion.fr\/clg-tamarins\/wp-content\/uploads\/sites\/56\/2019\/02\/Cour-particulier-300x119.png 300w, https:\/\/etab.ac-reunion.fr\/clg-tamarins\/wp-content\/uploads\/sites\/56\/2019\/02\/Cour-particulier-150x59.png 150w, https:\/\/etab.ac-reunion.fr\/clg-tamarins\/wp-content\/uploads\/sites\/56\/2019\/02\/Cour-particulier.png 817w\" sizes=\"auto, (max-width: 300px) 100vw, 300px\" \/><\/a><strong>Cours particulier avec JL PRIANON<\/strong><\/p>\n<hr \/>\n<p><a href=\"https:\/\/etab.ac-reunion.fr\/clg-tamarins\/wp-content\/uploads\/sites\/56\/2019\/02\/cours.png\"><img loading=\"lazy\" decoding=\"async\" class=\"alignleft wp-image-7304 size-medium\" src=\"https:\/\/etab.ac-reunion.fr\/clg-tamarins\/wp-content\/uploads\/sites\/56\/2019\/02\/cours-300x181.png\" alt=\"\" width=\"300\" height=\"181\" srcset=\"https:\/\/etab.ac-reunion.fr\/clg-tamarins\/wp-content\/uploads\/sites\/56\/2019\/02\/cours-300x181.png 300w, https:\/\/etab.ac-reunion.fr\/clg-tamarins\/wp-content\/uploads\/sites\/56\/2019\/02\/cours-250x150.png 250w, https:\/\/etab.ac-reunion.fr\/clg-tamarins\/wp-content\/uploads\/sites\/56\/2019\/02\/cours-150x90.png 150w, https:\/\/etab.ac-reunion.fr\/clg-tamarins\/wp-content\/uploads\/sites\/56\/2019\/02\/cours.png 794w\" sizes=\"auto, (max-width: 300px) 100vw, 300px\" \/><\/a><a href=\"https:\/\/etab.ac-reunion.fr\/clg-tamarins\/wp-content\/uploads\/sites\/56\/2019\/02\/cours2.png\"><img loading=\"lazy\" decoding=\"async\" class=\"alignright wp-image-7305 size-medium\" src=\"https:\/\/etab.ac-reunion.fr\/clg-tamarins\/wp-content\/uploads\/sites\/56\/2019\/02\/cours2-300x156.png\" alt=\"\" width=\"300\" height=\"156\" srcset=\"https:\/\/etab.ac-reunion.fr\/clg-tamarins\/wp-content\/uploads\/sites\/56\/2019\/02\/cours2-300x156.png 300w, https:\/\/etab.ac-reunion.fr\/clg-tamarins\/wp-content\/uploads\/sites\/56\/2019\/02\/cours2-150x78.png 150w, https:\/\/etab.ac-reunion.fr\/clg-tamarins\/wp-content\/uploads\/sites\/56\/2019\/02\/cours2.png 786w\" sizes=\"auto, (max-width: 300px) 100vw, 300px\" \/><\/a><\/p>\n<p>&nbsp;<\/p>\n<p>&nbsp;<\/p>\n<p>&nbsp;<\/p>\n<p>&nbsp;<\/p>\n<p>&nbsp;<\/p>\n<p>&nbsp;<\/p>\n<p style=\"text-align: center\"><strong><span style=\"font-family: 'PrimaSans BT,Verdana,sans-serif'\">Les champions en discussion avec les \u00e9l\u00e8ves de 6\u00e8me<\/span><\/strong><\/p>\n<hr \/>\n<p style=\"text-align: center\"><a href=\"https:\/\/etab.ac-reunion.fr\/clg-tamarins\/wp-content\/uploads\/sites\/56\/2019\/02\/JL-PRIANON.png\"><img loading=\"lazy\" decoding=\"async\" class=\"aligncenter size-medium wp-image-7308\" src=\"https:\/\/etab.ac-reunion.fr\/clg-tamarins\/wp-content\/uploads\/sites\/56\/2019\/02\/JL-PRIANON-300x224.png\" alt=\"\" width=\"300\" height=\"224\" srcset=\"https:\/\/etab.ac-reunion.fr\/clg-tamarins\/wp-content\/uploads\/sites\/56\/2019\/02\/JL-PRIANON-300x224.png 300w, https:\/\/etab.ac-reunion.fr\/clg-tamarins\/wp-content\/uploads\/sites\/56\/2019\/02\/JL-PRIANON-150x112.png 150w, https:\/\/etab.ac-reunion.fr\/clg-tamarins\/wp-content\/uploads\/sites\/56\/2019\/02\/JL-PRIANON.png 623w\" sizes=\"auto, (max-width: 300px) 100vw, 300px\" \/><\/a><strong>Jean Louis PRIANON<\/strong><\/p>\n<hr \/>\n<p style=\"text-align: center\"><a href=\"https:\/\/etab.ac-reunion.fr\/clg-tamarins\/wp-content\/uploads\/sites\/56\/2019\/02\/Matthieu-DAFREVILLE.png\"><img loading=\"lazy\" decoding=\"async\" class=\"aligncenter size-medium wp-image-7310\" src=\"https:\/\/etab.ac-reunion.fr\/clg-tamarins\/wp-content\/uploads\/sites\/56\/2019\/02\/Matthieu-DAFREVILLE-300x233.png\" alt=\"\" width=\"300\" height=\"233\" srcset=\"https:\/\/etab.ac-reunion.fr\/clg-tamarins\/wp-content\/uploads\/sites\/56\/2019\/02\/Matthieu-DAFREVILLE-300x233.png 300w, https:\/\/etab.ac-reunion.fr\/clg-tamarins\/wp-content\/uploads\/sites\/56\/2019\/02\/Matthieu-DAFREVILLE-150x117.png 150w, https:\/\/etab.ac-reunion.fr\/clg-tamarins\/wp-content\/uploads\/sites\/56\/2019\/02\/Matthieu-DAFREVILLE.png 596w\" sizes=\"auto, (max-width: 300px) 100vw, 300px\" \/><\/a><strong>Matthieu DAFREVILLE<\/strong><\/p>\n<hr \/>\n<p>&nbsp;<\/p>\n","protected":false},"excerpt":{"rendered":"<p>Les \u00e9l\u00e8ves de 6\u00e8me ont donc eu droit \u00e0 un programme olympique tout au long de la semaine avec au menu : projection du film \u00ab The Race \u00bb sur les JO de 1936, un QCM Olympique, Tournoi Olympique en ultimate et lancer de pr\u00e9cision. Et cette semaine, \u00e9tait ponctu\u00e9e\u2026<\/p>\n<p class=\"continue-reading-button\"> <a class=\"continue-reading-link\" href=\"https:\/\/etab.ac-reunion.fr\/clg-tamarins\/semaine-de-lolympisme-et-du-paralympisme-dans-le-cadre-de-la-promotion-de-paris-2024\/\">Continuer \u00e0 lire<i class=\"crycon-right-dir\"><\/i><\/a><\/p>\n","protected":false},"author":13730,"featured_media":7293,"comment_status":"closed","ping_status":"closed","sticky":false,"template":"","format":"standard","meta":{"footnotes":""},"categories":[1],"tags":[],"class_list":["post-7292","post","type-post","status-publish","format-standard","has-post-thumbnail","hentry","category-non-classe"],"_links":{"self":[{"href":"https:\/\/etab.ac-reunion.fr\/clg-tamarins\/wp-json\/wp\/v2\/posts\/7292","targetHints":{"allow":["GET"]}}],"collection":[{"href":"https:\/\/etab.ac-reunion.fr\/clg-tamarins\/wp-json\/wp\/v2\/posts"}],"about":[{"href":"https:\/\/etab.ac-reunion.fr\/clg-tamarins\/wp-json\/wp\/v2\/types\/post"}],"author":[{"embeddable":true,"href":"https:\/\/etab.ac-reunion.fr\/clg-tamarins\/wp-json\/wp\/v2\/users\/13730"}],"replies":[{"embeddable":true,"href":"https:\/\/etab.ac-reunion.fr\/clg-tamarins\/wp-json\/wp\/v2\/comments?post=7292"}],"version-history":[{"count":9,"href":"https:\/\/etab.ac-reunion.fr\/clg-tamarins\/wp-json\/wp\/v2\/posts\/7292\/revisions"}],"predecessor-version":[{"id":7311,"href":"https:\/\/etab.ac-reunion.fr\/clg-tamarins\/wp-json\/wp\/v2\/posts\/7292\/revisions\/7311"}],"wp:featuredmedia":[{"embeddable":true,"href":"https:\/\/etab.ac-reunion.fr\/clg-tamarins\/wp-json\/wp\/v2\/media\/7293"}],"wp:attachment":[{"href":"https:\/\/etab.ac-reunion.fr\/clg-tamarins\/wp-json\/wp\/v2\/media?parent=7292"}],"wp:term":[{"taxonomy":"category","embeddable":true,"href":"https:\/\/etab.ac-reunion.fr\/clg-tamarins\/wp-json\/wp\/v2\/categories?post=7292"},{"taxonomy":"post_tag","embeddable":true,"href":"https:\/\/etab.ac-reunion.fr\/clg-tamarins\/wp-json\/wp\/v2\/tags?post=7292"}],"curies":[{"name":"wp","href":"https:\/\/api.w.org\/{rel}","templated":true}]}}