{"id":7312,"date":"2019-02-14T07:24:26","date_gmt":"2019-02-14T03:24:26","guid":{"rendered":"http:\/\/college-les-tamarins.ac-reunion.fr\/?p=7312"},"modified":"2019-02-14T09:04:53","modified_gmt":"2019-02-14T05:04:53","slug":"championnat-open-des-college-unss-judo","status":"publish","type":"post","link":"https:\/\/etab.ac-reunion.fr\/clg-tamarins\/championnat-open-des-college-unss-judo\/","title":{"rendered":"Championnat Open des Coll\u00e8ge Unss JUDO"},"content":{"rendered":"<table style=\"height: 247px\" width=\"797\">\n<tbody>\n<tr>\n<td dir=\"ltr\"><span style=\"font-family: 'PrimaSans BT,Verdana,sans-serif'\">Mercredi 13 F\u00e9vrier 2019 \u00e0 Saint-Denis avait lieu le Championnat Open des Coll\u00e8ge Unss JUDO. Ce Championnat \u00e9tait qualificatif pour le Championnat de France Unss de Judo.<\/span><\/p>\n<p>Le coll\u00e8ge Les Tamarins prend la 3\u00e8me place chez les filles et la 4\u00e8me chez les gar\u00e7ons. M\u00eame si tous ont donn\u00e9 le meilleur d\u2019eux-m\u00eames, il y a quand m\u00eame un peu de d\u00e9ception de ne pas avoir pu se qualifier pour les Championnats de France cette ann\u00e9e. Il faudra mettre les bouch\u00e9es double pour se qualifier l\u2019ann\u00e9e prochaine car le niveau est \u00e9lev\u00e9 !<\/p>\n<p>Place aux benjamins (n\u00e9s en 2006\/2007) Mercredi 20 F\u00e9vrier prochain \u00e0 La Possession pour les inter-districts sud\/ouest.<\/p>\n<p><span style=\"font-family: 'PrimaSans BT,Verdana,sans-serif'\"><br \/>\n<a href=\"https:\/\/etab.ac-reunion.fr\/clg-tamarins\/wp-content\/uploads\/sites\/56\/2019\/02\/judo.png\"><img loading=\"lazy\" decoding=\"async\" class=\"aligncenter size-medium wp-image-7313\" src=\"https:\/\/etab.ac-reunion.fr\/clg-tamarins\/wp-content\/uploads\/sites\/56\/2019\/02\/judo-293x300.png\" alt=\"\" width=\"293\" height=\"300\" srcset=\"https:\/\/etab.ac-reunion.fr\/clg-tamarins\/wp-content\/uploads\/sites\/56\/2019\/02\/judo-293x300.png 293w, https:\/\/etab.ac-reunion.fr\/clg-tamarins\/wp-content\/uploads\/sites\/56\/2019\/02\/judo-146x150.png 146w, https:\/\/etab.ac-reunion.fr\/clg-tamarins\/wp-content\/uploads\/sites\/56\/2019\/02\/judo.png 452w\" sizes=\"auto, (max-width: 293px) 100vw, 293px\" \/><\/a><br \/>\n<\/span><\/td>\n<\/tr>\n<\/tbody>\n<\/table>\n<table border=\"0\" width=\"100%\" cellspacing=\"1\" cellpadding=\"2\">\n<tbody>\n<tr>\n<td><\/td>\n<\/tr>\n<\/tbody>\n<\/table>\n","protected":false},"excerpt":{"rendered":"<p>Mercredi 13 F\u00e9vrier 2019 \u00e0 Saint-Denis avait lieu le Championnat Open des Coll\u00e8ge Unss JUDO. Ce Championnat \u00e9tait qualificatif pour le Championnat de France Unss de Judo. Le coll\u00e8ge Les Tamarins prend la 3\u00e8me place chez les filles et la 4\u00e8me chez les gar\u00e7ons. M\u00eame si tous ont donn\u00e9 le\u2026<\/p>\n<p class=\"continue-reading-button\"> <a class=\"continue-reading-link\" href=\"https:\/\/etab.ac-reunion.fr\/clg-tamarins\/championnat-open-des-college-unss-judo\/\">Continuer \u00e0 lire<i class=\"crycon-right-dir\"><\/i><\/a><\/p>\n","protected":false},"author":13730,"featured_media":7313,"comment_status":"closed","ping_status":"closed","sticky":false,"template":"","format":"standard","meta":{"footnotes":""},"categories":[1],"tags":[],"class_list":["post-7312","post","type-post","status-publish","format-standard","has-post-thumbnail","hentry","category-non-classe"],"_links":{"self":[{"href":"https:\/\/etab.ac-reunion.fr\/clg-tamarins\/wp-json\/wp\/v2\/posts\/7312","targetHints":{"allow":["GET"]}}],"collection":[{"href":"https:\/\/etab.ac-reunion.fr\/clg-tamarins\/wp-json\/wp\/v2\/posts"}],"about":[{"href":"https:\/\/etab.ac-reunion.fr\/clg-tamarins\/wp-json\/wp\/v2\/types\/post"}],"author":[{"embeddable":true,"href":"https:\/\/etab.ac-reunion.fr\/clg-tamarins\/wp-json\/wp\/v2\/users\/13730"}],"replies":[{"embeddable":true,"href":"https:\/\/etab.ac-reunion.fr\/clg-tamarins\/wp-json\/wp\/v2\/comments?post=7312"}],"version-history":[{"count":2,"href":"https:\/\/etab.ac-reunion.fr\/clg-tamarins\/wp-json\/wp\/v2\/posts\/7312\/revisions"}],"predecessor-version":[{"id":7315,"href":"https:\/\/etab.ac-reunion.fr\/clg-tamarins\/wp-json\/wp\/v2\/posts\/7312\/revisions\/7315"}],"wp:featuredmedia":[{"embeddable":true,"href":"https:\/\/etab.ac-reunion.fr\/clg-tamarins\/wp-json\/wp\/v2\/media\/7313"}],"wp:attachment":[{"href":"https:\/\/etab.ac-reunion.fr\/clg-tamarins\/wp-json\/wp\/v2\/media?parent=7312"}],"wp:term":[{"taxonomy":"category","embeddable":true,"href":"https:\/\/etab.ac-reunion.fr\/clg-tamarins\/wp-json\/wp\/v2\/categories?post=7312"},{"taxonomy":"post_tag","embeddable":true,"href":"https:\/\/etab.ac-reunion.fr\/clg-tamarins\/wp-json\/wp\/v2\/tags?post=7312"}],"curies":[{"name":"wp","href":"https:\/\/api.w.org\/{rel}","templated":true}]}}