{"id":7451,"date":"2019-11-21T13:07:34","date_gmt":"2019-11-21T09:07:34","guid":{"rendered":"http:\/\/college-les-tamarins.ac-reunion.fr\/?p=7451"},"modified":"2019-11-22T06:47:54","modified_gmt":"2019-11-22T02:47:54","slug":"inter-district-minimes-au-port","status":"publish","type":"post","link":"https:\/\/etab.ac-reunion.fr\/clg-tamarins\/inter-district-minimes-au-port\/","title":{"rendered":"Inter-District minimes au Port."},"content":{"rendered":"<p><span style=\"font-family: 'PrimaSans BT,Verdana,sans-serif'\">Nos \u00e9l\u00e8ves se sont bien comport\u00e9s aujourd\u2019hui lors de l\u2019inter-district minimes au Port.<\/span><\/p>\n<p>Le coll\u00e8ge termine 2\u00e8me en \u00e9quipe chez les filles et chez les gar\u00e7ons. Voici les r\u00e9sultats individuels :<\/p>\n<p>1ers : Dimitri DUMAS, Jordan FERRIER, QUESSARY Melvin, Kachindra DUGUIN, Rasma MHADJOU, et Coralie ULDERIC (6)<\/p>\n<p>2\u00e8me : Rachad SAROUMA, Math\u00e9o MOUTOUSSAMY, Lukas ATIA, Saffiyyoulah ASSOUMANI-VITTA, Traicy HUBERT, Lana DEBESE et Loane CASSIM (7)<\/p>\n<p>3\u00e8me : Noam BOUVILLON, Vijay DUGUIN, Wilson TANJAMA, Ruben NAYAGOM, Nassima M\u2019DAHOMA, Sa\u00efma QUESSARY (6)<\/p>\n<p>Les jeunes officiels : Venceslas (arbitre) et Radjen (commissaire)<\/p>\n<p>&nbsp;<\/p>\n<p><a href=\"https:\/\/etab.ac-reunion.fr\/clg-tamarins\/wp-content\/uploads\/sites\/56\/2019\/11\/photo.png\"><img loading=\"lazy\" decoding=\"async\" class=\"aligncenter size-full wp-image-7452\" src=\"https:\/\/etab.ac-reunion.fr\/clg-tamarins\/wp-content\/uploads\/sites\/56\/2019\/11\/photo.png\" alt=\"\" width=\"803\" height=\"468\" srcset=\"https:\/\/etab.ac-reunion.fr\/clg-tamarins\/wp-content\/uploads\/sites\/56\/2019\/11\/photo.png 803w, https:\/\/etab.ac-reunion.fr\/clg-tamarins\/wp-content\/uploads\/sites\/56\/2019\/11\/photo-300x175.png 300w, https:\/\/etab.ac-reunion.fr\/clg-tamarins\/wp-content\/uploads\/sites\/56\/2019\/11\/photo-150x87.png 150w\" sizes=\"auto, (max-width: 803px) 100vw, 803px\" \/><\/a><\/p>\n","protected":false},"excerpt":{"rendered":"<p>Nos \u00e9l\u00e8ves se sont bien comport\u00e9s aujourd\u2019hui lors de l\u2019inter-district minimes au Port. Le coll\u00e8ge termine 2\u00e8me en \u00e9quipe chez les filles et chez les gar\u00e7ons. Voici les r\u00e9sultats individuels : 1ers : Dimitri DUMAS, Jordan FERRIER, QUESSARY Melvin, Kachindra DUGUIN, Rasma MHADJOU, et Coralie ULDERIC (6) 2\u00e8me : Rachad\u2026<\/p>\n<p class=\"continue-reading-button\"> <a class=\"continue-reading-link\" href=\"https:\/\/etab.ac-reunion.fr\/clg-tamarins\/inter-district-minimes-au-port\/\">Continuer \u00e0 lire<i class=\"crycon-right-dir\"><\/i><\/a><\/p>\n","protected":false},"author":13730,"featured_media":7452,"comment_status":"closed","ping_status":"closed","sticky":false,"template":"","format":"standard","meta":{"footnotes":""},"categories":[1],"tags":[],"class_list":["post-7451","post","type-post","status-publish","format-standard","has-post-thumbnail","hentry","category-non-classe"],"_links":{"self":[{"href":"https:\/\/etab.ac-reunion.fr\/clg-tamarins\/wp-json\/wp\/v2\/posts\/7451","targetHints":{"allow":["GET"]}}],"collection":[{"href":"https:\/\/etab.ac-reunion.fr\/clg-tamarins\/wp-json\/wp\/v2\/posts"}],"about":[{"href":"https:\/\/etab.ac-reunion.fr\/clg-tamarins\/wp-json\/wp\/v2\/types\/post"}],"author":[{"embeddable":true,"href":"https:\/\/etab.ac-reunion.fr\/clg-tamarins\/wp-json\/wp\/v2\/users\/13730"}],"replies":[{"embeddable":true,"href":"https:\/\/etab.ac-reunion.fr\/clg-tamarins\/wp-json\/wp\/v2\/comments?post=7451"}],"version-history":[{"count":3,"href":"https:\/\/etab.ac-reunion.fr\/clg-tamarins\/wp-json\/wp\/v2\/posts\/7451\/revisions"}],"predecessor-version":[{"id":7454,"href":"https:\/\/etab.ac-reunion.fr\/clg-tamarins\/wp-json\/wp\/v2\/posts\/7451\/revisions\/7454"}],"wp:featuredmedia":[{"embeddable":true,"href":"https:\/\/etab.ac-reunion.fr\/clg-tamarins\/wp-json\/wp\/v2\/media\/7452"}],"wp:attachment":[{"href":"https:\/\/etab.ac-reunion.fr\/clg-tamarins\/wp-json\/wp\/v2\/media?parent=7451"}],"wp:term":[{"taxonomy":"category","embeddable":true,"href":"https:\/\/etab.ac-reunion.fr\/clg-tamarins\/wp-json\/wp\/v2\/categories?post=7451"},{"taxonomy":"post_tag","embeddable":true,"href":"https:\/\/etab.ac-reunion.fr\/clg-tamarins\/wp-json\/wp\/v2\/tags?post=7451"}],"curies":[{"name":"wp","href":"https:\/\/api.w.org\/{rel}","templated":true}]}}