{"id":7483,"date":"2020-02-10T10:58:02","date_gmt":"2020-02-10T06:58:02","guid":{"rendered":"http:\/\/college-les-tamarins.ac-reunion.fr\/?p=7483"},"modified":"2020-02-10T13:55:21","modified_gmt":"2020-02-10T09:55:21","slug":"sortie-a-la-riviere-dabord","status":"publish","type":"post","link":"https:\/\/etab.ac-reunion.fr\/clg-tamarins\/sortie-a-la-riviere-dabord\/","title":{"rendered":"Sortie \u00e0 la Rivi\u00e8re d\u2019Abord."},"content":{"rendered":"<p style=\"text-align: center\">Cette ann\u00e9e, nous travaillons sur la R\u00e9union gr\u00e2ce \u00e0 un EPI (projet inter disciplinaire) avec Mme ETHEVE (histoire\/ g\u00e9o) Mme FELIX (Documentaliste) et Mme FIEGENWALD (SVT). Ainsi, nous \u00e9tudierons l\u2019histoire, la g\u00e9ologie, la faune et la flore de notre \u00eele.<\/p>\n<p style=\"text-align: center\">Une premi\u00e8re visite \u00e0 la Rivi\u00e8re d\u2019Abord, nous a permis de compl\u00e9ter nos connaissances sur le peuplement de l\u2019\u00eele. M. TIPVEAU, guide conf\u00e9rencier nous a expliqu\u00e9 comment notre ville Saint-Pierre est n\u00e9e. Il nous a \u00e9galement rappel\u00e9 les dates cl\u00e9s de la colonisation de Bourbon (ancien nom de la R\u00e9union).<\/p>\n<ul style=\"text-align: center\">\n<li>1665\u00a0: peuplement d\u00e9finitif de l\u2019\u00eele<\/li>\n<li>1715\u00a0: introduction de la culture du caf\u00e9<\/li>\n<li>1735\u00a0: naissance administrative de la ville de Saint Pierre<\/li>\n<li>1815\u00a0: la canne \u00e0 sucre devient culture commerciale<\/li>\n<li>1848\u00a0: abolition de l\u2019esclavage.<\/li>\n<\/ul>\n<p style=\"text-align: center\">A l\u2019issue de cet EPI nous pr\u00e9senterons de fa\u00e7on plus \u00ab\u00a0d\u00e9taill\u00e9e\u00a0\u00bb notre travail \u00e0 travers des productions diverses.<\/p>\n<p style=\"text-align: right\"><strong>4 hibiscus<\/strong><\/p>\n<p>&nbsp;<\/p>\n<div class=\"su-custom-gallery su-custom-gallery-align-left su-custom-gallery-title-never su-lightbox-gallery\"><div class=\"su-custom-gallery-slide\" style=\"width:150px;height:150px\"><a href=\"https:\/\/etab.ac-reunion.fr\/clg-tamarins\/wp-content\/uploads\/sites\/56\/2020\/02\/premier-abordage.jpg\" title=\"Premier abordage.\"><img loading=\"lazy\" decoding=\"async\" src=\"https:\/\/etab.ac-reunion.fr\/clg-tamarins\/wp-content\/uploads\/sites\/56\/2020\/02\/premier-abordage.jpg\" alt=\"Premier abordage.\" width=\"150\" height=\"150\" \/><span class=\"su-custom-gallery-title\">Premier abordage.<\/span><\/a><\/div><div class=\"su-custom-gallery-slide\" style=\"width:150px;height:150px\"><a href=\"https:\/\/etab.ac-reunion.fr\/clg-tamarins\/wp-content\/uploads\/sites\/56\/2020\/02\/les-TAAF-jadis-lieu-dentrep\u00f4t.jpg\" title=\"les TAAF, jadis lieu d&rsquo;entrep\u00f4t.\"><img loading=\"lazy\" decoding=\"async\" src=\"https:\/\/etab.ac-reunion.fr\/clg-tamarins\/wp-content\/uploads\/sites\/56\/2020\/02\/les-TAAF-jadis-lieu-dentrep\u00f4t.jpg\" alt=\"les TAAF, jadis lieu d&rsquo;entrep\u00f4t.\" width=\"150\" height=\"150\" \/><span class=\"su-custom-gallery-title\">les TAAF, jadis lieu d&rsquo;entrep\u00f4t.<\/span><\/a><\/div><div class=\"su-custom-gallery-slide\" style=\"width:150px;height:150px\"><a href=\"https:\/\/etab.ac-reunion.fr\/clg-tamarins\/wp-content\/uploads\/sites\/56\/2020\/02\/l\u00e9quipe-au-complet-.jpg\" title=\"l&rsquo;\u00e9quipe au complet\"><img loading=\"lazy\" decoding=\"async\" src=\"https:\/\/etab.ac-reunion.fr\/clg-tamarins\/wp-content\/uploads\/sites\/56\/2020\/02\/l\u00e9quipe-au-complet-.jpg\" alt=\"l&rsquo;\u00e9quipe au complet\" width=\"150\" height=\"150\" \/><span class=\"su-custom-gallery-title\">l&rsquo;\u00e9quipe au complet<\/span><\/a><\/div><div class=\"su-custom-gallery-slide\" style=\"width:150px;height:150px\"><a href=\"https:\/\/etab.ac-reunion.fr\/clg-tamarins\/wp-content\/uploads\/sites\/56\/2020\/02\/Guillaume-et-Lana-\u00e0-la-porte-de-la-premi\u00e8re-prison-de-la-ville.jpg\" title=\"Guillaume et Lana \u00e0 la porte de la premi\u00e8re prison de la ville\"><img loading=\"lazy\" decoding=\"async\" src=\"https:\/\/etab.ac-reunion.fr\/clg-tamarins\/wp-content\/uploads\/sites\/56\/2020\/02\/Guillaume-et-Lana-\u00e0-la-porte-de-la-premi\u00e8re-prison-de-la-ville.jpg\" alt=\"Guillaume et Lana \u00e0 la porte de la premi\u00e8re prison de la ville\" width=\"150\" height=\"150\" \/><span class=\"su-custom-gallery-title\">Guillaume et Lana \u00e0 la porte de la premi\u00e8re prison de la ville<\/span><\/a><\/div><div class=\"su-custom-gallery-slide\" style=\"width:150px;height:150px\"><a href=\"https:\/\/etab.ac-reunion.fr\/clg-tamarins\/wp-content\/uploads\/sites\/56\/2020\/02\/En-m\u00e9moire-dun-illustre-Saint-Pierrois.jpg\" title=\"ancien magasin de la compagnie des Indes\"><img loading=\"lazy\" decoding=\"async\" src=\"https:\/\/etab.ac-reunion.fr\/clg-tamarins\/wp-content\/uploads\/sites\/56\/2020\/02\/En-m\u00e9moire-dun-illustre-Saint-Pierrois.jpg\" alt=\"ancien magasin de la compagnie des Indes\" width=\"150\" height=\"150\" \/><span class=\"su-custom-gallery-title\">ancien magasin de la compagnie des Indes<\/span><\/a><\/div><div class=\"su-custom-gallery-slide\" style=\"width:150px;height:150px\"><a href=\"https:\/\/etab.ac-reunion.fr\/clg-tamarins\/wp-content\/uploads\/sites\/56\/2020\/02\/ancien-magasin-de-la-compagnie-des-Indes.jpg\" title=\"En m\u00e9moire d&rsquo;un illustre Saint-Pierrois\"><img loading=\"lazy\" decoding=\"async\" src=\"https:\/\/etab.ac-reunion.fr\/clg-tamarins\/wp-content\/uploads\/sites\/56\/2020\/02\/ancien-magasin-de-la-compagnie-des-Indes.jpg\" alt=\"En m\u00e9moire d&rsquo;un illustre Saint-Pierrois\" width=\"150\" height=\"150\" \/><span class=\"su-custom-gallery-title\">En m\u00e9moire d&rsquo;un illustre Saint-Pierrois<\/span><\/a><\/div><div class=\"su-clear\"><\/div><\/div>\n","protected":false},"excerpt":{"rendered":"<p>Cette ann\u00e9e, nous travaillons sur la R\u00e9union gr\u00e2ce \u00e0 un EPI (projet inter disciplinaire) avec Mme ETHEVE (histoire\/ g\u00e9o) Mme FELIX (Documentaliste) et Mme FIEGENWALD (SVT). Ainsi, nous \u00e9tudierons l\u2019histoire, la g\u00e9ologie, la faune et la flore de notre \u00eele. Une premi\u00e8re visite \u00e0 la Rivi\u00e8re d\u2019Abord, nous a permis\u2026<\/p>\n<p class=\"continue-reading-button\"> <a class=\"continue-reading-link\" href=\"https:\/\/etab.ac-reunion.fr\/clg-tamarins\/sortie-a-la-riviere-dabord\/\">Continuer \u00e0 lire<i class=\"crycon-right-dir\"><\/i><\/a><\/p>\n","protected":false},"author":13730,"featured_media":7489,"comment_status":"closed","ping_status":"closed","sticky":false,"template":"","format":"standard","meta":{"footnotes":""},"categories":[1],"tags":[],"class_list":["post-7483","post","type-post","status-publish","format-standard","has-post-thumbnail","hentry","category-non-classe"],"_links":{"self":[{"href":"https:\/\/etab.ac-reunion.fr\/clg-tamarins\/wp-json\/wp\/v2\/posts\/7483","targetHints":{"allow":["GET"]}}],"collection":[{"href":"https:\/\/etab.ac-reunion.fr\/clg-tamarins\/wp-json\/wp\/v2\/posts"}],"about":[{"href":"https:\/\/etab.ac-reunion.fr\/clg-tamarins\/wp-json\/wp\/v2\/types\/post"}],"author":[{"embeddable":true,"href":"https:\/\/etab.ac-reunion.fr\/clg-tamarins\/wp-json\/wp\/v2\/users\/13730"}],"replies":[{"embeddable":true,"href":"https:\/\/etab.ac-reunion.fr\/clg-tamarins\/wp-json\/wp\/v2\/comments?post=7483"}],"version-history":[{"count":8,"href":"https:\/\/etab.ac-reunion.fr\/clg-tamarins\/wp-json\/wp\/v2\/posts\/7483\/revisions"}],"predecessor-version":[{"id":7996,"href":"https:\/\/etab.ac-reunion.fr\/clg-tamarins\/wp-json\/wp\/v2\/posts\/7483\/revisions\/7996"}],"wp:featuredmedia":[{"embeddable":true,"href":"https:\/\/etab.ac-reunion.fr\/clg-tamarins\/wp-json\/wp\/v2\/media\/7489"}],"wp:attachment":[{"href":"https:\/\/etab.ac-reunion.fr\/clg-tamarins\/wp-json\/wp\/v2\/media?parent=7483"}],"wp:term":[{"taxonomy":"category","embeddable":true,"href":"https:\/\/etab.ac-reunion.fr\/clg-tamarins\/wp-json\/wp\/v2\/categories?post=7483"},{"taxonomy":"post_tag","embeddable":true,"href":"https:\/\/etab.ac-reunion.fr\/clg-tamarins\/wp-json\/wp\/v2\/tags?post=7483"}],"curies":[{"name":"wp","href":"https:\/\/api.w.org\/{rel}","templated":true}]}}