{"id":7498,"date":"2020-02-10T11:13:34","date_gmt":"2020-02-10T07:13:34","guid":{"rendered":"http:\/\/college-les-tamarins.ac-reunion.fr\/?p=7498"},"modified":"2020-02-10T13:54:17","modified_gmt":"2020-02-10T09:54:17","slug":"sortie-salon-du-livre-athena-le-10-octobre-2019-jardins-de-la-plage","status":"publish","type":"post","link":"https:\/\/etab.ac-reunion.fr\/clg-tamarins\/sortie-salon-du-livre-athena-le-10-octobre-2019-jardins-de-la-plage\/","title":{"rendered":"SORTIE SALON DU LIVRE ATHENA : le 10 octobre 2019, Jardins de la plage"},"content":{"rendered":"<p style=\"text-align: center\">Ce matin, nous nous sommes rendus, ma classe et moi au salon du livre. J\u2019\u00e9tais tout excit\u00e9 \u00e0 l\u2019id\u00e9e de rencontrer TEHEM (de son vrai nom Thierry Maunier) car il a \u00e9crit des bandes dessin\u00e9es, surtout TIBURCE que j\u2019appr\u00e9cie beaucoup.<\/p>\n<p style=\"text-align: center\">Sur le site, il y avait de nombreux ateliers et stands que je ne pourrai citer car nous n\u2019avons pas eu le temps de les visiter.<\/p>\n<p style=\"text-align: center\">Tehem nous a parl\u00e9 de sa passion, devenue son m\u00e9tier (auteur dessinateur) et nous avons appris \u00e0 faire notre propre BD\u2026.\u00a0\u00ab trop cool\u00a0!\u00a0\u00bb<\/p>\n<p style=\"text-align: center\">J\u2019ai aim\u00e9 cette sortie\u2026.Merci \u00e0 Mme FELIX et Mme ETHEVE.<\/p>\n<p style=\"text-align: right\">\u00a0\u00a0\u00a0\u00a0\u00a0\u00a0\u00a0\u00a0\u00a0\u00a0\u00a0\u00a0\u00a0\u00a0\u00a0\u00a0\u00a0\u00a0\u00a0\u00a0\u00a0\u00a0\u00a0\u00a0\u00a0\u00a0\u00a0\u00a0\u00a0\u00a0\u00a0\u00a0\u00a0\u00a0\u00a0\u00a0\u00a0\u00a0\u00a0\u00a0\u00a0\u00a0\u00a0\u00a0\u00a0\u00a0\u00a0\u00a0\u00a0\u00a0\u00a0\u00a0\u00a0\u00a0\u00a0\u00a0\u00a0\u00a0 <strong>Radjen\u00a0 GOURSALO 4\u00b0 HIBISCUS<\/strong><\/p>\n<p>&nbsp;<\/p>\n<div class=\"su-custom-gallery su-custom-gallery-align-left su-custom-gallery-title-never su-lightbox-gallery\"><div class=\"su-custom-gallery-slide\" style=\"width:150px;height:150px\"><a href=\"https:\/\/etab.ac-reunion.fr\/clg-tamarins\/wp-content\/uploads\/sites\/56\/2020\/02\/tous-attentifs-scaled.jpg\" title=\"tous attentifs\"><img loading=\"lazy\" decoding=\"async\" src=\"https:\/\/etab.ac-reunion.fr\/clg-tamarins\/wp-content\/uploads\/sites\/56\/2020\/02\/tous-attentifs-scaled.jpg\" alt=\"tous attentifs\" width=\"150\" height=\"150\" \/><span class=\"su-custom-gallery-title\">tous attentifs<\/span><\/a><\/div><div class=\"su-custom-gallery-slide\" style=\"width:150px;height:150px\"><a href=\"https:\/\/etab.ac-reunion.fr\/clg-tamarins\/wp-content\/uploads\/sites\/56\/2020\/02\/TEHEM...cours_-scaled.jpg\" title=\"TEHEM&#8230;cours\"><img loading=\"lazy\" decoding=\"async\" src=\"https:\/\/etab.ac-reunion.fr\/clg-tamarins\/wp-content\/uploads\/sites\/56\/2020\/02\/TEHEM...cours_-scaled.jpg\" alt=\"TEHEM&#8230;cours\" width=\"150\" height=\"150\" \/><span class=\"su-custom-gallery-title\">TEHEM&#8230;cours<\/span><\/a><\/div><div class=\"su-custom-gallery-slide\" style=\"width:150px;height:150px\"><a href=\"https:\/\/etab.ac-reunion.fr\/clg-tamarins\/wp-content\/uploads\/sites\/56\/2020\/02\/Mayssarah-passionn\u00e9e-scaled.jpg\" title=\"Mayssarah passionn\u00e9e\"><img loading=\"lazy\" decoding=\"async\" src=\"https:\/\/etab.ac-reunion.fr\/clg-tamarins\/wp-content\/uploads\/sites\/56\/2020\/02\/Mayssarah-passionn\u00e9e-scaled.jpg\" alt=\"Mayssarah passionn\u00e9e\" width=\"150\" height=\"150\" \/><span class=\"su-custom-gallery-title\">Mayssarah passionn\u00e9e<\/span><\/a><\/div><div class=\"su-custom-gallery-slide\" style=\"width:150px;height:150px\"><a href=\"https:\/\/etab.ac-reunion.fr\/clg-tamarins\/wp-content\/uploads\/sites\/56\/2020\/02\/Joselito-en-action-scaled.jpg\" title=\"Joselito en action\"><img loading=\"lazy\" decoding=\"async\" src=\"https:\/\/etab.ac-reunion.fr\/clg-tamarins\/wp-content\/uploads\/sites\/56\/2020\/02\/Joselito-en-action-scaled.jpg\" alt=\"Joselito en action\" width=\"150\" height=\"150\" \/><span class=\"su-custom-gallery-title\">Joselito en action<\/span><\/a><\/div><div class=\"su-clear\"><\/div><\/div>\n","protected":false},"excerpt":{"rendered":"<p>Ce matin, nous nous sommes rendus, ma classe et moi au salon du livre. J\u2019\u00e9tais tout excit\u00e9 \u00e0 l\u2019id\u00e9e de rencontrer TEHEM (de son vrai nom Thierry Maunier) car il a \u00e9crit des bandes dessin\u00e9es, surtout TIBURCE que j\u2019appr\u00e9cie beaucoup. Sur le site, il y avait de nombreux ateliers et\u2026<\/p>\n<p class=\"continue-reading-button\"> <a class=\"continue-reading-link\" href=\"https:\/\/etab.ac-reunion.fr\/clg-tamarins\/sortie-salon-du-livre-athena-le-10-octobre-2019-jardins-de-la-plage\/\">Continuer \u00e0 lire<i class=\"crycon-right-dir\"><\/i><\/a><\/p>\n","protected":false},"author":13730,"featured_media":7502,"comment_status":"closed","ping_status":"closed","sticky":false,"template":"","format":"standard","meta":{"footnotes":""},"categories":[1],"tags":[],"class_list":["post-7498","post","type-post","status-publish","format-standard","has-post-thumbnail","hentry","category-non-classe"],"_links":{"self":[{"href":"https:\/\/etab.ac-reunion.fr\/clg-tamarins\/wp-json\/wp\/v2\/posts\/7498","targetHints":{"allow":["GET"]}}],"collection":[{"href":"https:\/\/etab.ac-reunion.fr\/clg-tamarins\/wp-json\/wp\/v2\/posts"}],"about":[{"href":"https:\/\/etab.ac-reunion.fr\/clg-tamarins\/wp-json\/wp\/v2\/types\/post"}],"author":[{"embeddable":true,"href":"https:\/\/etab.ac-reunion.fr\/clg-tamarins\/wp-json\/wp\/v2\/users\/13730"}],"replies":[{"embeddable":true,"href":"https:\/\/etab.ac-reunion.fr\/clg-tamarins\/wp-json\/wp\/v2\/comments?post=7498"}],"version-history":[{"count":2,"href":"https:\/\/etab.ac-reunion.fr\/clg-tamarins\/wp-json\/wp\/v2\/posts\/7498\/revisions"}],"predecessor-version":[{"id":7504,"href":"https:\/\/etab.ac-reunion.fr\/clg-tamarins\/wp-json\/wp\/v2\/posts\/7498\/revisions\/7504"}],"wp:featuredmedia":[{"embeddable":true,"href":"https:\/\/etab.ac-reunion.fr\/clg-tamarins\/wp-json\/wp\/v2\/media\/7502"}],"wp:attachment":[{"href":"https:\/\/etab.ac-reunion.fr\/clg-tamarins\/wp-json\/wp\/v2\/media?parent=7498"}],"wp:term":[{"taxonomy":"category","embeddable":true,"href":"https:\/\/etab.ac-reunion.fr\/clg-tamarins\/wp-json\/wp\/v2\/categories?post=7498"},{"taxonomy":"post_tag","embeddable":true,"href":"https:\/\/etab.ac-reunion.fr\/clg-tamarins\/wp-json\/wp\/v2\/tags?post=7498"}],"curies":[{"name":"wp","href":"https:\/\/api.w.org\/{rel}","templated":true}]}}