{"id":7505,"date":"2020-02-10T12:54:35","date_gmt":"2020-02-10T08:54:35","guid":{"rendered":"http:\/\/college-les-tamarins.ac-reunion.fr\/?p=7505"},"modified":"2020-02-10T13:53:33","modified_gmt":"2020-02-10T09:53:33","slug":"sortie-volcan","status":"publish","type":"post","link":"https:\/\/etab.ac-reunion.fr\/clg-tamarins\/sortie-volcan\/","title":{"rendered":"Sortie Volcan."},"content":{"rendered":"<p>Cette sortie permet d\u2019illustrer parfaitement notre programme de SVT. Notre EPI nous permet tout naturellement d\u2019approfondir des notions de g\u00e9ologie avec un exemple local\u00a0: le Piton de\u00a0 la Fournaise et ce, aussi bien en classe qu\u2019\u00e0 l\u2019ext\u00e9rieur.<\/p>\n<p>Notre premi\u00e8re approche s\u2019est faite au Pic de Diable, \u00e0 la sortie ouest de Saint Pierre o\u00f9 Mme FIEGENWALD nous a pr\u00e9sent\u00e9 les tr\u00e8s anciennes coul\u00e9es d\u2019une \u00e9ruption \u00ab\u00a0effusive\u00a0\u00bb avec ses roches caract\u00e9ristiques, les pierres ponce. La vuln\u00e9rabilit\u00e9 de notre ville a \u00e9t\u00e9 aussi soulev\u00e9e\u2026.juste situ\u00e9e sur le trajet direct d\u2019une \u00ab\u00a0future hypoth\u00e9tique potentielle coul\u00e9e\u00a0\u00bb nous a rassur\u00e9 Mme ETHEVE\u00a0!&#8230;<\/p>\n<p>Et dans un second temps, une sortie incontournable\u00a0: le site m\u00eame du volcan ainsi que la Cit\u00e9 du volcan, \u00e0 la Plaine des Cafres. Tr\u00e8s chanceux \u00e9tions nous, a pr\u00e9cis\u00e9 Mme FIEGENWALD\u2026..tous les sites \u00e0 observer \u00e9taient d\u00e9gag\u00e9s, comme ils ne l\u2019ont jamais \u00e9t\u00e9 nous a-t-elle pr\u00e9cis\u00e9\u2026..nous en avons pris plein les yeux. Mais h\u00e9las, certains d\u2019entre nous qui n\u2019\u00e9taient jamais venus au Pas de Bellecombe ne verront jamais la disparue Chapelle Rosemont, engloutie lors de l\u2019\u00e9ruption de juillet 2018\u2026.<\/p>\n<p>Et avant la pause d\u00e9jeuner\u2026.chasse aux tr\u00e9sors\u2026.les dunites ! Nous avons appr\u00e9ci\u00e9.<\/p>\n<p>Notre apr\u00e8s midi fut plus \u00ab\u00a0calme\u00a0\u00bb \u00e0 la Cit\u00e9 du Volcan avec visite guid\u00e9e par nos professeurs et les intervenants du site. Cerise sur le g\u00e2teau\u00a0: le cin\u00e9ma 4D qui en a fait trembl\u00e9 plus d\u2019un\u00a0!<\/p>\n<p>Une journ\u00e9e tr\u00e8s instructive et \u00e9cologique ponctu\u00e9e par une collecte de m\u00e9gots par Maya sur les sentiers que nous avons parcourus.<\/p>\n<p style=\"text-align: right\"><strong>4hibiscus<\/strong><\/p>\n<div class=\"su-custom-gallery su-custom-gallery-align-left su-custom-gallery-title-never su-lightbox-gallery\"><div class=\"su-custom-gallery-slide\" style=\"width:150px;height:150px\"><a href=\"https:\/\/etab.ac-reunion.fr\/clg-tamarins\/wp-content\/uploads\/sites\/56\/2020\/02\/vers-les-sites-dobservation-scaled.jpg\" title=\"vers les sites d&rsquo;observation\"><img loading=\"lazy\" decoding=\"async\" src=\"https:\/\/etab.ac-reunion.fr\/clg-tamarins\/wp-content\/uploads\/sites\/56\/2020\/02\/vers-les-sites-dobservation-scaled.jpg\" alt=\"vers les sites d&rsquo;observation\" width=\"150\" height=\"150\" \/><span class=\"su-custom-gallery-title\">vers les sites d&rsquo;observation<\/span><\/a><\/div><div class=\"su-custom-gallery-slide\" style=\"width:150px;height:150px\"><a href=\"https:\/\/etab.ac-reunion.fr\/clg-tamarins\/wp-content\/uploads\/sites\/56\/2020\/02\/table-dorientation-\u00e0-la-Pointe-du-diable-scaled.jpg\" title=\"table d&rsquo;orientation \u00e0 la Pointe du diable\"><img loading=\"lazy\" decoding=\"async\" src=\"https:\/\/etab.ac-reunion.fr\/clg-tamarins\/wp-content\/uploads\/sites\/56\/2020\/02\/table-dorientation-\u00e0-la-Pointe-du-diable-scaled.jpg\" alt=\"table d&rsquo;orientation \u00e0 la Pointe du diable\" width=\"150\" height=\"150\" \/><span class=\"su-custom-gallery-title\">table d&rsquo;orientation \u00e0 la Pointe du diable<\/span><\/a><\/div><div class=\"su-custom-gallery-slide\" style=\"width:150px;height:150px\"><a href=\"https:\/\/etab.ac-reunion.fr\/clg-tamarins\/wp-content\/uploads\/sites\/56\/2020\/02\/recherche-de-pierres-ponce-scaled.jpg\" title=\"recherche de pierres ponce\"><img loading=\"lazy\" decoding=\"async\" src=\"https:\/\/etab.ac-reunion.fr\/clg-tamarins\/wp-content\/uploads\/sites\/56\/2020\/02\/recherche-de-pierres-ponce-scaled.jpg\" alt=\"recherche de pierres ponce\" width=\"150\" height=\"150\" \/><span class=\"su-custom-gallery-title\">recherche de pierres ponce<\/span><\/a><\/div><div class=\"su-custom-gallery-slide\" style=\"width:150px;height:150px\"><a href=\"https:\/\/etab.ac-reunion.fr\/clg-tamarins\/wp-content\/uploads\/sites\/56\/2020\/02\/chasse-aux-dunites-scaled.jpg\" title=\"chasse aux dunites\"><img loading=\"lazy\" decoding=\"async\" src=\"https:\/\/etab.ac-reunion.fr\/clg-tamarins\/wp-content\/uploads\/sites\/56\/2020\/02\/chasse-aux-dunites-scaled.jpg\" alt=\"chasse aux dunites\" width=\"150\" height=\"150\" \/><span class=\"su-custom-gallery-title\">chasse aux dunites<\/span><\/a><\/div><div class=\"su-custom-gallery-slide\" style=\"width:150px;height:150px\"><a href=\"https:\/\/etab.ac-reunion.fr\/clg-tamarins\/wp-content\/uploads\/sites\/56\/2020\/02\/ce-qui-reste-de-la-chapelle-Rosemont-scaled.jpg\" title=\"ce qui reste de la chapelle Rosemont\"><img loading=\"lazy\" decoding=\"async\" src=\"https:\/\/etab.ac-reunion.fr\/clg-tamarins\/wp-content\/uploads\/sites\/56\/2020\/02\/ce-qui-reste-de-la-chapelle-Rosemont-scaled.jpg\" alt=\"ce qui reste de la chapelle Rosemont\" width=\"150\" height=\"150\" \/><span class=\"su-custom-gallery-title\">ce qui reste de la chapelle Rosemont<\/span><\/a><\/div><div class=\"su-clear\"><\/div><\/div>\n<p>&nbsp;<\/p>\n","protected":false},"excerpt":{"rendered":"<p>Cette sortie permet d\u2019illustrer parfaitement notre programme de SVT. Notre EPI nous permet tout naturellement d\u2019approfondir des notions de g\u00e9ologie avec un exemple local\u00a0: le Piton de\u00a0 la Fournaise et ce, aussi bien en classe qu\u2019\u00e0 l\u2019ext\u00e9rieur. Notre premi\u00e8re approche s\u2019est faite au Pic de Diable, \u00e0 la sortie ouest\u2026<\/p>\n<p class=\"continue-reading-button\"> <a class=\"continue-reading-link\" href=\"https:\/\/etab.ac-reunion.fr\/clg-tamarins\/sortie-volcan\/\">Continuer \u00e0 lire<i class=\"crycon-right-dir\"><\/i><\/a><\/p>\n","protected":false},"author":13730,"featured_media":7506,"comment_status":"closed","ping_status":"closed","sticky":false,"template":"","format":"standard","meta":{"footnotes":""},"categories":[1],"tags":[],"class_list":["post-7505","post","type-post","status-publish","format-standard","has-post-thumbnail","hentry","category-non-classe"],"_links":{"self":[{"href":"https:\/\/etab.ac-reunion.fr\/clg-tamarins\/wp-json\/wp\/v2\/posts\/7505","targetHints":{"allow":["GET"]}}],"collection":[{"href":"https:\/\/etab.ac-reunion.fr\/clg-tamarins\/wp-json\/wp\/v2\/posts"}],"about":[{"href":"https:\/\/etab.ac-reunion.fr\/clg-tamarins\/wp-json\/wp\/v2\/types\/post"}],"author":[{"embeddable":true,"href":"https:\/\/etab.ac-reunion.fr\/clg-tamarins\/wp-json\/wp\/v2\/users\/13730"}],"replies":[{"embeddable":true,"href":"https:\/\/etab.ac-reunion.fr\/clg-tamarins\/wp-json\/wp\/v2\/comments?post=7505"}],"version-history":[{"count":1,"href":"https:\/\/etab.ac-reunion.fr\/clg-tamarins\/wp-json\/wp\/v2\/posts\/7505\/revisions"}],"predecessor-version":[{"id":7511,"href":"https:\/\/etab.ac-reunion.fr\/clg-tamarins\/wp-json\/wp\/v2\/posts\/7505\/revisions\/7511"}],"wp:featuredmedia":[{"embeddable":true,"href":"https:\/\/etab.ac-reunion.fr\/clg-tamarins\/wp-json\/wp\/v2\/media\/7506"}],"wp:attachment":[{"href":"https:\/\/etab.ac-reunion.fr\/clg-tamarins\/wp-json\/wp\/v2\/media?parent=7505"}],"wp:term":[{"taxonomy":"category","embeddable":true,"href":"https:\/\/etab.ac-reunion.fr\/clg-tamarins\/wp-json\/wp\/v2\/categories?post=7505"},{"taxonomy":"post_tag","embeddable":true,"href":"https:\/\/etab.ac-reunion.fr\/clg-tamarins\/wp-json\/wp\/v2\/tags?post=7505"}],"curies":[{"name":"wp","href":"https:\/\/api.w.org\/{rel}","templated":true}]}}