{"id":7512,"date":"2020-02-10T13:04:46","date_gmt":"2020-02-10T09:04:46","guid":{"rendered":"http:\/\/college-les-tamarins.ac-reunion.fr\/?p=7512"},"modified":"2020-02-10T13:52:58","modified_gmt":"2020-02-10T09:52:58","slug":"une-visite-memorielle-a-villele","status":"publish","type":"post","link":"https:\/\/etab.ac-reunion.fr\/clg-tamarins\/une-visite-memorielle-a-villele\/","title":{"rendered":"Une visite m\u00e9morielle \u00e0 Vill\u00e8le."},"content":{"rendered":"<p>En visitant le domaine de Mme DESBASSYNS \u00e0 Saint Gilles les Hauts nous avons mis des r\u00e9alit\u00e9s sur ce qui nous a \u00e9t\u00e9 dit en cours. Un domaine (appel\u00e9 \u00e0 la R\u00e9union, plantation) immense (\u00ab\u00a0du battant des laves au sommet des montagnes\u00a0\u00bb nous a dit le guide) avec des plantations de caf\u00e9 (pas encore en fleurs \u00e0 cette \u00e9poque de l\u2019ann\u00e9e), des champs de canne \u00e0 sucre \u00e0 perte de vue. A proximit\u00e9 de la maison des ma\u00eetres, devenue propri\u00e9t\u00e9 du D\u00e9partement, l\u2019h\u00f4pital des esclaves\u2026. Mme DESBASSYNS, ma\u00eetresse des lieux au XIX\u00b0Si\u00e8cle a bien respect\u00e9 le Code Noir !<\/p>\n<p>Une demeure magnifique avec au sol des bois pr\u00e9cieux et des vestiges architecturaux m\u00e9morables.<\/p>\n<p>Un pan de litt\u00e9rature a \u00e9t\u00e9 soulev\u00e9 avec Eug\u00e8ne DAYOT, le Mutil\u00e9. Et dans la chambre un tableau rappelant une histoire tragique (mauricienne) \u00e9crite par Bernardin de Saint Pierre\u00a0: \u00ab\u00a0Paul et Virginie\u00a0\u00bb.<\/p>\n<p>La religion \u00e9tait \u00e0 l\u2019\u00e9poque aussi tr\u00e8s pr\u00e9sente et Mme DEBASSYNS se devait d\u2019honorer les traditions. Ainsi, nous avons pu aussi visiter la Chapelle Pointue et ses mythes (celui de la pierre tombale dans la nef, devant l\u2019autel o\u00f9 repose l\u2019ancienne propri\u00e9taire\u00a0; pierre fendue lors d\u2019un cyclone)\u2026.col\u00e8re du ciel\u00a0?<\/p>\n<p>Mme DEBASSYNS est-elle dame Providence ou Gran m\u00e8r kal\u00a0???? Petite histoire dans la grande Histoire.<\/p>\n<p>Au-del\u00e0 de notre cours classique la pause d\u00e9je\u00fbner a \u00e9t\u00e9 le pr\u00e9texte \u00e0 ouvrir une nouvelle fen\u00eatre \u00e0 notre EPI\u00a0: l\u2019environnement. Assad, Amaury et d\u2019autres \u00e9l\u00e8ves ont entrepris de collecter tessons de verre et d\u00e9chets plastiques sur la plage de Saint Leu pour cl\u00f4turer cette belle journ\u00e9e\u2026\u00a0affaire \u00e0 suivre\u00a0!<\/p>\n<p style=\"text-align: right\"><strong>4hibiscus<\/strong><\/p>\n<div class=\"su-custom-gallery su-custom-gallery-align-left su-custom-gallery-title-never su-lightbox-gallery\"><div class=\"su-custom-gallery-slide\" style=\"width:150px;height:150px\"><a href=\"https:\/\/etab.ac-reunion.fr\/clg-tamarins\/wp-content\/uploads\/sites\/56\/2020\/02\/Ombline-DEBASSYNS-scaled.jpg\" title=\"Ombline DEBASSYNS\"><img loading=\"lazy\" decoding=\"async\" src=\"https:\/\/etab.ac-reunion.fr\/clg-tamarins\/wp-content\/uploads\/sites\/56\/2020\/02\/Ombline-DEBASSYNS-scaled.jpg\" alt=\"Ombline DEBASSYNS\" width=\"150\" height=\"150\" \/><span class=\"su-custom-gallery-title\">Ombline DEBASSYNS<\/span><\/a><\/div><div class=\"su-custom-gallery-slide\" style=\"width:150px;height:150px\"><a href=\"https:\/\/etab.ac-reunion.fr\/clg-tamarins\/wp-content\/uploads\/sites\/56\/2020\/02\/la-maison-des-ma\u00eetres-en-2019-scaled.jpg\" title=\"la maison des ma\u00eetres en 2019\"><img loading=\"lazy\" decoding=\"async\" src=\"https:\/\/etab.ac-reunion.fr\/clg-tamarins\/wp-content\/uploads\/sites\/56\/2020\/02\/la-maison-des-ma\u00eetres-en-2019-scaled.jpg\" alt=\"la maison des ma\u00eetres en 2019\" width=\"150\" height=\"150\" \/><span class=\"su-custom-gallery-title\">la maison des ma\u00eetres en 2019<\/span><\/a><\/div><div class=\"su-custom-gallery-slide\" style=\"width:150px;height:150px\"><a href=\"https:\/\/etab.ac-reunion.fr\/clg-tamarins\/wp-content\/uploads\/sites\/56\/2020\/02\/la-maison-des-ma\u00eetres-en-1920-scaled.jpg\" title=\"la maison des ma\u00eetres en 1920\"><img loading=\"lazy\" decoding=\"async\" src=\"https:\/\/etab.ac-reunion.fr\/clg-tamarins\/wp-content\/uploads\/sites\/56\/2020\/02\/la-maison-des-ma\u00eetres-en-1920-scaled.jpg\" alt=\"la maison des ma\u00eetres en 1920\" width=\"150\" height=\"150\" \/><span class=\"su-custom-gallery-title\">la maison des ma\u00eetres en 1920<\/span><\/a><\/div><div class=\"su-custom-gallery-slide\" style=\"width:150px;height:150px\"><a href=\"https:\/\/etab.ac-reunion.fr\/clg-tamarins\/wp-content\/uploads\/sites\/56\/2020\/02\/La-chapelle-pointue-scaled.jpg\" title=\"La chapelle pointue\"><img loading=\"lazy\" decoding=\"async\" src=\"https:\/\/etab.ac-reunion.fr\/clg-tamarins\/wp-content\/uploads\/sites\/56\/2020\/02\/La-chapelle-pointue-scaled.jpg\" alt=\"La chapelle pointue\" width=\"150\" height=\"150\" \/><span class=\"su-custom-gallery-title\">La chapelle pointue<\/span><\/a><\/div><div class=\"su-custom-gallery-slide\" style=\"width:150px;height:150px\"><a href=\"https:\/\/etab.ac-reunion.fr\/clg-tamarins\/wp-content\/uploads\/sites\/56\/2020\/02\/Eug\u00e8ne-Dayot-scaled.jpg\" title=\"Eug\u00e8ne Dayot\"><img loading=\"lazy\" decoding=\"async\" src=\"https:\/\/etab.ac-reunion.fr\/clg-tamarins\/wp-content\/uploads\/sites\/56\/2020\/02\/Eug\u00e8ne-Dayot-scaled.jpg\" alt=\"Eug\u00e8ne Dayot\" width=\"150\" height=\"150\" \/><span class=\"su-custom-gallery-title\">Eug\u00e8ne Dayot<\/span><\/a><\/div><div class=\"su-custom-gallery-slide\" style=\"width:150px;height:150px\"><a href=\"https:\/\/etab.ac-reunion.fr\/clg-tamarins\/wp-content\/uploads\/sites\/56\/2020\/02\/Madame-Debassyns-et-le-Code-Noir-scaled.jpg\" title=\"Madame Debassyns et le Code Noir\"><img loading=\"lazy\" decoding=\"async\" src=\"https:\/\/etab.ac-reunion.fr\/clg-tamarins\/wp-content\/uploads\/sites\/56\/2020\/02\/Madame-Debassyns-et-le-Code-Noir-scaled.jpg\" alt=\"Madame Debassyns et le Code Noir\" width=\"150\" height=\"150\" \/><span class=\"su-custom-gallery-title\">Madame Debassyns et le Code Noir<\/span><\/a><\/div><div class=\"su-clear\"><\/div><\/div>\n<p>&nbsp;<\/p>\n","protected":false},"excerpt":{"rendered":"<p>En visitant le domaine de Mme DESBASSYNS \u00e0 Saint Gilles les Hauts nous avons mis des r\u00e9alit\u00e9s sur ce qui nous a \u00e9t\u00e9 dit en cours. Un domaine (appel\u00e9 \u00e0 la R\u00e9union, plantation) immense (\u00ab\u00a0du battant des laves au sommet des montagnes\u00a0\u00bb nous a dit le guide) avec des plantations\u2026<\/p>\n<p class=\"continue-reading-button\"> <a class=\"continue-reading-link\" href=\"https:\/\/etab.ac-reunion.fr\/clg-tamarins\/une-visite-memorielle-a-villele\/\">Continuer \u00e0 lire<i class=\"crycon-right-dir\"><\/i><\/a><\/p>\n","protected":false},"author":13730,"featured_media":7516,"comment_status":"closed","ping_status":"closed","sticky":false,"template":"","format":"standard","meta":{"footnotes":""},"categories":[1],"tags":[],"class_list":["post-7512","post","type-post","status-publish","format-standard","has-post-thumbnail","hentry","category-non-classe"],"_links":{"self":[{"href":"https:\/\/etab.ac-reunion.fr\/clg-tamarins\/wp-json\/wp\/v2\/posts\/7512","targetHints":{"allow":["GET"]}}],"collection":[{"href":"https:\/\/etab.ac-reunion.fr\/clg-tamarins\/wp-json\/wp\/v2\/posts"}],"about":[{"href":"https:\/\/etab.ac-reunion.fr\/clg-tamarins\/wp-json\/wp\/v2\/types\/post"}],"author":[{"embeddable":true,"href":"https:\/\/etab.ac-reunion.fr\/clg-tamarins\/wp-json\/wp\/v2\/users\/13730"}],"replies":[{"embeddable":true,"href":"https:\/\/etab.ac-reunion.fr\/clg-tamarins\/wp-json\/wp\/v2\/comments?post=7512"}],"version-history":[{"count":1,"href":"https:\/\/etab.ac-reunion.fr\/clg-tamarins\/wp-json\/wp\/v2\/posts\/7512\/revisions"}],"predecessor-version":[{"id":7519,"href":"https:\/\/etab.ac-reunion.fr\/clg-tamarins\/wp-json\/wp\/v2\/posts\/7512\/revisions\/7519"}],"wp:featuredmedia":[{"embeddable":true,"href":"https:\/\/etab.ac-reunion.fr\/clg-tamarins\/wp-json\/wp\/v2\/media\/7516"}],"wp:attachment":[{"href":"https:\/\/etab.ac-reunion.fr\/clg-tamarins\/wp-json\/wp\/v2\/media?parent=7512"}],"wp:term":[{"taxonomy":"category","embeddable":true,"href":"https:\/\/etab.ac-reunion.fr\/clg-tamarins\/wp-json\/wp\/v2\/categories?post=7512"},{"taxonomy":"post_tag","embeddable":true,"href":"https:\/\/etab.ac-reunion.fr\/clg-tamarins\/wp-json\/wp\/v2\/tags?post=7512"}],"curies":[{"name":"wp","href":"https:\/\/api.w.org\/{rel}","templated":true}]}}