{"id":7544,"date":"2020-03-29T10:33:40","date_gmt":"2020-03-29T06:33:40","guid":{"rendered":"http:\/\/college-les-tamarins.ac-reunion.fr\/?p=7544"},"modified":"2020-03-30T12:12:38","modified_gmt":"2020-03-30T08:12:38","slug":"commemoration-de-larmistice-du-11-novembre-2019","status":"publish","type":"post","link":"https:\/\/etab.ac-reunion.fr\/clg-tamarins\/commemoration-de-larmistice-du-11-novembre-2019\/","title":{"rendered":"Comm\u00e9moration de l\u2019Armistice du 11 novembre 2019"},"content":{"rendered":"<div class=\"gmail_quote\" dir=\"auto\">Devoir de m\u00e9moire, les \u00e9l\u00e8ves de la classe D\u00e9fense ont chant\u00e9 la <i>Marseillaise<\/i> a cappella en compagnie des \u00e9l\u00e8ves de la Classe D\u00e9fense du coll\u00e8ge Henri Matisse de Mme Ravier.<\/div>\n<div dir=\"auto\"><\/div>\n<div class=\"gmail_quote\" dir=\"auto\">Merci aux \u00e9l\u00e8ves pour leur engagement, futurs citoyens de demain. Merci aux autorit\u00e9s, aux militaires et aux anciens combattants de nous avoir permis de vivre ce moment.\u00a0 Mme Dami<\/div>\n<div dir=\"auto\"><\/div>\n<div dir=\"auto\"><div class=\"su-custom-gallery su-custom-gallery-align-left su-custom-gallery-title-never su-lightbox-gallery\"><div class=\"su-custom-gallery-slide\" style=\"width:150px;height:150px\"><a href=\"https:\/\/etab.ac-reunion.fr\/clg-tamarins\/wp-content\/uploads\/sites\/56\/2020\/03\/IMG_2027.png\" title=\"IMG_2027\"><img loading=\"lazy\" decoding=\"async\" src=\"https:\/\/etab.ac-reunion.fr\/clg-tamarins\/wp-content\/uploads\/sites\/56\/2020\/03\/IMG_2027.png\" alt=\"IMG_2027\" width=\"150\" height=\"150\" \/><span class=\"su-custom-gallery-title\">IMG_2027<\/span><\/a><\/div><div class=\"su-custom-gallery-slide\" style=\"width:150px;height:150px\"><a href=\"https:\/\/etab.ac-reunion.fr\/clg-tamarins\/wp-content\/uploads\/sites\/56\/2020\/03\/IMG_2046.jpg\" title=\"IMG_2046\"><img loading=\"lazy\" decoding=\"async\" src=\"https:\/\/etab.ac-reunion.fr\/clg-tamarins\/wp-content\/uploads\/sites\/56\/2020\/03\/IMG_2046.jpg\" alt=\"IMG_2046\" width=\"150\" height=\"150\" \/><span class=\"su-custom-gallery-title\">IMG_2046<\/span><\/a><\/div><div class=\"su-custom-gallery-slide\" style=\"width:150px;height:150px\"><a href=\"https:\/\/etab.ac-reunion.fr\/clg-tamarins\/wp-content\/uploads\/sites\/56\/2020\/03\/IMG_2044.jpg\" title=\"IMG_2044\"><img loading=\"lazy\" decoding=\"async\" src=\"https:\/\/etab.ac-reunion.fr\/clg-tamarins\/wp-content\/uploads\/sites\/56\/2020\/03\/IMG_2044.jpg\" alt=\"IMG_2044\" width=\"150\" height=\"150\" \/><span class=\"su-custom-gallery-title\">IMG_2044<\/span><\/a><\/div><div class=\"su-custom-gallery-slide\" style=\"width:150px;height:150px\"><a href=\"https:\/\/etab.ac-reunion.fr\/clg-tamarins\/wp-content\/uploads\/sites\/56\/2020\/03\/IMG_2047.jpg\" title=\"IMG_2047\"><img loading=\"lazy\" decoding=\"async\" src=\"https:\/\/etab.ac-reunion.fr\/clg-tamarins\/wp-content\/uploads\/sites\/56\/2020\/03\/IMG_2047.jpg\" alt=\"IMG_2047\" width=\"150\" height=\"150\" \/><span class=\"su-custom-gallery-title\">IMG_2047<\/span><\/a><\/div><div class=\"su-custom-gallery-slide\" style=\"width:150px;height:150px\"><a href=\"https:\/\/etab.ac-reunion.fr\/clg-tamarins\/wp-content\/uploads\/sites\/56\/2020\/03\/IMG_2045.jpg\" title=\"IMG_2045\"><img loading=\"lazy\" decoding=\"async\" src=\"https:\/\/etab.ac-reunion.fr\/clg-tamarins\/wp-content\/uploads\/sites\/56\/2020\/03\/IMG_2045.jpg\" alt=\"IMG_2045\" width=\"150\" height=\"150\" \/><span class=\"su-custom-gallery-title\">IMG_2045<\/span><\/a><\/div><div class=\"su-clear\"><\/div><\/div><\/div>\n","protected":false},"excerpt":{"rendered":"<p>Devoir de m\u00e9moire, les \u00e9l\u00e8ves de la classe D\u00e9fense ont chant\u00e9 la Marseillaise a cappella en compagnie des \u00e9l\u00e8ves de la Classe D\u00e9fense du coll\u00e8ge Henri Matisse de Mme Ravier. Merci aux \u00e9l\u00e8ves pour leur engagement, futurs citoyens de demain. Merci aux autorit\u00e9s, aux militaires et aux anciens combattants de\u2026<\/p>\n<p class=\"continue-reading-button\"> <a class=\"continue-reading-link\" href=\"https:\/\/etab.ac-reunion.fr\/clg-tamarins\/commemoration-de-larmistice-du-11-novembre-2019\/\">Continuer \u00e0 lire<i class=\"crycon-right-dir\"><\/i><\/a><\/p>\n","protected":false},"author":13730,"featured_media":7549,"comment_status":"closed","ping_status":"closed","sticky":false,"template":"","format":"standard","meta":{"footnotes":""},"categories":[1],"tags":[],"class_list":["post-7544","post","type-post","status-publish","format-standard","has-post-thumbnail","hentry","category-non-classe"],"_links":{"self":[{"href":"https:\/\/etab.ac-reunion.fr\/clg-tamarins\/wp-json\/wp\/v2\/posts\/7544","targetHints":{"allow":["GET"]}}],"collection":[{"href":"https:\/\/etab.ac-reunion.fr\/clg-tamarins\/wp-json\/wp\/v2\/posts"}],"about":[{"href":"https:\/\/etab.ac-reunion.fr\/clg-tamarins\/wp-json\/wp\/v2\/types\/post"}],"author":[{"embeddable":true,"href":"https:\/\/etab.ac-reunion.fr\/clg-tamarins\/wp-json\/wp\/v2\/users\/13730"}],"replies":[{"embeddable":true,"href":"https:\/\/etab.ac-reunion.fr\/clg-tamarins\/wp-json\/wp\/v2\/comments?post=7544"}],"version-history":[{"count":1,"href":"https:\/\/etab.ac-reunion.fr\/clg-tamarins\/wp-json\/wp\/v2\/posts\/7544\/revisions"}],"predecessor-version":[{"id":7550,"href":"https:\/\/etab.ac-reunion.fr\/clg-tamarins\/wp-json\/wp\/v2\/posts\/7544\/revisions\/7550"}],"wp:featuredmedia":[{"embeddable":true,"href":"https:\/\/etab.ac-reunion.fr\/clg-tamarins\/wp-json\/wp\/v2\/media\/7549"}],"wp:attachment":[{"href":"https:\/\/etab.ac-reunion.fr\/clg-tamarins\/wp-json\/wp\/v2\/media?parent=7544"}],"wp:term":[{"taxonomy":"category","embeddable":true,"href":"https:\/\/etab.ac-reunion.fr\/clg-tamarins\/wp-json\/wp\/v2\/categories?post=7544"},{"taxonomy":"post_tag","embeddable":true,"href":"https:\/\/etab.ac-reunion.fr\/clg-tamarins\/wp-json\/wp\/v2\/tags?post=7544"}],"curies":[{"name":"wp","href":"https:\/\/api.w.org\/{rel}","templated":true}]}}