{"id":7750,"date":"2021-06-14T14:05:07","date_gmt":"2021-06-14T10:05:07","guid":{"rendered":"http:\/\/college-les-tamarins.ac-reunion.fr\/?p=7750"},"modified":"2021-06-18T16:01:51","modified_gmt":"2021-06-18T12:01:51","slug":"exposition-des-travaux-artistiques-de-nos-eleves-a-la-galerie-hangart-du-27-mai-au-19-juin-2021","status":"publish","type":"post","link":"https:\/\/etab.ac-reunion.fr\/clg-tamarins\/exposition-des-travaux-artistiques-de-nos-eleves-a-la-galerie-hangart-du-27-mai-au-19-juin-2021\/","title":{"rendered":"EXPOSITION DES TRAVAUX ARTISTIQUES DE NOS ELEVES A LA GALERIE HANGART DU 27 MAI AU 19 JUIN 2021"},"content":{"rendered":"<p>Dans le cadre de la manifestation \u00ab\u00a0Art hors les murs\u00a0\u00bb \u00e0 la galerie Hangart de Saint-Pierre, le coll\u00e8ge ainsi que quelques \u00e9coles du r\u00e9seau exposent tout le travail r\u00e9alis\u00e9 en 2021 dans le cadre des projets artistiques et culturels\u00a0:<\/p>\n<ul>\n<li>Les 6<sup>e<\/sup> baie rose et La classe de CM2 Ylang Ylang de Jean Moulin exposent leurs \u0153uvres inspir\u00e9es de \u00ab\u00a0Mad\u00e9casse\u00a0\u00bb et \u00ab\u00a0Piedbwa\u00a0\u00bb de Kako,<\/li>\n<li>Les 5<sup>e<\/sup> option chinois\u00a0restitue l\u2019atelier calligraphie latine et chinoise,<\/li>\n<li>Les 4<sup>e<\/sup> orchid\u00e9e, leur maloya \u00e9crit et compos\u00e9 dans le cadre du concours la flamme de l\u2019\u00e9galit\u00e9,<\/li>\n<li>Les 4 hibiscus, atelier g\u00e9n\u00e9alogie, atelier d\u00e9veloppement durable et EPI Histoire et g\u00e9ologie de la R\u00e9union,<\/li>\n<li>Les 3<sup>e<\/sup> parcours d\u2019excellence exposent leurs \u0153uvres issues de l\u2019atelier photo argentique avec Fatch et de l\u2019atelier Kako \u00ab\u00a0les arbres c\u00e2lins\u00a0\u00bb,<\/li>\n<li>L\u2019ecole H\u00e9va et Pierre Lagourgue expose les travaux des \u00e9l\u00e8ves de maternelles issues de l\u2019atelier photo avec Fatch et l\u2019atelier dessin avec David L\u00e9on-Gimenez.<\/li>\n<\/ul>\n<p>Cette exposition se tient du 27 mai 2020 au 19 juin 2021.<\/p>\n<p>La galerie est ouverte au public de 9h30 \u00e0 17h30 tous les jours sauf le dimanche de 10h \u00e0 17h.<\/p>\n<p>&nbsp;<\/p>\n<p>&nbsp;<\/p>\n<p><a href=\"https:\/\/etab.ac-reunion.fr\/clg-tamarins\/wp-content\/uploads\/sites\/56\/2021\/06\/0004.png\"><img loading=\"lazy\" decoding=\"async\" class=\"alignleft wp-image-7752 size-medium\" src=\"https:\/\/etab.ac-reunion.fr\/clg-tamarins\/wp-content\/uploads\/sites\/56\/2021\/06\/0004-213x300.png\" alt=\"\" width=\"213\" height=\"300\" srcset=\"https:\/\/etab.ac-reunion.fr\/clg-tamarins\/wp-content\/uploads\/sites\/56\/2021\/06\/0004-213x300.png 213w, https:\/\/etab.ac-reunion.fr\/clg-tamarins\/wp-content\/uploads\/sites\/56\/2021\/06\/0004-107x150.png 107w, https:\/\/etab.ac-reunion.fr\/clg-tamarins\/wp-content\/uploads\/sites\/56\/2021\/06\/0004.png 535w\" sizes=\"auto, (max-width: 213px) 100vw, 213px\" \/><\/a><\/p>\n<p><a href=\"https:\/\/etab.ac-reunion.fr\/clg-tamarins\/wp-content\/uploads\/sites\/56\/2021\/06\/00001.png\"><img loading=\"lazy\" decoding=\"async\" class=\"alignright wp-image-7751\" src=\"https:\/\/etab.ac-reunion.fr\/clg-tamarins\/wp-content\/uploads\/sites\/56\/2021\/06\/00001-212x300.png\" alt=\"\" width=\"225\" height=\"308\" \/><\/a><\/p>\n<p>&nbsp;<\/p>\n<p>&nbsp;<\/p>\n<p>&nbsp;<\/p>\n<p>&nbsp;<\/p>\n<p>&nbsp;<\/p>\n<p>&nbsp;<\/p>\n<p>&nbsp;<\/p>\n<p>&nbsp;<\/p>\n<p>&nbsp;<\/p>\n<div class=\"su-image-carousel  su-image-carousel-has-spacing su-image-carousel-has-outline su-image-carousel-adaptive su-image-carousel-slides-style-minimal su-image-carousel-controls-style-light su-image-carousel-align-none\" style=\"\" data-flickity-options='{\"groupCells\":true,\"cellSelector\":\".su-image-carousel-item\",\"adaptiveHeight\":true,\"cellAlign\":\"left\",\"prevNextButtons\":true,\"pageDots\":true,\"autoPlay\":5000,\"imagesLoaded\":true,\"contain\":false,\"selectedAttraction\":0.025,\"friction\":0.28}' id=\"su_image_carousel_69f1d5cb4e0a6\"><div class=\"su-image-carousel-item\"><div class=\"su-image-carousel-item-content\"><img loading=\"lazy\" decoding=\"async\" width=\"2560\" height=\"1920\" src=\"https:\/\/etab.ac-reunion.fr\/clg-tamarins\/wp-content\/uploads\/sites\/56\/2021\/06\/vernissage-le-27-mai-2021-scaled.jpg\" class=\"\" alt=\"\" srcset=\"https:\/\/etab.ac-reunion.fr\/clg-tamarins\/wp-content\/uploads\/sites\/56\/2021\/06\/vernissage-le-27-mai-2021-scaled.jpg 2560w, https:\/\/etab.ac-reunion.fr\/clg-tamarins\/wp-content\/uploads\/sites\/56\/2021\/06\/vernissage-le-27-mai-2021-300x225.jpg 300w, https:\/\/etab.ac-reunion.fr\/clg-tamarins\/wp-content\/uploads\/sites\/56\/2021\/06\/vernissage-le-27-mai-2021-1024x768.jpg 1024w, https:\/\/etab.ac-reunion.fr\/clg-tamarins\/wp-content\/uploads\/sites\/56\/2021\/06\/vernissage-le-27-mai-2021-768x576.jpg 768w, https:\/\/etab.ac-reunion.fr\/clg-tamarins\/wp-content\/uploads\/sites\/56\/2021\/06\/vernissage-le-27-mai-2021-1536x1152.jpg 1536w, https:\/\/etab.ac-reunion.fr\/clg-tamarins\/wp-content\/uploads\/sites\/56\/2021\/06\/vernissage-le-27-mai-2021-2048x1536.jpg 2048w, https:\/\/etab.ac-reunion.fr\/clg-tamarins\/wp-content\/uploads\/sites\/56\/2021\/06\/vernissage-le-27-mai-2021-150x113.jpg 150w\" sizes=\"auto, (max-width: 2560px) 100vw, 2560px\" \/><\/div><\/div><div class=\"su-image-carousel-item\"><div class=\"su-image-carousel-item-content\"><img loading=\"lazy\" decoding=\"async\" width=\"720\" height=\"377\" src=\"https:\/\/etab.ac-reunion.fr\/clg-tamarins\/wp-content\/uploads\/sites\/56\/2021\/06\/les-arbres-calins-1parcours-dexcellence.jpg\" class=\"\" alt=\"\" srcset=\"https:\/\/etab.ac-reunion.fr\/clg-tamarins\/wp-content\/uploads\/sites\/56\/2021\/06\/les-arbres-calins-1parcours-dexcellence.jpg 720w, https:\/\/etab.ac-reunion.fr\/clg-tamarins\/wp-content\/uploads\/sites\/56\/2021\/06\/les-arbres-calins-1parcours-dexcellence-300x157.jpg 300w, https:\/\/etab.ac-reunion.fr\/clg-tamarins\/wp-content\/uploads\/sites\/56\/2021\/06\/les-arbres-calins-1parcours-dexcellence-150x79.jpg 150w\" sizes=\"auto, (max-width: 720px) 100vw, 720px\" \/><\/div><\/div><div class=\"su-image-carousel-item\"><div class=\"su-image-carousel-item-content\"><img loading=\"lazy\" decoding=\"async\" width=\"720\" height=\"540\" src=\"https:\/\/etab.ac-reunion.fr\/clg-tamarins\/wp-content\/uploads\/sites\/56\/2021\/06\/les-arbres-calins-2-parcours-dexcellence.jpg\" class=\"\" alt=\"\" srcset=\"https:\/\/etab.ac-reunion.fr\/clg-tamarins\/wp-content\/uploads\/sites\/56\/2021\/06\/les-arbres-calins-2-parcours-dexcellence.jpg 720w, https:\/\/etab.ac-reunion.fr\/clg-tamarins\/wp-content\/uploads\/sites\/56\/2021\/06\/les-arbres-calins-2-parcours-dexcellence-300x225.jpg 300w, https:\/\/etab.ac-reunion.fr\/clg-tamarins\/wp-content\/uploads\/sites\/56\/2021\/06\/les-arbres-calins-2-parcours-dexcellence-150x113.jpg 150w\" sizes=\"auto, (max-width: 720px) 100vw, 720px\" \/><\/div><\/div><div class=\"su-image-carousel-item\"><div class=\"su-image-carousel-item-content\"><img loading=\"lazy\" decoding=\"async\" width=\"720\" height=\"408\" src=\"https:\/\/etab.ac-reunion.fr\/clg-tamarins\/wp-content\/uploads\/sites\/56\/2021\/06\/les-arbres-calins-3-parcours-dexcellence.jpg\" class=\"\" alt=\"\" srcset=\"https:\/\/etab.ac-reunion.fr\/clg-tamarins\/wp-content\/uploads\/sites\/56\/2021\/06\/les-arbres-calins-3-parcours-dexcellence.jpg 720w, https:\/\/etab.ac-reunion.fr\/clg-tamarins\/wp-content\/uploads\/sites\/56\/2021\/06\/les-arbres-calins-3-parcours-dexcellence-300x170.jpg 300w, https:\/\/etab.ac-reunion.fr\/clg-tamarins\/wp-content\/uploads\/sites\/56\/2021\/06\/les-arbres-calins-3-parcours-dexcellence-150x85.jpg 150w\" sizes=\"auto, (max-width: 720px) 100vw, 720px\" \/><\/div><\/div><div class=\"su-image-carousel-item\"><div class=\"su-image-carousel-item-content\"><img loading=\"lazy\" decoding=\"async\" width=\"720\" height=\"390\" src=\"https:\/\/etab.ac-reunion.fr\/clg-tamarins\/wp-content\/uploads\/sites\/56\/2021\/06\/atelier-photo-et-atelier-arts-plastiques-ecole-heva.jpg\" class=\"\" alt=\"\" srcset=\"https:\/\/etab.ac-reunion.fr\/clg-tamarins\/wp-content\/uploads\/sites\/56\/2021\/06\/atelier-photo-et-atelier-arts-plastiques-ecole-heva.jpg 720w, https:\/\/etab.ac-reunion.fr\/clg-tamarins\/wp-content\/uploads\/sites\/56\/2021\/06\/atelier-photo-et-atelier-arts-plastiques-ecole-heva-300x163.jpg 300w, https:\/\/etab.ac-reunion.fr\/clg-tamarins\/wp-content\/uploads\/sites\/56\/2021\/06\/atelier-photo-et-atelier-arts-plastiques-ecole-heva-150x81.jpg 150w\" sizes=\"auto, (max-width: 720px) 100vw, 720px\" \/><\/div><\/div><div class=\"su-image-carousel-item\"><div class=\"su-image-carousel-item-content\"><img loading=\"lazy\" decoding=\"async\" width=\"720\" height=\"339\" src=\"https:\/\/etab.ac-reunion.fr\/clg-tamarins\/wp-content\/uploads\/sites\/56\/2021\/06\/epi-histoire-de-la-Reunion-4-hibiscus.jpg\" class=\"\" alt=\"\" srcset=\"https:\/\/etab.ac-reunion.fr\/clg-tamarins\/wp-content\/uploads\/sites\/56\/2021\/06\/epi-histoire-de-la-Reunion-4-hibiscus.jpg 720w, https:\/\/etab.ac-reunion.fr\/clg-tamarins\/wp-content\/uploads\/sites\/56\/2021\/06\/epi-histoire-de-la-Reunion-4-hibiscus-300x141.jpg 300w, https:\/\/etab.ac-reunion.fr\/clg-tamarins\/wp-content\/uploads\/sites\/56\/2021\/06\/epi-histoire-de-la-Reunion-4-hibiscus-150x71.jpg 150w\" sizes=\"auto, (max-width: 720px) 100vw, 720px\" \/><\/div><\/div><div class=\"su-image-carousel-item\"><div class=\"su-image-carousel-item-content\"><img loading=\"lazy\" decoding=\"async\" width=\"720\" height=\"368\" src=\"https:\/\/etab.ac-reunion.fr\/clg-tamarins\/wp-content\/uploads\/sites\/56\/2021\/06\/atelier-photo-argentix-parcours.-dexcellence.jpg\" class=\"\" alt=\"\" srcset=\"https:\/\/etab.ac-reunion.fr\/clg-tamarins\/wp-content\/uploads\/sites\/56\/2021\/06\/atelier-photo-argentix-parcours.-dexcellence.jpg 720w, https:\/\/etab.ac-reunion.fr\/clg-tamarins\/wp-content\/uploads\/sites\/56\/2021\/06\/atelier-photo-argentix-parcours.-dexcellence-300x153.jpg 300w, https:\/\/etab.ac-reunion.fr\/clg-tamarins\/wp-content\/uploads\/sites\/56\/2021\/06\/atelier-photo-argentix-parcours.-dexcellence-150x77.jpg 150w\" sizes=\"auto, (max-width: 720px) 100vw, 720px\" \/><\/div><\/div><div class=\"su-image-carousel-item\"><div class=\"su-image-carousel-item-content\"><img loading=\"lazy\" decoding=\"async\" width=\"720\" height=\"315\" src=\"https:\/\/etab.ac-reunion.fr\/clg-tamarins\/wp-content\/uploads\/sites\/56\/2021\/06\/atelier-calligraphie-latine-et-chinoise-5e-car-et-letchis.jpg\" class=\"\" alt=\"\" srcset=\"https:\/\/etab.ac-reunion.fr\/clg-tamarins\/wp-content\/uploads\/sites\/56\/2021\/06\/atelier-calligraphie-latine-et-chinoise-5e-car-et-letchis.jpg 720w, https:\/\/etab.ac-reunion.fr\/clg-tamarins\/wp-content\/uploads\/sites\/56\/2021\/06\/atelier-calligraphie-latine-et-chinoise-5e-car-et-letchis-300x131.jpg 300w, https:\/\/etab.ac-reunion.fr\/clg-tamarins\/wp-content\/uploads\/sites\/56\/2021\/06\/atelier-calligraphie-latine-et-chinoise-5e-car-et-letchis-150x66.jpg 150w\" sizes=\"auto, (max-width: 720px) 100vw, 720px\" \/><\/div><\/div><div class=\"su-image-carousel-item\"><div class=\"su-image-carousel-item-content\"><img loading=\"lazy\" decoding=\"async\" width=\"720\" height=\"369\" src=\"https:\/\/etab.ac-reunion.fr\/clg-tamarins\/wp-content\/uploads\/sites\/56\/2021\/06\/arts-plastiques-ecole-pierre-lagourgue-et-heva-1.jpg\" class=\"\" alt=\"\" srcset=\"https:\/\/etab.ac-reunion.fr\/clg-tamarins\/wp-content\/uploads\/sites\/56\/2021\/06\/arts-plastiques-ecole-pierre-lagourgue-et-heva-1.jpg 720w, https:\/\/etab.ac-reunion.fr\/clg-tamarins\/wp-content\/uploads\/sites\/56\/2021\/06\/arts-plastiques-ecole-pierre-lagourgue-et-heva-1-300x154.jpg 300w, https:\/\/etab.ac-reunion.fr\/clg-tamarins\/wp-content\/uploads\/sites\/56\/2021\/06\/arts-plastiques-ecole-pierre-lagourgue-et-heva-1-150x77.jpg 150w\" sizes=\"auto, (max-width: 720px) 100vw, 720px\" \/><\/div><\/div><div class=\"su-image-carousel-item\"><div class=\"su-image-carousel-item-content\"><img loading=\"lazy\" decoding=\"async\" width=\"720\" height=\"342\" src=\"https:\/\/etab.ac-reunion.fr\/clg-tamarins\/wp-content\/uploads\/sites\/56\/2021\/06\/arts-plastiques-ecole-pierre-lagourgue-et-heva.jpg\" class=\"\" alt=\"\" srcset=\"https:\/\/etab.ac-reunion.fr\/clg-tamarins\/wp-content\/uploads\/sites\/56\/2021\/06\/arts-plastiques-ecole-pierre-lagourgue-et-heva.jpg 720w, https:\/\/etab.ac-reunion.fr\/clg-tamarins\/wp-content\/uploads\/sites\/56\/2021\/06\/arts-plastiques-ecole-pierre-lagourgue-et-heva-300x143.jpg 300w, https:\/\/etab.ac-reunion.fr\/clg-tamarins\/wp-content\/uploads\/sites\/56\/2021\/06\/arts-plastiques-ecole-pierre-lagourgue-et-heva-150x71.jpg 150w\" sizes=\"auto, (max-width: 720px) 100vw, 720px\" \/><\/div><\/div><div class=\"su-image-carousel-item\"><div class=\"su-image-carousel-item-content\"><img loading=\"lazy\" decoding=\"async\" width=\"720\" height=\"298\" src=\"https:\/\/etab.ac-reunion.fr\/clg-tamarins\/wp-content\/uploads\/sites\/56\/2021\/06\/cartes-des-origines-6e-baie-rose.jpg\" class=\"\" alt=\"\" srcset=\"https:\/\/etab.ac-reunion.fr\/clg-tamarins\/wp-content\/uploads\/sites\/56\/2021\/06\/cartes-des-origines-6e-baie-rose.jpg 720w, https:\/\/etab.ac-reunion.fr\/clg-tamarins\/wp-content\/uploads\/sites\/56\/2021\/06\/cartes-des-origines-6e-baie-rose-300x124.jpg 300w, https:\/\/etab.ac-reunion.fr\/clg-tamarins\/wp-content\/uploads\/sites\/56\/2021\/06\/cartes-des-origines-6e-baie-rose-150x62.jpg 150w\" sizes=\"auto, (max-width: 720px) 100vw, 720px\" \/><\/div><\/div><div class=\"su-image-carousel-item\"><div class=\"su-image-carousel-item-content\"><img loading=\"lazy\" decoding=\"async\" width=\"720\" height=\"540\" src=\"https:\/\/etab.ac-reunion.fr\/clg-tamarins\/wp-content\/uploads\/sites\/56\/2021\/06\/fonker-maloya-4orchidee.jpg\" class=\"\" alt=\"\" srcset=\"https:\/\/etab.ac-reunion.fr\/clg-tamarins\/wp-content\/uploads\/sites\/56\/2021\/06\/fonker-maloya-4orchidee.jpg 720w, https:\/\/etab.ac-reunion.fr\/clg-tamarins\/wp-content\/uploads\/sites\/56\/2021\/06\/fonker-maloya-4orchidee-300x225.jpg 300w, https:\/\/etab.ac-reunion.fr\/clg-tamarins\/wp-content\/uploads\/sites\/56\/2021\/06\/fonker-maloya-4orchidee-150x113.jpg 150w\" sizes=\"auto, (max-width: 720px) 100vw, 720px\" \/><\/div><\/div><div class=\"su-image-carousel-item\"><div class=\"su-image-carousel-item-content\"><img loading=\"lazy\" decoding=\"async\" width=\"720\" height=\"314\" src=\"https:\/\/etab.ac-reunion.fr\/clg-tamarins\/wp-content\/uploads\/sites\/56\/2021\/06\/les-soeurs-dheva-6baie-rose-et-cm2-jean-moulin-2.jpg\" class=\"\" alt=\"\" srcset=\"https:\/\/etab.ac-reunion.fr\/clg-tamarins\/wp-content\/uploads\/sites\/56\/2021\/06\/les-soeurs-dheva-6baie-rose-et-cm2-jean-moulin-2.jpg 720w, https:\/\/etab.ac-reunion.fr\/clg-tamarins\/wp-content\/uploads\/sites\/56\/2021\/06\/les-soeurs-dheva-6baie-rose-et-cm2-jean-moulin-2-300x131.jpg 300w, https:\/\/etab.ac-reunion.fr\/clg-tamarins\/wp-content\/uploads\/sites\/56\/2021\/06\/les-soeurs-dheva-6baie-rose-et-cm2-jean-moulin-2-150x65.jpg 150w\" sizes=\"auto, (max-width: 720px) 100vw, 720px\" \/><\/div><\/div><div class=\"su-image-carousel-item\"><div class=\"su-image-carousel-item-content\"><img loading=\"lazy\" decoding=\"async\" width=\"2048\" height=\"974\" src=\"https:\/\/etab.ac-reunion.fr\/clg-tamarins\/wp-content\/uploads\/sites\/56\/2021\/06\/groupe-de-llatelier-photo.jpeg\" class=\"\" alt=\"\" srcset=\"https:\/\/etab.ac-reunion.fr\/clg-tamarins\/wp-content\/uploads\/sites\/56\/2021\/06\/groupe-de-llatelier-photo.jpeg 2048w, https:\/\/etab.ac-reunion.fr\/clg-tamarins\/wp-content\/uploads\/sites\/56\/2021\/06\/groupe-de-llatelier-photo-300x143.jpeg 300w, https:\/\/etab.ac-reunion.fr\/clg-tamarins\/wp-content\/uploads\/sites\/56\/2021\/06\/groupe-de-llatelier-photo-1024x487.jpeg 1024w, https:\/\/etab.ac-reunion.fr\/clg-tamarins\/wp-content\/uploads\/sites\/56\/2021\/06\/groupe-de-llatelier-photo-768x365.jpeg 768w, https:\/\/etab.ac-reunion.fr\/clg-tamarins\/wp-content\/uploads\/sites\/56\/2021\/06\/groupe-de-llatelier-photo-1536x731.jpeg 1536w, https:\/\/etab.ac-reunion.fr\/clg-tamarins\/wp-content\/uploads\/sites\/56\/2021\/06\/groupe-de-llatelier-photo-150x71.jpeg 150w\" sizes=\"auto, (max-width: 2048px) 100vw, 2048px\" \/><\/div><\/div><div class=\"su-image-carousel-item\"><div class=\"su-image-carousel-item-content\"><img loading=\"lazy\" decoding=\"async\" width=\"2560\" height=\"1920\" src=\"https:\/\/etab.ac-reunion.fr\/clg-tamarins\/wp-content\/uploads\/sites\/56\/2021\/06\/remise-de-la-toile-dEdwige-HOARAU-au-principal--scaled.jpg\" class=\"\" alt=\"\" srcset=\"https:\/\/etab.ac-reunion.fr\/clg-tamarins\/wp-content\/uploads\/sites\/56\/2021\/06\/remise-de-la-toile-dEdwige-HOARAU-au-principal--scaled.jpg 2560w, https:\/\/etab.ac-reunion.fr\/clg-tamarins\/wp-content\/uploads\/sites\/56\/2021\/06\/remise-de-la-toile-dEdwige-HOARAU-au-principal--300x225.jpg 300w, https:\/\/etab.ac-reunion.fr\/clg-tamarins\/wp-content\/uploads\/sites\/56\/2021\/06\/remise-de-la-toile-dEdwige-HOARAU-au-principal--1024x768.jpg 1024w, https:\/\/etab.ac-reunion.fr\/clg-tamarins\/wp-content\/uploads\/sites\/56\/2021\/06\/remise-de-la-toile-dEdwige-HOARAU-au-principal--768x576.jpg 768w, https:\/\/etab.ac-reunion.fr\/clg-tamarins\/wp-content\/uploads\/sites\/56\/2021\/06\/remise-de-la-toile-dEdwige-HOARAU-au-principal--1536x1152.jpg 1536w, https:\/\/etab.ac-reunion.fr\/clg-tamarins\/wp-content\/uploads\/sites\/56\/2021\/06\/remise-de-la-toile-dEdwige-HOARAU-au-principal--2048x1536.jpg 2048w, https:\/\/etab.ac-reunion.fr\/clg-tamarins\/wp-content\/uploads\/sites\/56\/2021\/06\/remise-de-la-toile-dEdwige-HOARAU-au-principal--150x113.jpg 150w\" sizes=\"auto, (max-width: 2560px) 100vw, 2560px\" \/><\/div><\/div><\/div><script id=\"su_image_carousel_69f1d5cb4e0a6_script\">if(window.SUImageCarousel){setTimeout(function() {window.SUImageCarousel.initGallery(document.getElementById(\"su_image_carousel_69f1d5cb4e0a6\"))}, 0);}var su_image_carousel_69f1d5cb4e0a6_script=document.getElementById(\"su_image_carousel_69f1d5cb4e0a6_script\");if(su_image_carousel_69f1d5cb4e0a6_script){su_image_carousel_69f1d5cb4e0a6_script.parentNode.removeChild(su_image_carousel_69f1d5cb4e0a6_script);}<\/script>\n<p>&nbsp;<\/p>\n<p>&nbsp;<\/p>\n","protected":false},"excerpt":{"rendered":"<p>Dans le cadre de la manifestation \u00ab\u00a0Art hors les murs\u00a0\u00bb \u00e0 la galerie Hangart de Saint-Pierre, le coll\u00e8ge ainsi que quelques \u00e9coles du r\u00e9seau exposent tout le travail r\u00e9alis\u00e9 en 2021 dans le cadre des projets artistiques et culturels\u00a0: Les 6e baie rose et La classe de CM2 Ylang Ylang\u2026<\/p>\n<p class=\"continue-reading-button\"> <a class=\"continue-reading-link\" href=\"https:\/\/etab.ac-reunion.fr\/clg-tamarins\/exposition-des-travaux-artistiques-de-nos-eleves-a-la-galerie-hangart-du-27-mai-au-19-juin-2021\/\">Continuer \u00e0 lire<i class=\"crycon-right-dir\"><\/i><\/a><\/p>\n","protected":false},"author":13730,"featured_media":7751,"comment_status":"closed","ping_status":"closed","sticky":true,"template":"","format":"standard","meta":{"footnotes":""},"categories":[1],"tags":[],"class_list":["post-7750","post","type-post","status-publish","format-standard","has-post-thumbnail","hentry","category-non-classe"],"_links":{"self":[{"href":"https:\/\/etab.ac-reunion.fr\/clg-tamarins\/wp-json\/wp\/v2\/posts\/7750","targetHints":{"allow":["GET"]}}],"collection":[{"href":"https:\/\/etab.ac-reunion.fr\/clg-tamarins\/wp-json\/wp\/v2\/posts"}],"about":[{"href":"https:\/\/etab.ac-reunion.fr\/clg-tamarins\/wp-json\/wp\/v2\/types\/post"}],"author":[{"embeddable":true,"href":"https:\/\/etab.ac-reunion.fr\/clg-tamarins\/wp-json\/wp\/v2\/users\/13730"}],"replies":[{"embeddable":true,"href":"https:\/\/etab.ac-reunion.fr\/clg-tamarins\/wp-json\/wp\/v2\/comments?post=7750"}],"version-history":[{"count":7,"href":"https:\/\/etab.ac-reunion.fr\/clg-tamarins\/wp-json\/wp\/v2\/posts\/7750\/revisions"}],"predecessor-version":[{"id":7781,"href":"https:\/\/etab.ac-reunion.fr\/clg-tamarins\/wp-json\/wp\/v2\/posts\/7750\/revisions\/7781"}],"wp:featuredmedia":[{"embeddable":true,"href":"https:\/\/etab.ac-reunion.fr\/clg-tamarins\/wp-json\/wp\/v2\/media\/7751"}],"wp:attachment":[{"href":"https:\/\/etab.ac-reunion.fr\/clg-tamarins\/wp-json\/wp\/v2\/media?parent=7750"}],"wp:term":[{"taxonomy":"category","embeddable":true,"href":"https:\/\/etab.ac-reunion.fr\/clg-tamarins\/wp-json\/wp\/v2\/categories?post=7750"},{"taxonomy":"post_tag","embeddable":true,"href":"https:\/\/etab.ac-reunion.fr\/clg-tamarins\/wp-json\/wp\/v2\/tags?post=7750"}],"curies":[{"name":"wp","href":"https:\/\/api.w.org\/{rel}","templated":true}]}}