{"id":7852,"date":"2021-11-24T09:16:56","date_gmt":"2021-11-24T05:16:56","guid":{"rendered":"http:\/\/college-les-tamarins.ac-reunion.fr\/?p=7852"},"modified":"2021-11-26T06:51:06","modified_gmt":"2021-11-26T02:51:06","slug":"bilan-des-actions-liees-aux-edd-du-college-les-tamarins-annee-scolaire-2020-2021","status":"publish","type":"post","link":"https:\/\/etab.ac-reunion.fr\/clg-tamarins\/bilan-des-actions-liees-aux-edd-du-college-les-tamarins-annee-scolaire-2020-2021\/","title":{"rendered":"Bilan des actions li\u00e9es aux EDD du coll\u00e8ge les Tamarins (ann\u00e9e scolaire 2020-2021)"},"content":{"rendered":"<p>C\u2019est \u00e0 la rentr\u00e9e 2020 que notre \u00e9tablissement a organis\u00e9 sa toute premi\u00e8re \u00e9lection d\u2019Ecod\u00e9l\u00e9gu\u00e9s (ED) : 27 ED ont \u00e9t\u00e9 \u00e9lus form\u00e9s de la m\u00eame fa\u00e7on que les d\u00e9l\u00e9gu\u00e9s de classe.<\/p>\n<p><img loading=\"lazy\" decoding=\"async\" class=\"alignnone wp-image-7881\" src=\"https:\/\/etab.ac-reunion.fr\/clg-tamarins\/wp-content\/uploads\/sites\/56\/2021\/11\/20201009_101601-1024x768.jpg\" alt=\"\" width=\"600\" height=\"450\" srcset=\"https:\/\/etab.ac-reunion.fr\/clg-tamarins\/wp-content\/uploads\/sites\/56\/2021\/11\/20201009_101601-1024x768.jpg 1024w, https:\/\/etab.ac-reunion.fr\/clg-tamarins\/wp-content\/uploads\/sites\/56\/2021\/11\/20201009_101601-300x225.jpg 300w, https:\/\/etab.ac-reunion.fr\/clg-tamarins\/wp-content\/uploads\/sites\/56\/2021\/11\/20201009_101601-768x576.jpg 768w, https:\/\/etab.ac-reunion.fr\/clg-tamarins\/wp-content\/uploads\/sites\/56\/2021\/11\/20201009_101601-1536x1152.jpg 1536w, https:\/\/etab.ac-reunion.fr\/clg-tamarins\/wp-content\/uploads\/sites\/56\/2021\/11\/20201009_101601-2048x1536.jpg 2048w, https:\/\/etab.ac-reunion.fr\/clg-tamarins\/wp-content\/uploads\/sites\/56\/2021\/11\/20201009_101601-150x113.jpg 150w\" sizes=\"auto, (max-width: 600px) 100vw, 600px\" \/><\/p>\n<p>Premi\u00e8re action des Ecod\u00e9l\u00e9gu\u00e9s 2020\/2021\u00a0: le ramassage des d\u00e9chets dans le coll\u00e8ge.<\/p>\n<p>Le 09 Octobre 2020, nos ED fra\u00eechement \u00e9lus ont particip\u00e9 \u00e0 leur toute 1<sup>\u00e8re<\/sup> action EDD de l\u2019ann\u00e9e\u00a0: une s\u00e9ance de ramassage des d\u00e9chets dans la cour du coll\u00e8ge apr\u00e8s la r\u00e9cr\u00e9ation du matin.<\/p>\n<p>Par petits groupes, \u00e9quip\u00e9s de gants et de sacs poubelles, les ED ont ramass\u00e9s tous les d\u00e9chets hors poubelles qu\u2019ils ont trouv\u00e9s dans la cour du coll\u00e8ge. Bilan\u00a0: ils ont r\u00e9colt\u00e9 un sac de 100L de d\u00e9chets trouv\u00e9s au sol\u00a0!<\/p>\n<p>&nbsp;<\/p>\n<p><img loading=\"lazy\" decoding=\"async\" class=\"alignnone size-medium wp-image-7885\" src=\"https:\/\/etab.ac-reunion.fr\/clg-tamarins\/wp-content\/uploads\/sites\/56\/2021\/11\/20201009_101847-225x300.jpg\" alt=\"\" width=\"225\" height=\"300\" srcset=\"https:\/\/etab.ac-reunion.fr\/clg-tamarins\/wp-content\/uploads\/sites\/56\/2021\/11\/20201009_101847-225x300.jpg 225w, https:\/\/etab.ac-reunion.fr\/clg-tamarins\/wp-content\/uploads\/sites\/56\/2021\/11\/20201009_101847-768x1024.jpg 768w, https:\/\/etab.ac-reunion.fr\/clg-tamarins\/wp-content\/uploads\/sites\/56\/2021\/11\/20201009_101847-1152x1536.jpg 1152w, https:\/\/etab.ac-reunion.fr\/clg-tamarins\/wp-content\/uploads\/sites\/56\/2021\/11\/20201009_101847-1536x2048.jpg 1536w, https:\/\/etab.ac-reunion.fr\/clg-tamarins\/wp-content\/uploads\/sites\/56\/2021\/11\/20201009_101847-113x150.jpg 113w, https:\/\/etab.ac-reunion.fr\/clg-tamarins\/wp-content\/uploads\/sites\/56\/2021\/11\/20201009_101847-scaled.jpg 1920w\" sizes=\"auto, (max-width: 225px) 100vw, 225px\" \/><\/p>\n<p>Afin d\u2019instaurer le tri des d\u00e9chets au coll\u00e8ge et de sensibiliser leurs camarades sur le tri des d\u00e9chets, ils se sont rendus au centre de tri des d\u00e9chets de Pierrefonds puis au centre d\u2019enfouissement des d\u00e9chets.<\/p>\n<p>&nbsp;<\/p>\n<p><img loading=\"lazy\" decoding=\"async\" class=\"alignnone wp-image-7886 size-medium\" src=\"https:\/\/etab.ac-reunion.fr\/clg-tamarins\/wp-content\/uploads\/sites\/56\/2021\/11\/20201123_084913-scaled-e1637820484597-300x275.jpg\" alt=\"\" width=\"300\" height=\"275\" srcset=\"https:\/\/etab.ac-reunion.fr\/clg-tamarins\/wp-content\/uploads\/sites\/56\/2021\/11\/20201123_084913-scaled-e1637820484597-300x275.jpg 300w, https:\/\/etab.ac-reunion.fr\/clg-tamarins\/wp-content\/uploads\/sites\/56\/2021\/11\/20201123_084913-scaled-e1637820484597-1024x937.jpg 1024w, https:\/\/etab.ac-reunion.fr\/clg-tamarins\/wp-content\/uploads\/sites\/56\/2021\/11\/20201123_084913-scaled-e1637820484597-768x703.jpg 768w, https:\/\/etab.ac-reunion.fr\/clg-tamarins\/wp-content\/uploads\/sites\/56\/2021\/11\/20201123_084913-scaled-e1637820484597-150x137.jpg 150w, https:\/\/etab.ac-reunion.fr\/clg-tamarins\/wp-content\/uploads\/sites\/56\/2021\/11\/20201123_084913-scaled-e1637820484597.jpg 1536w\" sizes=\"auto, (max-width: 300px) 100vw, 300px\" \/> \u00a0\u00a0\u00a0\u00a0\u00a0\u00a0\u00a0\u00a0\u00a0\u00a0\u00a0\u00a0\u00a0\u00a0\u00a0\u00a0\u00a0 <img loading=\"lazy\" decoding=\"async\" class=\"wp-image-7887 size-medium alignnone\" src=\"https:\/\/etab.ac-reunion.fr\/clg-tamarins\/wp-content\/uploads\/sites\/56\/2021\/11\/20201123_092112-225x300.jpg\" alt=\"\" width=\"225\" height=\"300\" srcset=\"https:\/\/etab.ac-reunion.fr\/clg-tamarins\/wp-content\/uploads\/sites\/56\/2021\/11\/20201123_092112-225x300.jpg 225w, https:\/\/etab.ac-reunion.fr\/clg-tamarins\/wp-content\/uploads\/sites\/56\/2021\/11\/20201123_092112-768x1024.jpg 768w, https:\/\/etab.ac-reunion.fr\/clg-tamarins\/wp-content\/uploads\/sites\/56\/2021\/11\/20201123_092112-1152x1536.jpg 1152w, https:\/\/etab.ac-reunion.fr\/clg-tamarins\/wp-content\/uploads\/sites\/56\/2021\/11\/20201123_092112-1536x2048.jpg 1536w, https:\/\/etab.ac-reunion.fr\/clg-tamarins\/wp-content\/uploads\/sites\/56\/2021\/11\/20201123_092112-113x150.jpg 113w, https:\/\/etab.ac-reunion.fr\/clg-tamarins\/wp-content\/uploads\/sites\/56\/2021\/11\/20201123_092112-scaled.jpg 1920w\" sizes=\"auto, (max-width: 225px) 100vw, 225px\" \/><\/p>\n<p>&nbsp;<\/p>\n<p>Gr\u00e2ce aux diff\u00e9rentes actions et aux projets divers men\u00e9s par l\u2019ensemble des personnels du coll\u00e8ge (\u00e9lection d\u2019ED, embellissement du coll\u00e8ge, mise en place d\u2019un arboretum, visite d\u2019espaces naturels sensibles comme le lagon par la r\u00e9serve marine, projets artistiques ayant attraits aux EDD, sensibilisation des \u00e9l\u00e8ves aux in\u00e9galit\u00e9s homme\/femme\u2026), notre coll\u00e8ge a obtenu son tout premier label EDD (Niveau 2).<\/p>\n<p><img loading=\"lazy\" decoding=\"async\" class=\"alignnone wp-image-7889\" src=\"https:\/\/etab.ac-reunion.fr\/clg-tamarins\/wp-content\/uploads\/sites\/56\/2021\/11\/20210531_103249-1024x768.jpg\" alt=\"\" width=\"600\" height=\"450\" srcset=\"https:\/\/etab.ac-reunion.fr\/clg-tamarins\/wp-content\/uploads\/sites\/56\/2021\/11\/20210531_103249-1024x768.jpg 1024w, https:\/\/etab.ac-reunion.fr\/clg-tamarins\/wp-content\/uploads\/sites\/56\/2021\/11\/20210531_103249-300x225.jpg 300w, https:\/\/etab.ac-reunion.fr\/clg-tamarins\/wp-content\/uploads\/sites\/56\/2021\/11\/20210531_103249-768x576.jpg 768w, https:\/\/etab.ac-reunion.fr\/clg-tamarins\/wp-content\/uploads\/sites\/56\/2021\/11\/20210531_103249-1536x1152.jpg 1536w, https:\/\/etab.ac-reunion.fr\/clg-tamarins\/wp-content\/uploads\/sites\/56\/2021\/11\/20210531_103249-2048x1536.jpg 2048w, https:\/\/etab.ac-reunion.fr\/clg-tamarins\/wp-content\/uploads\/sites\/56\/2021\/11\/20210531_103249-150x113.jpg 150w\" sizes=\"auto, (max-width: 600px) 100vw, 600px\" \/><\/p>\n<p style=\"text-align: right\">Mme MAILLOT Marie Aur\u00e9lie<\/p>\n","protected":false},"excerpt":{"rendered":"<p>C\u2019est \u00e0 la rentr\u00e9e 2020 que notre \u00e9tablissement a organis\u00e9 sa toute premi\u00e8re \u00e9lection d\u2019Ecod\u00e9l\u00e9gu\u00e9s (ED) : 27 ED ont \u00e9t\u00e9 \u00e9lus form\u00e9s de la m\u00eame fa\u00e7on que les d\u00e9l\u00e9gu\u00e9s de classe. Premi\u00e8re action des Ecod\u00e9l\u00e9gu\u00e9s 2020\/2021\u00a0: le ramassage des d\u00e9chets dans le coll\u00e8ge. Le 09 Octobre 2020, nos ED\u2026<\/p>\n<p class=\"continue-reading-button\"> <a class=\"continue-reading-link\" href=\"https:\/\/etab.ac-reunion.fr\/clg-tamarins\/bilan-des-actions-liees-aux-edd-du-college-les-tamarins-annee-scolaire-2020-2021\/\">Continuer \u00e0 lire<i class=\"crycon-right-dir\"><\/i><\/a><\/p>\n","protected":false},"author":30567,"featured_media":0,"comment_status":"closed","ping_status":"closed","sticky":false,"template":"","format":"standard","meta":{"footnotes":""},"categories":[287],"tags":[],"class_list":["post-7852","post","type-post","status-publish","format-standard","hentry","category-edd"],"_links":{"self":[{"href":"https:\/\/etab.ac-reunion.fr\/clg-tamarins\/wp-json\/wp\/v2\/posts\/7852","targetHints":{"allow":["GET"]}}],"collection":[{"href":"https:\/\/etab.ac-reunion.fr\/clg-tamarins\/wp-json\/wp\/v2\/posts"}],"about":[{"href":"https:\/\/etab.ac-reunion.fr\/clg-tamarins\/wp-json\/wp\/v2\/types\/post"}],"author":[{"embeddable":true,"href":"https:\/\/etab.ac-reunion.fr\/clg-tamarins\/wp-json\/wp\/v2\/users\/30567"}],"replies":[{"embeddable":true,"href":"https:\/\/etab.ac-reunion.fr\/clg-tamarins\/wp-json\/wp\/v2\/comments?post=7852"}],"version-history":[{"count":8,"href":"https:\/\/etab.ac-reunion.fr\/clg-tamarins\/wp-json\/wp\/v2\/posts\/7852\/revisions"}],"predecessor-version":[{"id":7924,"href":"https:\/\/etab.ac-reunion.fr\/clg-tamarins\/wp-json\/wp\/v2\/posts\/7852\/revisions\/7924"}],"wp:attachment":[{"href":"https:\/\/etab.ac-reunion.fr\/clg-tamarins\/wp-json\/wp\/v2\/media?parent=7852"}],"wp:term":[{"taxonomy":"category","embeddable":true,"href":"https:\/\/etab.ac-reunion.fr\/clg-tamarins\/wp-json\/wp\/v2\/categories?post=7852"},{"taxonomy":"post_tag","embeddable":true,"href":"https:\/\/etab.ac-reunion.fr\/clg-tamarins\/wp-json\/wp\/v2\/tags?post=7852"}],"curies":[{"name":"wp","href":"https:\/\/api.w.org\/{rel}","templated":true}]}}