{"id":7878,"date":"2021-11-26T06:47:09","date_gmt":"2021-11-26T02:47:09","guid":{"rendered":"http:\/\/college-les-tamarins.ac-reunion.fr\/?p=7878"},"modified":"2021-11-26T08:43:41","modified_gmt":"2021-11-26T04:43:41","slug":"arboretum-des-tamarins","status":"publish","type":"post","link":"https:\/\/etab.ac-reunion.fr\/clg-tamarins\/arboretum-des-tamarins\/","title":{"rendered":"Arboretum des Tamarins"},"content":{"rendered":"<p>Le 22 juin 2021, les \u00e9l\u00e8ves de la classe de 6<sup>\u00e8me<\/sup> Cumin (2020-2021) ont particip\u00e9 aux premi\u00e8res plantations des premi\u00e8res esp\u00e8ces v\u00e9g\u00e9tales de l\u2019arboretum de notre coll\u00e8ge\u00a0: 3 Mahots tantans et 3 bois de senteurs blancs.<br \/>\nCet arboretum a pour objectif la pr\u00e9servation et la conservation d\u2019esp\u00e8ces end\u00e9miques de notre \u00eele adapt\u00e9es au climat de notre r\u00e9gion de Saint Pierre, avec la collaboration de l\u2019ARMEFLOR, SPL EDDEN, SREPEN et le Conservatoire Botanique Nationale (CBN-CPIE).<\/p>\n<p>D\u2019autres plantations suivront dans les ann\u00e9es scolaires \u00e0 venir.<\/p>\n<p style=\"text-align: right\">Mme MAILLOT Marie Aur\u00e9lie (r\u00e9f\u00e9rente EDD)<\/p>\n<div class=\"su-image-carousel  su-image-carousel-has-spacing su-image-carousel-crop su-image-carousel-crop-16-10 su-image-carousel-has-outline su-image-carousel-adaptive su-image-carousel-slides-style-minimal su-image-carousel-controls-style-light su-image-carousel-align-none\" style=\"\" data-flickity-options='{\"groupCells\":true,\"cellSelector\":\".su-image-carousel-item\",\"adaptiveHeight\":false,\"cellAlign\":\"left\",\"prevNextButtons\":true,\"pageDots\":true,\"autoPlay\":5000,\"imagesLoaded\":true,\"contain\":true,\"selectedAttraction\":0.025,\"friction\":0.28}' id=\"su_image_carousel_69f1dfd291584\"><div class=\"su-image-carousel-item\"><div class=\"su-image-carousel-item-content\"><img loading=\"lazy\" decoding=\"async\" width=\"702\" height=\"527\" src=\"https:\/\/etab.ac-reunion.fr\/clg-tamarins\/wp-content\/uploads\/sites\/56\/2021\/11\/photo_article_arboretum_1.png\" class=\"\" alt=\"\" srcset=\"https:\/\/etab.ac-reunion.fr\/clg-tamarins\/wp-content\/uploads\/sites\/56\/2021\/11\/photo_article_arboretum_1.png 702w, https:\/\/etab.ac-reunion.fr\/clg-tamarins\/wp-content\/uploads\/sites\/56\/2021\/11\/photo_article_arboretum_1-300x225.png 300w, https:\/\/etab.ac-reunion.fr\/clg-tamarins\/wp-content\/uploads\/sites\/56\/2021\/11\/photo_article_arboretum_1-150x113.png 150w\" sizes=\"auto, (max-width: 702px) 100vw, 702px\" \/><\/div><\/div><div class=\"su-image-carousel-item\"><div class=\"su-image-carousel-item-content\"><img loading=\"lazy\" decoding=\"async\" width=\"768\" height=\"1024\" src=\"https:\/\/etab.ac-reunion.fr\/clg-tamarins\/wp-content\/uploads\/sites\/56\/2021\/11\/photo_arboretum_sans_tag1-768x1024.jpg\" class=\"\" alt=\"\" srcset=\"https:\/\/etab.ac-reunion.fr\/clg-tamarins\/wp-content\/uploads\/sites\/56\/2021\/11\/photo_arboretum_sans_tag1-768x1024.jpg 768w, https:\/\/etab.ac-reunion.fr\/clg-tamarins\/wp-content\/uploads\/sites\/56\/2021\/11\/photo_arboretum_sans_tag1-225x300.jpg 225w, https:\/\/etab.ac-reunion.fr\/clg-tamarins\/wp-content\/uploads\/sites\/56\/2021\/11\/photo_arboretum_sans_tag1-1153x1536.jpg 1153w, https:\/\/etab.ac-reunion.fr\/clg-tamarins\/wp-content\/uploads\/sites\/56\/2021\/11\/photo_arboretum_sans_tag1-1537x2048.jpg 1537w, https:\/\/etab.ac-reunion.fr\/clg-tamarins\/wp-content\/uploads\/sites\/56\/2021\/11\/photo_arboretum_sans_tag1-113x150.jpg 113w, https:\/\/etab.ac-reunion.fr\/clg-tamarins\/wp-content\/uploads\/sites\/56\/2021\/11\/photo_arboretum_sans_tag1-e1637821060951.jpg 702w\" sizes=\"auto, (max-width: 768px) 100vw, 768px\" \/><\/div><\/div><div class=\"su-image-carousel-item\"><div class=\"su-image-carousel-item-content\"><img loading=\"lazy\" decoding=\"async\" width=\"702\" height=\"720\" src=\"https:\/\/etab.ac-reunion.fr\/clg-tamarins\/wp-content\/uploads\/sites\/56\/2021\/11\/photo_article_arboretum_3.png\" class=\"\" alt=\"\" srcset=\"https:\/\/etab.ac-reunion.fr\/clg-tamarins\/wp-content\/uploads\/sites\/56\/2021\/11\/photo_article_arboretum_3.png 702w, https:\/\/etab.ac-reunion.fr\/clg-tamarins\/wp-content\/uploads\/sites\/56\/2021\/11\/photo_article_arboretum_3-293x300.png 293w, https:\/\/etab.ac-reunion.fr\/clg-tamarins\/wp-content\/uploads\/sites\/56\/2021\/11\/photo_article_arboretum_3-146x150.png 146w\" sizes=\"auto, (max-width: 702px) 100vw, 702px\" \/><\/div><\/div><\/div><script id=\"su_image_carousel_69f1dfd291584_script\">if(window.SUImageCarousel){setTimeout(function() {window.SUImageCarousel.initGallery(document.getElementById(\"su_image_carousel_69f1dfd291584\"))}, 0);}var su_image_carousel_69f1dfd291584_script=document.getElementById(\"su_image_carousel_69f1dfd291584_script\");if(su_image_carousel_69f1dfd291584_script){su_image_carousel_69f1dfd291584_script.parentNode.removeChild(su_image_carousel_69f1dfd291584_script);}<\/script>\n<p>&nbsp;<\/p>\n","protected":false},"excerpt":{"rendered":"<p>Le 22 juin 2021, les \u00e9l\u00e8ves de la classe de 6\u00e8me Cumin (2020-2021) ont particip\u00e9 aux premi\u00e8res plantations des premi\u00e8res esp\u00e8ces v\u00e9g\u00e9tales de l\u2019arboretum de notre coll\u00e8ge\u00a0: 3 Mahots tantans et 3 bois de senteurs blancs. Cet arboretum a pour objectif la pr\u00e9servation et la conservation d\u2019esp\u00e8ces end\u00e9miques de notre\u2026<\/p>\n<p class=\"continue-reading-button\"> <a class=\"continue-reading-link\" href=\"https:\/\/etab.ac-reunion.fr\/clg-tamarins\/arboretum-des-tamarins\/\">Continuer \u00e0 lire<i class=\"crycon-right-dir\"><\/i><\/a><\/p>\n","protected":false},"author":30567,"featured_media":0,"comment_status":"closed","ping_status":"closed","sticky":false,"template":"","format":"standard","meta":{"footnotes":""},"categories":[287],"tags":[],"class_list":["post-7878","post","type-post","status-publish","format-standard","hentry","category-edd"],"_links":{"self":[{"href":"https:\/\/etab.ac-reunion.fr\/clg-tamarins\/wp-json\/wp\/v2\/posts\/7878","targetHints":{"allow":["GET"]}}],"collection":[{"href":"https:\/\/etab.ac-reunion.fr\/clg-tamarins\/wp-json\/wp\/v2\/posts"}],"about":[{"href":"https:\/\/etab.ac-reunion.fr\/clg-tamarins\/wp-json\/wp\/v2\/types\/post"}],"author":[{"embeddable":true,"href":"https:\/\/etab.ac-reunion.fr\/clg-tamarins\/wp-json\/wp\/v2\/users\/30567"}],"replies":[{"embeddable":true,"href":"https:\/\/etab.ac-reunion.fr\/clg-tamarins\/wp-json\/wp\/v2\/comments?post=7878"}],"version-history":[{"count":10,"href":"https:\/\/etab.ac-reunion.fr\/clg-tamarins\/wp-json\/wp\/v2\/posts\/7878\/revisions"}],"predecessor-version":[{"id":7922,"href":"https:\/\/etab.ac-reunion.fr\/clg-tamarins\/wp-json\/wp\/v2\/posts\/7878\/revisions\/7922"}],"wp:attachment":[{"href":"https:\/\/etab.ac-reunion.fr\/clg-tamarins\/wp-json\/wp\/v2\/media?parent=7878"}],"wp:term":[{"taxonomy":"category","embeddable":true,"href":"https:\/\/etab.ac-reunion.fr\/clg-tamarins\/wp-json\/wp\/v2\/categories?post=7878"},{"taxonomy":"post_tag","embeddable":true,"href":"https:\/\/etab.ac-reunion.fr\/clg-tamarins\/wp-json\/wp\/v2\/tags?post=7878"}],"curies":[{"name":"wp","href":"https:\/\/api.w.org\/{rel}","templated":true}]}}