{"id":7949,"date":"2021-12-07T08:04:34","date_gmt":"2021-12-07T04:04:34","guid":{"rendered":"http:\/\/college-les-tamarins.ac-reunion.fr\/?p=7949"},"modified":"2021-12-07T08:04:34","modified_gmt":"2021-12-07T04:04:34","slug":"forum-des-metiers-2021","status":"publish","type":"post","link":"https:\/\/etab.ac-reunion.fr\/clg-tamarins\/forum-des-metiers-2021\/","title":{"rendered":"Forum des m\u00e9tiers 2021"},"content":{"rendered":"<p>Nous avions pr\u00e9par\u00e9 cette matin\u00e9e avec nos enseignants : comment accueillir des intervenants qui viennent nous parler de leur m\u00e9tier\u2026 Et c\u2019est le mercredi 24 novembre que les \u00e9l\u00e8ves de 3i\u00e8mes ont pu poser les questions \u00e0 des professionnels sur leurs activit\u00e9s.<\/p>\n<p>D\u00e9s leur arriv\u00e9e, nous, Parcours d\u2019Excellence, les avons conduits au CDI o\u00f9 Meysha et Scott ont, en notre nom \u00e0 tous, souhaiter la bienvenue par un petit caf\u00e9 convivial.<\/p>\n<p>Certains d\u2019entre eux \u00e9taient d\u00e9j\u00e0 l\u00e0 lors des pr\u00e9c\u00e9dentes \u00e9ditions, M. KEMMA \u00e9tait, lui, \u00e9l\u00e8ve au coll\u00e8ge il y a quelques ann\u00e9es\u00a0!<\/p>\n<p>Les \u00e9l\u00e8ves, par leur choix, ont pu participer aux diff\u00e9rents\u00a0 \u00e9changes. M\u00eame si beaucoup d\u2019entre nous \u00e9taient intimid\u00e9s. Police Nationale, Chef d\u2019entreprise, Relations Internationales, Transport logistique, M\u00e9dico-social, Chambre des M\u00e9tiers, nous ont bien \u00e9clair\u00e9s sur notre avenir\u00a0 et rassur\u00e9s certains (m\u00eame si on n\u2019est pas tr\u00e8s bon au coll\u00e8ge, on peut r\u00e9ussir avec de la volont\u00e9\u00a0!).<\/p>\n<p>Un \u00e9l\u00e9ment de plus dans n\u00f4tre Parcours Avenir\u00a0!<\/p>\n<p>Nous remercions tous ces professionnels qui ont \u00ab\u00a0pris de leur\u00a0 temps\u00a0\u00bb pour nous, \u00e9l\u00e8ves du Coll\u00e8ge Les Tamarins\u00a0!<\/p>\n<p>&nbsp;<\/p>\n<p style=\"text-align: right\">Candy et Benjamin<\/p>\n<p style=\"text-align: right\">du PARCOURS D\u2019EXCELLENCE.<\/p>\n<div class=\"su-image-carousel  su-image-carousel-has-spacing su-image-carousel-crop su-image-carousel-crop-16-10 su-image-carousel-has-outline su-image-carousel-adaptive su-image-carousel-slides-style-minimal su-image-carousel-controls-style-light su-image-carousel-align-none\" style=\"\" data-flickity-options='{\"groupCells\":true,\"cellSelector\":\".su-image-carousel-item\",\"adaptiveHeight\":false,\"cellAlign\":\"left\",\"prevNextButtons\":true,\"pageDots\":true,\"autoPlay\":5000,\"imagesLoaded\":true,\"contain\":true,\"selectedAttraction\":0.025,\"friction\":0.28}' id=\"su_image_carousel_69f1d5f66981b\"><div class=\"su-image-carousel-item\"><div class=\"su-image-carousel-item-content\"><img loading=\"lazy\" decoding=\"async\" width=\"768\" height=\"512\" src=\"https:\/\/etab.ac-reunion.fr\/clg-tamarins\/wp-content\/uploads\/sites\/56\/2021\/12\/Une-partie-des-intervenants-768x512.jpg\" class=\"\" alt=\"\" srcset=\"https:\/\/etab.ac-reunion.fr\/clg-tamarins\/wp-content\/uploads\/sites\/56\/2021\/12\/Une-partie-des-intervenants-768x512.jpg 768w, https:\/\/etab.ac-reunion.fr\/clg-tamarins\/wp-content\/uploads\/sites\/56\/2021\/12\/Une-partie-des-intervenants-300x200.jpg 300w, https:\/\/etab.ac-reunion.fr\/clg-tamarins\/wp-content\/uploads\/sites\/56\/2021\/12\/Une-partie-des-intervenants-1024x683.jpg 1024w, https:\/\/etab.ac-reunion.fr\/clg-tamarins\/wp-content\/uploads\/sites\/56\/2021\/12\/Une-partie-des-intervenants-1536x1024.jpg 1536w, https:\/\/etab.ac-reunion.fr\/clg-tamarins\/wp-content\/uploads\/sites\/56\/2021\/12\/Une-partie-des-intervenants-2048x1365.jpg 2048w, https:\/\/etab.ac-reunion.fr\/clg-tamarins\/wp-content\/uploads\/sites\/56\/2021\/12\/Une-partie-des-intervenants-150x100.jpg 150w\" sizes=\"auto, (max-width: 768px) 100vw, 768px\" \/><\/div><\/div><div class=\"su-image-carousel-item\"><div class=\"su-image-carousel-item-content\"><img loading=\"lazy\" decoding=\"async\" width=\"768\" height=\"512\" src=\"https:\/\/etab.ac-reunion.fr\/clg-tamarins\/wp-content\/uploads\/sites\/56\/2021\/12\/Un-des-ateliers-768x512.jpg\" class=\"\" alt=\"\" srcset=\"https:\/\/etab.ac-reunion.fr\/clg-tamarins\/wp-content\/uploads\/sites\/56\/2021\/12\/Un-des-ateliers-768x512.jpg 768w, https:\/\/etab.ac-reunion.fr\/clg-tamarins\/wp-content\/uploads\/sites\/56\/2021\/12\/Un-des-ateliers-300x200.jpg 300w, https:\/\/etab.ac-reunion.fr\/clg-tamarins\/wp-content\/uploads\/sites\/56\/2021\/12\/Un-des-ateliers-1024x683.jpg 1024w, https:\/\/etab.ac-reunion.fr\/clg-tamarins\/wp-content\/uploads\/sites\/56\/2021\/12\/Un-des-ateliers-1536x1024.jpg 1536w, https:\/\/etab.ac-reunion.fr\/clg-tamarins\/wp-content\/uploads\/sites\/56\/2021\/12\/Un-des-ateliers-2048x1365.jpg 2048w, https:\/\/etab.ac-reunion.fr\/clg-tamarins\/wp-content\/uploads\/sites\/56\/2021\/12\/Un-des-ateliers-150x100.jpg 150w\" sizes=\"auto, (max-width: 768px) 100vw, 768px\" \/><\/div><\/div><div class=\"su-image-carousel-item\"><div class=\"su-image-carousel-item-content\"><img loading=\"lazy\" decoding=\"async\" width=\"768\" height=\"512\" src=\"https:\/\/etab.ac-reunion.fr\/clg-tamarins\/wp-content\/uploads\/sites\/56\/2021\/12\/Des-intervenants--768x512.jpg\" class=\"\" alt=\"\" srcset=\"https:\/\/etab.ac-reunion.fr\/clg-tamarins\/wp-content\/uploads\/sites\/56\/2021\/12\/Des-intervenants--768x512.jpg 768w, https:\/\/etab.ac-reunion.fr\/clg-tamarins\/wp-content\/uploads\/sites\/56\/2021\/12\/Des-intervenants--300x200.jpg 300w, https:\/\/etab.ac-reunion.fr\/clg-tamarins\/wp-content\/uploads\/sites\/56\/2021\/12\/Des-intervenants--1024x683.jpg 1024w, https:\/\/etab.ac-reunion.fr\/clg-tamarins\/wp-content\/uploads\/sites\/56\/2021\/12\/Des-intervenants--1536x1024.jpg 1536w, https:\/\/etab.ac-reunion.fr\/clg-tamarins\/wp-content\/uploads\/sites\/56\/2021\/12\/Des-intervenants--2048x1365.jpg 2048w, https:\/\/etab.ac-reunion.fr\/clg-tamarins\/wp-content\/uploads\/sites\/56\/2021\/12\/Des-intervenants--150x100.jpg 150w\" sizes=\"auto, (max-width: 768px) 100vw, 768px\" \/><\/div><\/div><div class=\"su-image-carousel-item\"><div class=\"su-image-carousel-item-content\"><img loading=\"lazy\" decoding=\"async\" width=\"768\" height=\"512\" src=\"https:\/\/etab.ac-reunion.fr\/clg-tamarins\/wp-content\/uploads\/sites\/56\/2021\/12\/Des-eleves-attentifs-768x512.jpg\" class=\"\" alt=\"\" srcset=\"https:\/\/etab.ac-reunion.fr\/clg-tamarins\/wp-content\/uploads\/sites\/56\/2021\/12\/Des-eleves-attentifs-768x512.jpg 768w, https:\/\/etab.ac-reunion.fr\/clg-tamarins\/wp-content\/uploads\/sites\/56\/2021\/12\/Des-eleves-attentifs-300x200.jpg 300w, https:\/\/etab.ac-reunion.fr\/clg-tamarins\/wp-content\/uploads\/sites\/56\/2021\/12\/Des-eleves-attentifs-1024x683.jpg 1024w, https:\/\/etab.ac-reunion.fr\/clg-tamarins\/wp-content\/uploads\/sites\/56\/2021\/12\/Des-eleves-attentifs-1536x1024.jpg 1536w, https:\/\/etab.ac-reunion.fr\/clg-tamarins\/wp-content\/uploads\/sites\/56\/2021\/12\/Des-eleves-attentifs-2048x1365.jpg 2048w, https:\/\/etab.ac-reunion.fr\/clg-tamarins\/wp-content\/uploads\/sites\/56\/2021\/12\/Des-eleves-attentifs-150x100.jpg 150w\" sizes=\"auto, (max-width: 768px) 100vw, 768px\" \/><\/div><\/div><\/div><script id=\"su_image_carousel_69f1d5f66981b_script\">if(window.SUImageCarousel){setTimeout(function() {window.SUImageCarousel.initGallery(document.getElementById(\"su_image_carousel_69f1d5f66981b\"))}, 0);}var su_image_carousel_69f1d5f66981b_script=document.getElementById(\"su_image_carousel_69f1d5f66981b_script\");if(su_image_carousel_69f1d5f66981b_script){su_image_carousel_69f1d5f66981b_script.parentNode.removeChild(su_image_carousel_69f1d5f66981b_script);}<\/script>\n","protected":false},"excerpt":{"rendered":"<p>Nous avions pr\u00e9par\u00e9 cette matin\u00e9e avec nos enseignants : comment accueillir des intervenants qui viennent nous parler de leur m\u00e9tier\u2026 Et c\u2019est le mercredi 24 novembre que les \u00e9l\u00e8ves de 3i\u00e8mes ont pu poser les questions \u00e0 des professionnels sur leurs activit\u00e9s. D\u00e9s leur arriv\u00e9e, nous, Parcours d\u2019Excellence, les avons\u2026<\/p>\n<p class=\"continue-reading-button\"> <a class=\"continue-reading-link\" href=\"https:\/\/etab.ac-reunion.fr\/clg-tamarins\/forum-des-metiers-2021\/\">Continuer \u00e0 lire<i class=\"crycon-right-dir\"><\/i><\/a><\/p>\n","protected":false},"author":30567,"featured_media":0,"comment_status":"closed","ping_status":"closed","sticky":false,"template":"","format":"standard","meta":{"footnotes":""},"categories":[293],"tags":[],"class_list":["post-7949","post","type-post","status-publish","format-standard","hentry","category-parcours_excellence"],"_links":{"self":[{"href":"https:\/\/etab.ac-reunion.fr\/clg-tamarins\/wp-json\/wp\/v2\/posts\/7949","targetHints":{"allow":["GET"]}}],"collection":[{"href":"https:\/\/etab.ac-reunion.fr\/clg-tamarins\/wp-json\/wp\/v2\/posts"}],"about":[{"href":"https:\/\/etab.ac-reunion.fr\/clg-tamarins\/wp-json\/wp\/v2\/types\/post"}],"author":[{"embeddable":true,"href":"https:\/\/etab.ac-reunion.fr\/clg-tamarins\/wp-json\/wp\/v2\/users\/30567"}],"replies":[{"embeddable":true,"href":"https:\/\/etab.ac-reunion.fr\/clg-tamarins\/wp-json\/wp\/v2\/comments?post=7949"}],"version-history":[{"count":5,"href":"https:\/\/etab.ac-reunion.fr\/clg-tamarins\/wp-json\/wp\/v2\/posts\/7949\/revisions"}],"predecessor-version":[{"id":8004,"href":"https:\/\/etab.ac-reunion.fr\/clg-tamarins\/wp-json\/wp\/v2\/posts\/7949\/revisions\/8004"}],"wp:attachment":[{"href":"https:\/\/etab.ac-reunion.fr\/clg-tamarins\/wp-json\/wp\/v2\/media?parent=7949"}],"wp:term":[{"taxonomy":"category","embeddable":true,"href":"https:\/\/etab.ac-reunion.fr\/clg-tamarins\/wp-json\/wp\/v2\/categories?post=7949"},{"taxonomy":"post_tag","embeddable":true,"href":"https:\/\/etab.ac-reunion.fr\/clg-tamarins\/wp-json\/wp\/v2\/tags?post=7949"}],"curies":[{"name":"wp","href":"https:\/\/api.w.org\/{rel}","templated":true}]}}