{"id":7957,"date":"2021-12-07T08:07:31","date_gmt":"2021-12-07T04:07:31","guid":{"rendered":"http:\/\/college-les-tamarins.ac-reunion.fr\/?p=7957"},"modified":"2021-12-07T08:07:31","modified_gmt":"2021-12-07T04:07:31","slug":"une-visite-memorable-musee-de-villele","status":"publish","type":"post","link":"https:\/\/etab.ac-reunion.fr\/clg-tamarins\/une-visite-memorable-musee-de-villele\/","title":{"rendered":"Une visite m\u00e9morable &#8211; mus\u00e9e de Vill\u00e8le"},"content":{"rendered":"<p>Le 14 Septembre 2021,<\/p>\n<p>Nous, \u00e9l\u00e8ves des classes de 4<sup>e<\/sup> Hibiscus et de 4<sup>e<\/sup> Orchid\u00e9e sommes all\u00e9s en sortie dans le cadre de l\u2019EPI au mus\u00e9e de Vill\u00e8le o\u00f9 \u00e9taient aussi expos\u00e9s des \u0153uvres du Louvre.<br \/>\nUne fois arriv\u00e9s, la visite a d\u00e9but\u00e9 par le jardin o\u00f9 la statue de Mme DESBASSAYNS nous \u00ab pr\u00e9sentait \u00bb le Code Noir (\u00e9tudi\u00e9 en cours).<\/p>\n<p>Pour b\u00e9n\u00e9ficier pleinement de l&rsquo;exposition \u00ab R\u00e9sonances, Le Louvre \u00e0 la R\u00e9union \u00bb nous \u00e9tions en groupes.<br \/>\nLe mien a commenc\u00e9 par une activit\u00e9 sous les tonnelles, nous nous sommes familiaris\u00e9s avec les \u0153uvres expos\u00e9es\u00a0: jeux des 7 ou 9 erreurs, puzzle et lieux \u00e0 reconstituer).<\/p>\n<p>Apr\u00e8s cela, nous nous sommes dirig\u00e9s vers \u00ab\u00a0l\u2019h\u00f4pital.\u00a0\u00bb Celui ci permettait de soigner et d&rsquo;\u00e9viter les maladies graves au sein du domaine. C\u2019est devenu un <strong>m\u00e9morial <\/strong>pour les esclaves de la propri\u00e9t\u00e9, avec, au sol, tous les noms et fonctions des esclaves.<\/p>\n<p>Nous avons ensuite, dans le domaine agricole, d\u00e9couvert les vestiges de l&rsquo;usine, l\u00e0 o\u00f9 la canne \u00e0 sucre \u00e9tait pr\u00e9par\u00e9e pour le commerce. Nous avons vu (plut\u00f4t imagin\u00e9) les machines utilis\u00e9es. Elles venaient de Liverpool.<\/p>\n<p>La visite a continu\u00e9 avec \u00ab la maison de Monsieur Desbassayns \u00bb o\u00f9 \u00e9taient expos\u00e9es les fameuses \u0153uvres. Elles retra\u00e7aient ce qu&rsquo;avait appr\u00e9ci\u00e9 et v\u00e9cu M. Desbassayns lors de son voyage \u00e0 Paris en 1788. Toutes les \u0153uvres venaient du Louvre. Des extraits audio \u00e9taient aussi diffus\u00e9s.<\/p>\n<p>Pour finir la matin\u00e9e, nous nous sommes rendus \u00e0 la Chapelle Pointue, au milieu de laquelle se trouve la tombe de Madame Desbassayns. Il y avait une statue de trois fr\u00e8res esclaves.<br \/>\n(Une l\u00e9gende raconte que la tombe aurait \u00e9t\u00e9 frapp\u00e9e par la foudre \u00e0 deux reprises, pour \u00ab\u00a0la punir de son pass\u00e9,\u00bb, ce qui expliquerait les fissures pr\u00e9sentes \u00e0 l&rsquo;heure actuelle.)<\/p>\n<p>La pause d\u00e9jeuner a eu lieu sur la plage de Saint Leu. Et apr\u00e8s le repas apr\u00e8s nous avons fait un jeu o\u00f9, par groupe, nous devions faire la meilleure \u0153uvre en rapport avec l\u2019esclavage&#8230;&#8230;Du land art baln\u00e9aire!<\/p>\n<p>Notre groupe a r\u00e9alis\u00e9 un paysage o\u00f9 il y avait des Marrons (le nom qu\u2019on donnait au esclaves qui s&rsquo;\u00e9taient \u00e9chapp\u00e9s ) qui se cachaient des \u00ab chasseurs de Noirs \u00bb. J&rsquo;avoue que n\u00f4tre r\u00e9alisation \u00e9tait pas mal!!!<\/p>\n<p>Et nous sommes, apr\u00e8s cette belle journ\u00e9e trop cool, rentr\u00e9s au coll\u00e8ge.<\/p>\n<p>&nbsp;<\/p>\n<p style=\"text-align: right\">Nathan et Jonah 4i\u00e8me HIBISCUS<\/p>\n<p style=\"text-align: center\"><div class=\"su-custom-gallery su-custom-gallery-align-left su-custom-gallery-title-never su-lightbox-gallery\"><div class=\"su-custom-gallery-slide\" style=\"width:150px;height:150px\"><a href=\"https:\/\/etab.ac-reunion.fr\/clg-tamarins\/wp-content\/uploads\/sites\/56\/2021\/12\/Des-orchidees-en-action-scaled.jpg\" title=\"Des orchid\u00e9es en action\"><img loading=\"lazy\" decoding=\"async\" src=\"https:\/\/etab.ac-reunion.fr\/clg-tamarins\/wp-content\/uploads\/sites\/56\/2021\/12\/Des-orchidees-en-action-scaled.jpg\" alt=\"Des orchid\u00e9es en action\" width=\"150\" height=\"150\" \/><span class=\"su-custom-gallery-title\">Des orchid\u00e9es en action<\/span><\/a><\/div><div class=\"su-custom-gallery-slide\" style=\"width:150px;height:150px\"><a href=\"https:\/\/etab.ac-reunion.fr\/clg-tamarins\/wp-content\/uploads\/sites\/56\/2021\/12\/Fiers-scaled.jpg\" title=\"Fiers!\"><img loading=\"lazy\" decoding=\"async\" src=\"https:\/\/etab.ac-reunion.fr\/clg-tamarins\/wp-content\/uploads\/sites\/56\/2021\/12\/Fiers-scaled.jpg\" alt=\"Fiers!\" width=\"150\" height=\"150\" \/><span class=\"su-custom-gallery-title\">Fiers!<\/span><\/a><\/div><div class=\"su-custom-gallery-slide\" style=\"width:150px;height:150px\"><a href=\"https:\/\/etab.ac-reunion.fr\/clg-tamarins\/wp-content\/uploads\/sites\/56\/2021\/12\/Sous-la-tonnelle-scaled.jpg\" title=\"Sous la tonnelle\"><img loading=\"lazy\" decoding=\"async\" src=\"https:\/\/etab.ac-reunion.fr\/clg-tamarins\/wp-content\/uploads\/sites\/56\/2021\/12\/Sous-la-tonnelle-scaled.jpg\" alt=\"Sous la tonnelle\" width=\"150\" height=\"150\" \/><span class=\"su-custom-gallery-title\">Sous la tonnelle<\/span><\/a><\/div><div class=\"su-custom-gallery-slide\" style=\"width:150px;height:150px\"><a href=\"https:\/\/etab.ac-reunion.fr\/clg-tamarins\/wp-content\/uploads\/sites\/56\/2021\/12\/Tous-attentifs-scaled.jpg\" title=\"Tous attentifs\"><img loading=\"lazy\" decoding=\"async\" src=\"https:\/\/etab.ac-reunion.fr\/clg-tamarins\/wp-content\/uploads\/sites\/56\/2021\/12\/Tous-attentifs-scaled.jpg\" alt=\"Tous attentifs\" width=\"150\" height=\"150\" \/><span class=\"su-custom-gallery-title\">Tous attentifs<\/span><\/a><\/div><div class=\"su-custom-gallery-slide\" style=\"width:150px;height:150px\"><a href=\"https:\/\/etab.ac-reunion.fr\/clg-tamarins\/wp-content\/uploads\/sites\/56\/2021\/12\/Une-des-oeuvres-scaled.jpg\" title=\"Une des oeuvres\"><img loading=\"lazy\" decoding=\"async\" src=\"https:\/\/etab.ac-reunion.fr\/clg-tamarins\/wp-content\/uploads\/sites\/56\/2021\/12\/Une-des-oeuvres-scaled.jpg\" alt=\"Une des oeuvres\" width=\"150\" height=\"150\" \/><span class=\"su-custom-gallery-title\">Une des oeuvres<\/span><\/a><\/div><div class=\"su-clear\"><\/div><\/div>\n","protected":false},"excerpt":{"rendered":"<p>Le 14 Septembre 2021, Nous, \u00e9l\u00e8ves des classes de 4e Hibiscus et de 4e Orchid\u00e9e sommes all\u00e9s en sortie dans le cadre de l\u2019EPI au mus\u00e9e de Vill\u00e8le o\u00f9 \u00e9taient aussi expos\u00e9s des \u0153uvres du Louvre. Une fois arriv\u00e9s, la visite a d\u00e9but\u00e9 par le jardin o\u00f9 la statue de\u2026<\/p>\n<p class=\"continue-reading-button\"> <a class=\"continue-reading-link\" href=\"https:\/\/etab.ac-reunion.fr\/clg-tamarins\/une-visite-memorable-musee-de-villele\/\">Continuer \u00e0 lire<i class=\"crycon-right-dir\"><\/i><\/a><\/p>\n","protected":false},"author":30567,"featured_media":0,"comment_status":"closed","ping_status":"closed","sticky":false,"template":"","format":"standard","meta":{"footnotes":""},"categories":[292],"tags":[],"class_list":["post-7957","post","type-post","status-publish","format-standard","hentry","category-epi"],"_links":{"self":[{"href":"https:\/\/etab.ac-reunion.fr\/clg-tamarins\/wp-json\/wp\/v2\/posts\/7957","targetHints":{"allow":["GET"]}}],"collection":[{"href":"https:\/\/etab.ac-reunion.fr\/clg-tamarins\/wp-json\/wp\/v2\/posts"}],"about":[{"href":"https:\/\/etab.ac-reunion.fr\/clg-tamarins\/wp-json\/wp\/v2\/types\/post"}],"author":[{"embeddable":true,"href":"https:\/\/etab.ac-reunion.fr\/clg-tamarins\/wp-json\/wp\/v2\/users\/30567"}],"replies":[{"embeddable":true,"href":"https:\/\/etab.ac-reunion.fr\/clg-tamarins\/wp-json\/wp\/v2\/comments?post=7957"}],"version-history":[{"count":9,"href":"https:\/\/etab.ac-reunion.fr\/clg-tamarins\/wp-json\/wp\/v2\/posts\/7957\/revisions"}],"predecessor-version":[{"id":8005,"href":"https:\/\/etab.ac-reunion.fr\/clg-tamarins\/wp-json\/wp\/v2\/posts\/7957\/revisions\/8005"}],"wp:attachment":[{"href":"https:\/\/etab.ac-reunion.fr\/clg-tamarins\/wp-json\/wp\/v2\/media?parent=7957"}],"wp:term":[{"taxonomy":"category","embeddable":true,"href":"https:\/\/etab.ac-reunion.fr\/clg-tamarins\/wp-json\/wp\/v2\/categories?post=7957"},{"taxonomy":"post_tag","embeddable":true,"href":"https:\/\/etab.ac-reunion.fr\/clg-tamarins\/wp-json\/wp\/v2\/tags?post=7957"}],"curies":[{"name":"wp","href":"https:\/\/api.w.org\/{rel}","templated":true}]}}