{"id":7968,"date":"2021-12-07T08:00:24","date_gmt":"2021-12-07T04:00:24","guid":{"rendered":"http:\/\/college-les-tamarins.ac-reunion.fr\/?p=7968"},"modified":"2021-12-07T08:00:24","modified_gmt":"2021-12-07T04:00:24","slug":"visite-des-hemicycles-a-saint-denis","status":"publish","type":"post","link":"https:\/\/etab.ac-reunion.fr\/clg-tamarins\/visite-des-hemicycles-a-saint-denis\/","title":{"rendered":"VISITE DES HEMICYCLES A SAINT DENIS"},"content":{"rendered":"<p>Le jeudi, 18 novembre, dans le cadre du Parcours d\u2019Excellence nous avons \u00e9t\u00e9 convi\u00e9s \u00e0 une visite des h\u00e9micycles (D\u00e9partement et R\u00e9gion), mais h\u00e9las le D\u00e9partement n\u2019a pu nous recevoir !<\/p>\n<p>Apr\u00e8s quelques embouteillages sur la route du Littoral nous sommes arriv\u00e9s \u00e0 la R\u00e9gion o\u00f9 une dame de l\u2019accueil, tr\u00e8s souriante qui nous a conduits \u00e0 Mme SITOUZE (8<sup>i\u00e8me<\/sup> vice pr\u00e9sidente charg\u00e9e de l\u2019\u00c9ducation).<\/p>\n<p>Me C\u00e9line SITOUZE a r\u00e9pondu avec efficacit\u00e9 et p\u00e9dagogie \u00e0 toutes nos questions sur la construction des lyc\u00e9es (celui de la mer au Port pour bient\u00f4t), l\u2019environnement, la NRL, le programme ERASMUS. Elle a \u00e9t\u00e9 tr\u00e8s convaincante en nous disant que nous devions nous engager dans notre scolarit\u00e9 et notre vie de futurs citoyens\u2026certains ont \u00e9t\u00e9 tr\u00e8s convaincus et souhaiteraient s\u2019engager dans la politique un jour ! A la fin de nos \u00e9changes\u00a0 un petit cadeau tr\u00e8s appr\u00e9ci\u00e9 et un rafra\u00eechissement nous ont \u00e9t\u00e9 offerts.<\/p>\n<p>Apr\u00e8s une s\u00e9ance photos sur les marche de la pyramide invers\u00e9e, nous avons d\u00e9jeun\u00e9 dans \u00ab les jardins du Roy \u00bb (aujourd\u2019hui Jardin de l\u2019\u00c9tat) qui abrite le mus\u00e9e d\u2019Histoire Naturelle) ; Une pause tr\u00e8s agr\u00e9able !<\/p>\n<p>L\u2019apr\u00e8s midi nous avons visit\u00e9 l\u2019exposition F\u00e9noir (galerie AHIO) : elle \u00e9voquait les luttes des anc\u00eatres pour faire \u00e9merger la lumi\u00e8re de l\u2019obscurit\u00e9 du pass\u00e9. Une belle diversit\u00e9 de la culture india-oc\u00e9anique et le m\u00e9tissage r\u00e9unionnais. Nous y avons retrouv\u00e9 des \u0153uvres d\u2019artistes que nous connaissions d\u00e9j\u00e0 : JACE, KAKO\u2026Mais aussi YZ. Nous avions chacun notre pr\u00e9f\u00e9r\u00e9e : \u00ab Le Port \u00bb de St\u00e9phanie HOAREAU, \u00ab la f\u00e9e noire \u00bb de JACE.<\/p>\n<p>Apr\u00e8s une journ\u00e9e riche de d\u00e9couvertes nous sommes\u00a0 rentr\u00e9s, ravis\u00a0!<\/p>\n<p style=\"text-align: right\">Les \u00e9l\u00e8ves du Parcours d\u2019excellence\u00a0: Ma\u00efa, Meysha, No\u00e9mie, Mouanmar et Scott<\/p>\n<div id=\"su_carousel_69f1d5bdf08a3\" class=\"su-carousel su-carousel-centered su-carousel-pages-no su-carousel-responsive-yes su-lightbox-gallery\" style=\"width:100%\" data-autoplay=\"3000\" data-speed=\"300\" data-mousewheel=\"true\" data-items=\"5\" data-scroll=\"1\"><div class=\"su-carousel-slides\"><div class=\"su-carousel-slide\"><a href=\"https:\/\/etab.ac-reunion.fr\/clg-tamarins\/wp-content\/uploads\/sites\/56\/2021\/12\/Une-pause-meritee-scaled.jpg\" title=\"Une pause m\u00e9rit\u00e9e\"><img decoding=\"async\" src=\"https:\/\/etab.ac-reunion.fr\/clg-tamarins\/wp-content\/uploads\/sites\/56\/2021\/12\/Une-pause-meritee-scaled.jpg\" alt=\"Une pause m\u00e9rit\u00e9e\" \/><\/a><\/div><div class=\"su-carousel-slide\"><a href=\"https:\/\/etab.ac-reunion.fr\/clg-tamarins\/wp-content\/uploads\/sites\/56\/2021\/12\/Dans-lhemicycle.jpg\" title=\"Dans l&rsquo;h\u00e9micycle\"><img decoding=\"async\" src=\"https:\/\/etab.ac-reunion.fr\/clg-tamarins\/wp-content\/uploads\/sites\/56\/2021\/12\/Dans-lhemicycle.jpg\" alt=\"Dans l&rsquo;h\u00e9micycle\" \/><\/a><\/div><div class=\"su-carousel-slide\"><a href=\"https:\/\/etab.ac-reunion.fr\/clg-tamarins\/wp-content\/uploads\/sites\/56\/2021\/12\/Decouverte-dun-artiste-scaled.jpg\" title=\"D\u00e9couverte d&rsquo;un artiste\"><img decoding=\"async\" src=\"https:\/\/etab.ac-reunion.fr\/clg-tamarins\/wp-content\/uploads\/sites\/56\/2021\/12\/Decouverte-dun-artiste-scaled.jpg\" alt=\"D\u00e9couverte d&rsquo;un artiste\" \/><\/a><\/div><div class=\"su-carousel-slide\"><a href=\"https:\/\/etab.ac-reunion.fr\/clg-tamarins\/wp-content\/uploads\/sites\/56\/2021\/12\/La-fee-noire-scaled.jpg\" title=\"La f\u00e9e noire\"><img decoding=\"async\" src=\"https:\/\/etab.ac-reunion.fr\/clg-tamarins\/wp-content\/uploads\/sites\/56\/2021\/12\/La-fee-noire-scaled.jpg\" alt=\"La f\u00e9e noire\" \/><\/a><\/div><div class=\"su-carousel-slide\"><a href=\"https:\/\/etab.ac-reunion.fr\/clg-tamarins\/wp-content\/uploads\/sites\/56\/2021\/12\/La-galerie--scaled.jpg\" title=\"La galerie\"><img decoding=\"async\" src=\"https:\/\/etab.ac-reunion.fr\/clg-tamarins\/wp-content\/uploads\/sites\/56\/2021\/12\/La-galerie--scaled.jpg\" alt=\"La galerie\" \/><\/a><\/div><div class=\"su-carousel-slide\"><a href=\"https:\/\/etab.ac-reunion.fr\/clg-tamarins\/wp-content\/uploads\/sites\/56\/2021\/12\/Le-parcours-dExcellence.jpg\" title=\"Le parcours d&rsquo;Excellence\"><img decoding=\"async\" src=\"https:\/\/etab.ac-reunion.fr\/clg-tamarins\/wp-content\/uploads\/sites\/56\/2021\/12\/Le-parcours-dExcellence.jpg\" alt=\"Le parcours d&rsquo;Excellence\" \/><\/a><\/div><div class=\"su-carousel-slide\"><a href=\"https:\/\/etab.ac-reunion.fr\/clg-tamarins\/wp-content\/uploads\/sites\/56\/2021\/12\/Sur-les-marches-de-lhemicycle-scaled.jpg\" title=\"Sur les marches de l&rsquo;h\u00e9micycle\"><img decoding=\"async\" src=\"https:\/\/etab.ac-reunion.fr\/clg-tamarins\/wp-content\/uploads\/sites\/56\/2021\/12\/Sur-les-marches-de-lhemicycle-scaled.jpg\" alt=\"Sur les marches de l&rsquo;h\u00e9micycle\" \/><\/a><\/div><div class=\"su-carousel-slide\"><a href=\"https:\/\/etab.ac-reunion.fr\/clg-tamarins\/wp-content\/uploads\/sites\/56\/2021\/12\/Une-image-dautrefois-scaled.jpg\" title=\"Une image d&rsquo;autrefois\"><img decoding=\"async\" src=\"https:\/\/etab.ac-reunion.fr\/clg-tamarins\/wp-content\/uploads\/sites\/56\/2021\/12\/Une-image-dautrefois-scaled.jpg\" alt=\"Une image d&rsquo;autrefois\" \/><\/a><\/div><\/div><div class=\"su-carousel-nav\"><div class=\"su-carousel-direction\"><span class=\"su-carousel-prev\"><\/span><span class=\"su-carousel-next\"><\/span><\/div><div class=\"su-carousel-pagination\"><\/div><\/div><\/div>\n","protected":false},"excerpt":{"rendered":"<p>Le jeudi, 18 novembre, dans le cadre du Parcours d\u2019Excellence nous avons \u00e9t\u00e9 convi\u00e9s \u00e0 une visite des h\u00e9micycles (D\u00e9partement et R\u00e9gion), mais h\u00e9las le D\u00e9partement n\u2019a pu nous recevoir ! Apr\u00e8s quelques embouteillages sur la route du Littoral nous sommes arriv\u00e9s \u00e0 la R\u00e9gion o\u00f9 une dame de l\u2019accueil,\u2026<\/p>\n<p class=\"continue-reading-button\"> <a class=\"continue-reading-link\" href=\"https:\/\/etab.ac-reunion.fr\/clg-tamarins\/visite-des-hemicycles-a-saint-denis\/\">Continuer \u00e0 lire<i class=\"crycon-right-dir\"><\/i><\/a><\/p>\n","protected":false},"author":30567,"featured_media":0,"comment_status":"closed","ping_status":"closed","sticky":false,"template":"","format":"standard","meta":{"footnotes":""},"categories":[293],"tags":[],"class_list":["post-7968","post","type-post","status-publish","format-standard","hentry","category-parcours_excellence"],"_links":{"self":[{"href":"https:\/\/etab.ac-reunion.fr\/clg-tamarins\/wp-json\/wp\/v2\/posts\/7968","targetHints":{"allow":["GET"]}}],"collection":[{"href":"https:\/\/etab.ac-reunion.fr\/clg-tamarins\/wp-json\/wp\/v2\/posts"}],"about":[{"href":"https:\/\/etab.ac-reunion.fr\/clg-tamarins\/wp-json\/wp\/v2\/types\/post"}],"author":[{"embeddable":true,"href":"https:\/\/etab.ac-reunion.fr\/clg-tamarins\/wp-json\/wp\/v2\/users\/30567"}],"replies":[{"embeddable":true,"href":"https:\/\/etab.ac-reunion.fr\/clg-tamarins\/wp-json\/wp\/v2\/comments?post=7968"}],"version-history":[{"count":7,"href":"https:\/\/etab.ac-reunion.fr\/clg-tamarins\/wp-json\/wp\/v2\/posts\/7968\/revisions"}],"predecessor-version":[{"id":8002,"href":"https:\/\/etab.ac-reunion.fr\/clg-tamarins\/wp-json\/wp\/v2\/posts\/7968\/revisions\/8002"}],"wp:attachment":[{"href":"https:\/\/etab.ac-reunion.fr\/clg-tamarins\/wp-json\/wp\/v2\/media?parent=7968"}],"wp:term":[{"taxonomy":"category","embeddable":true,"href":"https:\/\/etab.ac-reunion.fr\/clg-tamarins\/wp-json\/wp\/v2\/categories?post=7968"},{"taxonomy":"post_tag","embeddable":true,"href":"https:\/\/etab.ac-reunion.fr\/clg-tamarins\/wp-json\/wp\/v2\/tags?post=7968"}],"curies":[{"name":"wp","href":"https:\/\/api.w.org\/{rel}","templated":true}]}}