{"id":8170,"date":"2022-05-03T15:01:15","date_gmt":"2022-05-03T11:01:15","guid":{"rendered":"http:\/\/college-les-tamarins.ac-reunion.fr\/?p=8170"},"modified":"2022-05-03T15:01:15","modified_gmt":"2022-05-03T11:01:15","slug":"le-groupe-plouha-et-les-cerfs-volants","status":"publish","type":"post","link":"https:\/\/etab.ac-reunion.fr\/clg-tamarins\/le-groupe-plouha-et-les-cerfs-volants\/","title":{"rendered":"Le groupe PLOUHA et les cerfs volants"},"content":{"rendered":"<p>Apr\u00e8s plusieurs activit\u00e9s d\u00e9but\u00e9es les lundis \u00e0 la pause m\u00e9ridienne au CDI sur les \u00ab cerfs volants, porteurs de messages \u00bb nous avons effectu\u00e9 notre premi\u00e8re sortie\u2026 et ce ne sera pas la derni\u00e8re !<br \/>\nLe mercredi 20 Avril 2022, nous qui pr\u00e9parons le voyage \u00e0 PLOUHA sommes partis au port de Saint Pierre pour notre premier vol de cerf-volant. Nous sommes sortis du coll\u00e8ge vers 8h30, avons march\u00e9 jusqu\u2019au port. Nous \u00e9tions accompagn\u00e9s des 2 animateurs, de Mme ETHEVE, de Mme FIEGENWALD et de Mme FELIX.<br \/>\nUne fois sur place, les animateurs nous ont expliqu\u00e9s comment se rep\u00e9rer et<br \/>\ntrouver l\u2019endroit id\u00e9al pour faire voler les cerfs-volants. Ensuite, nous sommes pass\u00e9s \u00e0 la pratique en bin\u00f4me. Trop cool !&#8230;<br \/>\nEnfin, vers 11h15, nous sommes revenus au coll\u00e8ge.<br \/>\nJ\u2019ai bien aim\u00e9 cette premi\u00e8re sortie car j\u2019ai pu mieux faire connaissance avec les autres \u00e9l\u00e8ves. Cela m\u2019a permis aussi de savoir les r\u00e8gles lorsqu\u2019on pratique le cerf-volant. J\u2019\u00e9tais impressionn\u00e9 par le \u00ab\u00a0train volant\u00a0\u00bb que les animateurs avaient fabriqu\u00e9. Ce fut une matin\u00e9e chaude et tr\u00e8s ensoleill\u00e9e, malgr\u00e9 le soleil j\u2019ai appr\u00e9ci\u00e9 l\u2019activit\u00e9.<br \/>\nS\u00fbr\u00a0! La prochaine fois nous n\u2019oublierons pas nos casquettes et cr\u00e8mes solaires\u00a0!<br \/>\nJe remercie les professeures ainsi que les animateurs qui nous ont offert des petits cadeaux (gobelet \u00e0 garder et lunettes de soleil).<\/p>\n<p style=\"text-align: right\">K\u00e9noa 5\u00e8me LONGANIS<\/p>\n<div class=\"su-image-carousel  su-image-carousel-has-spacing su-image-carousel-crop su-image-carousel-crop-16-10 su-image-carousel-has-outline su-image-carousel-adaptive su-image-carousel-slides-style-minimal su-image-carousel-controls-style-light su-image-carousel-align-none\" style=\"\" data-flickity-options='{\"groupCells\":true,\"cellSelector\":\".su-image-carousel-item\",\"adaptiveHeight\":false,\"cellAlign\":\"left\",\"prevNextButtons\":true,\"pageDots\":true,\"autoPlay\":5000,\"imagesLoaded\":true,\"contain\":true,\"selectedAttraction\":0.025,\"friction\":0.28}' id=\"su_image_carousel_69f1d5cab803c\"><div class=\"su-image-carousel-item\"><div class=\"su-image-carousel-item-content\"><img loading=\"lazy\" decoding=\"async\" width=\"768\" height=\"512\" src=\"https:\/\/etab.ac-reunion.fr\/clg-tamarins\/wp-content\/uploads\/sites\/56\/2022\/05\/Travail-dequipe-768x512.jpg\" class=\"\" alt=\"\" srcset=\"https:\/\/etab.ac-reunion.fr\/clg-tamarins\/wp-content\/uploads\/sites\/56\/2022\/05\/Travail-dequipe-768x512.jpg 768w, https:\/\/etab.ac-reunion.fr\/clg-tamarins\/wp-content\/uploads\/sites\/56\/2022\/05\/Travail-dequipe-300x200.jpg 300w, https:\/\/etab.ac-reunion.fr\/clg-tamarins\/wp-content\/uploads\/sites\/56\/2022\/05\/Travail-dequipe-1024x683.jpg 1024w, https:\/\/etab.ac-reunion.fr\/clg-tamarins\/wp-content\/uploads\/sites\/56\/2022\/05\/Travail-dequipe-1536x1024.jpg 1536w, https:\/\/etab.ac-reunion.fr\/clg-tamarins\/wp-content\/uploads\/sites\/56\/2022\/05\/Travail-dequipe-2048x1365.jpg 2048w, https:\/\/etab.ac-reunion.fr\/clg-tamarins\/wp-content\/uploads\/sites\/56\/2022\/05\/Travail-dequipe-150x100.jpg 150w\" sizes=\"auto, (max-width: 768px) 100vw, 768px\" \/><\/div><\/div><div class=\"su-image-carousel-item\"><div class=\"su-image-carousel-item-content\"><img loading=\"lazy\" decoding=\"async\" width=\"768\" height=\"512\" src=\"https:\/\/etab.ac-reunion.fr\/clg-tamarins\/wp-content\/uploads\/sites\/56\/2022\/05\/Petits-exemples-de-cerfs-volants-768x512.jpg\" class=\"\" alt=\"\" srcset=\"https:\/\/etab.ac-reunion.fr\/clg-tamarins\/wp-content\/uploads\/sites\/56\/2022\/05\/Petits-exemples-de-cerfs-volants-768x512.jpg 768w, https:\/\/etab.ac-reunion.fr\/clg-tamarins\/wp-content\/uploads\/sites\/56\/2022\/05\/Petits-exemples-de-cerfs-volants-300x200.jpg 300w, https:\/\/etab.ac-reunion.fr\/clg-tamarins\/wp-content\/uploads\/sites\/56\/2022\/05\/Petits-exemples-de-cerfs-volants-1024x683.jpg 1024w, https:\/\/etab.ac-reunion.fr\/clg-tamarins\/wp-content\/uploads\/sites\/56\/2022\/05\/Petits-exemples-de-cerfs-volants-1536x1024.jpg 1536w, https:\/\/etab.ac-reunion.fr\/clg-tamarins\/wp-content\/uploads\/sites\/56\/2022\/05\/Petits-exemples-de-cerfs-volants-2048x1365.jpg 2048w, https:\/\/etab.ac-reunion.fr\/clg-tamarins\/wp-content\/uploads\/sites\/56\/2022\/05\/Petits-exemples-de-cerfs-volants-150x100.jpg 150w\" sizes=\"auto, (max-width: 768px) 100vw, 768px\" \/><\/div><\/div><div class=\"su-image-carousel-item\"><div class=\"su-image-carousel-item-content\"><img loading=\"lazy\" decoding=\"async\" width=\"768\" height=\"512\" src=\"https:\/\/etab.ac-reunion.fr\/clg-tamarins\/wp-content\/uploads\/sites\/56\/2022\/05\/Notre-binome-768x512.jpg\" class=\"\" alt=\"\" srcset=\"https:\/\/etab.ac-reunion.fr\/clg-tamarins\/wp-content\/uploads\/sites\/56\/2022\/05\/Notre-binome-768x512.jpg 768w, https:\/\/etab.ac-reunion.fr\/clg-tamarins\/wp-content\/uploads\/sites\/56\/2022\/05\/Notre-binome-300x200.jpg 300w, https:\/\/etab.ac-reunion.fr\/clg-tamarins\/wp-content\/uploads\/sites\/56\/2022\/05\/Notre-binome-1024x683.jpg 1024w, https:\/\/etab.ac-reunion.fr\/clg-tamarins\/wp-content\/uploads\/sites\/56\/2022\/05\/Notre-binome-1536x1024.jpg 1536w, https:\/\/etab.ac-reunion.fr\/clg-tamarins\/wp-content\/uploads\/sites\/56\/2022\/05\/Notre-binome-2048x1365.jpg 2048w, https:\/\/etab.ac-reunion.fr\/clg-tamarins\/wp-content\/uploads\/sites\/56\/2022\/05\/Notre-binome-150x100.jpg 150w\" sizes=\"auto, (max-width: 768px) 100vw, 768px\" \/><\/div><\/div><div class=\"su-image-carousel-item\"><div class=\"su-image-carousel-item-content\"><img loading=\"lazy\" decoding=\"async\" width=\"768\" height=\"1024\" src=\"https:\/\/etab.ac-reunion.fr\/clg-tamarins\/wp-content\/uploads\/sites\/56\/2022\/05\/Le-train-cerf-volant-768x1024.jpg\" class=\"\" alt=\"\" srcset=\"https:\/\/etab.ac-reunion.fr\/clg-tamarins\/wp-content\/uploads\/sites\/56\/2022\/05\/Le-train-cerf-volant-768x1024.jpg 768w, https:\/\/etab.ac-reunion.fr\/clg-tamarins\/wp-content\/uploads\/sites\/56\/2022\/05\/Le-train-cerf-volant-225x300.jpg 225w, https:\/\/etab.ac-reunion.fr\/clg-tamarins\/wp-content\/uploads\/sites\/56\/2022\/05\/Le-train-cerf-volant-1152x1536.jpg 1152w, https:\/\/etab.ac-reunion.fr\/clg-tamarins\/wp-content\/uploads\/sites\/56\/2022\/05\/Le-train-cerf-volant-1536x2048.jpg 1536w, https:\/\/etab.ac-reunion.fr\/clg-tamarins\/wp-content\/uploads\/sites\/56\/2022\/05\/Le-train-cerf-volant-113x150.jpg 113w, https:\/\/etab.ac-reunion.fr\/clg-tamarins\/wp-content\/uploads\/sites\/56\/2022\/05\/Le-train-cerf-volant-scaled.jpg 1920w\" sizes=\"auto, (max-width: 768px) 100vw, 768px\" \/><\/div><\/div><div class=\"su-image-carousel-item\"><div class=\"su-image-carousel-item-content\"><img loading=\"lazy\" decoding=\"async\" width=\"768\" height=\"512\" src=\"https:\/\/etab.ac-reunion.fr\/clg-tamarins\/wp-content\/uploads\/sites\/56\/2022\/05\/Le-groupe-Plouha-768x512.jpg\" class=\"\" alt=\"\" srcset=\"https:\/\/etab.ac-reunion.fr\/clg-tamarins\/wp-content\/uploads\/sites\/56\/2022\/05\/Le-groupe-Plouha-768x512.jpg 768w, https:\/\/etab.ac-reunion.fr\/clg-tamarins\/wp-content\/uploads\/sites\/56\/2022\/05\/Le-groupe-Plouha-300x200.jpg 300w, https:\/\/etab.ac-reunion.fr\/clg-tamarins\/wp-content\/uploads\/sites\/56\/2022\/05\/Le-groupe-Plouha-1024x683.jpg 1024w, https:\/\/etab.ac-reunion.fr\/clg-tamarins\/wp-content\/uploads\/sites\/56\/2022\/05\/Le-groupe-Plouha-1536x1024.jpg 1536w, https:\/\/etab.ac-reunion.fr\/clg-tamarins\/wp-content\/uploads\/sites\/56\/2022\/05\/Le-groupe-Plouha-2048x1365.jpg 2048w, https:\/\/etab.ac-reunion.fr\/clg-tamarins\/wp-content\/uploads\/sites\/56\/2022\/05\/Le-groupe-Plouha-150x100.jpg 150w\" sizes=\"auto, (max-width: 768px) 100vw, 768px\" \/><\/div><\/div><div class=\"su-image-carousel-item\"><div class=\"su-image-carousel-item-content\"><img loading=\"lazy\" decoding=\"async\" width=\"768\" height=\"512\" src=\"https:\/\/etab.ac-reunion.fr\/clg-tamarins\/wp-content\/uploads\/sites\/56\/2022\/05\/Envol-768x512.jpg\" class=\"\" alt=\"\" srcset=\"https:\/\/etab.ac-reunion.fr\/clg-tamarins\/wp-content\/uploads\/sites\/56\/2022\/05\/Envol-768x512.jpg 768w, https:\/\/etab.ac-reunion.fr\/clg-tamarins\/wp-content\/uploads\/sites\/56\/2022\/05\/Envol-300x200.jpg 300w, https:\/\/etab.ac-reunion.fr\/clg-tamarins\/wp-content\/uploads\/sites\/56\/2022\/05\/Envol-1024x683.jpg 1024w, https:\/\/etab.ac-reunion.fr\/clg-tamarins\/wp-content\/uploads\/sites\/56\/2022\/05\/Envol-1536x1024.jpg 1536w, https:\/\/etab.ac-reunion.fr\/clg-tamarins\/wp-content\/uploads\/sites\/56\/2022\/05\/Envol-2048x1365.jpg 2048w, https:\/\/etab.ac-reunion.fr\/clg-tamarins\/wp-content\/uploads\/sites\/56\/2022\/05\/Envol-150x100.jpg 150w\" sizes=\"auto, (max-width: 768px) 100vw, 768px\" \/><\/div><\/div><\/div><script id=\"su_image_carousel_69f1d5cab803c_script\">if(window.SUImageCarousel){setTimeout(function() {window.SUImageCarousel.initGallery(document.getElementById(\"su_image_carousel_69f1d5cab803c\"))}, 0);}var su_image_carousel_69f1d5cab803c_script=document.getElementById(\"su_image_carousel_69f1d5cab803c_script\");if(su_image_carousel_69f1d5cab803c_script){su_image_carousel_69f1d5cab803c_script.parentNode.removeChild(su_image_carousel_69f1d5cab803c_script);}<\/script>\n","protected":false},"excerpt":{"rendered":"<p>Apr\u00e8s plusieurs activit\u00e9s d\u00e9but\u00e9es les lundis \u00e0 la pause m\u00e9ridienne au CDI sur les \u00ab cerfs volants, porteurs de messages \u00bb nous avons effectu\u00e9 notre premi\u00e8re sortie\u2026 et ce ne sera pas la derni\u00e8re ! Le mercredi 20 Avril 2022, nous qui pr\u00e9parons le voyage \u00e0 PLOUHA sommes partis au\u2026<\/p>\n<p class=\"continue-reading-button\"> <a class=\"continue-reading-link\" href=\"https:\/\/etab.ac-reunion.fr\/clg-tamarins\/le-groupe-plouha-et-les-cerfs-volants\/\">Continuer \u00e0 lire<i class=\"crycon-right-dir\"><\/i><\/a><\/p>\n","protected":false},"author":30567,"featured_media":8174,"comment_status":"closed","ping_status":"closed","sticky":false,"template":"","format":"quote","meta":{"footnotes":""},"categories":[1],"tags":[],"class_list":["post-8170","post","type-post","status-publish","format-quote","has-post-thumbnail","hentry","category-non-classe","post_format-post-format-quote"],"_links":{"self":[{"href":"https:\/\/etab.ac-reunion.fr\/clg-tamarins\/wp-json\/wp\/v2\/posts\/8170","targetHints":{"allow":["GET"]}}],"collection":[{"href":"https:\/\/etab.ac-reunion.fr\/clg-tamarins\/wp-json\/wp\/v2\/posts"}],"about":[{"href":"https:\/\/etab.ac-reunion.fr\/clg-tamarins\/wp-json\/wp\/v2\/types\/post"}],"author":[{"embeddable":true,"href":"https:\/\/etab.ac-reunion.fr\/clg-tamarins\/wp-json\/wp\/v2\/users\/30567"}],"replies":[{"embeddable":true,"href":"https:\/\/etab.ac-reunion.fr\/clg-tamarins\/wp-json\/wp\/v2\/comments?post=8170"}],"version-history":[{"count":3,"href":"https:\/\/etab.ac-reunion.fr\/clg-tamarins\/wp-json\/wp\/v2\/posts\/8170\/revisions"}],"predecessor-version":[{"id":8191,"href":"https:\/\/etab.ac-reunion.fr\/clg-tamarins\/wp-json\/wp\/v2\/posts\/8170\/revisions\/8191"}],"wp:featuredmedia":[{"embeddable":true,"href":"https:\/\/etab.ac-reunion.fr\/clg-tamarins\/wp-json\/wp\/v2\/media\/8174"}],"wp:attachment":[{"href":"https:\/\/etab.ac-reunion.fr\/clg-tamarins\/wp-json\/wp\/v2\/media?parent=8170"}],"wp:term":[{"taxonomy":"category","embeddable":true,"href":"https:\/\/etab.ac-reunion.fr\/clg-tamarins\/wp-json\/wp\/v2\/categories?post=8170"},{"taxonomy":"post_tag","embeddable":true,"href":"https:\/\/etab.ac-reunion.fr\/clg-tamarins\/wp-json\/wp\/v2\/tags?post=8170"}],"curies":[{"name":"wp","href":"https:\/\/api.w.org\/{rel}","templated":true}]}}