{"id":8201,"date":"2022-06-13T10:48:26","date_gmt":"2022-06-13T06:48:26","guid":{"rendered":"http:\/\/college-les-tamarins.ac-reunion.fr\/?p=8201"},"modified":"2022-06-17T10:45:53","modified_gmt":"2022-06-17T06:45:53","slug":"projet-arts-du-spectacle-concert-de-la-4eme-vanille","status":"publish","type":"post","link":"https:\/\/etab.ac-reunion.fr\/clg-tamarins\/projet-arts-du-spectacle-concert-de-la-4eme-vanille\/","title":{"rendered":"Projet arts du spectacle, concert de la 4\u00e8me Vanille !"},"content":{"rendered":"<p>Le mardi 3 mai, le son est mont\u00e9 toute la journ\u00e9e en salle polyvalente. La 4\u00e8me Vanille a pr\u00e9sent\u00e9 \u00e0 quatre reprises leur projet arts du spectacle.<\/p>\n<p>Le set a d\u00e9but\u00e9 par DJ Clem aux platines et les chansons se sont encha\u00een\u00e9es, Africain \u00e0 Paris,\u00a0Mon amant de la Saint-Jean, Une derni\u00e8re danse, Manhattan-Kaboul, Tradition\u00e8l m\u00e8m, Banm kalou banm et Couleur caf\u00e9 version maloya !<\/p>\n<p>Le 11 mai, ils \u00e9taient sur sc\u00e8ne au Kerveguen pour interpr\u00e9ter trois titres travaill\u00e9s durant l&rsquo;ann\u00e9e.<\/p>\n<p>Un grand merci aux \u00e9l\u00e8ves, aux professeurs et aux parents !<\/p>\n<p>ET ENCORE UN GRAND BRAVO A LA 4\u00e8me VANILLE<div class=\"su-image-carousel  su-image-carousel-has-spacing su-image-carousel-crop su-image-carousel-crop-16-10 su-image-carousel-has-outline su-image-carousel-adaptive su-image-carousel-slides-style-minimal su-image-carousel-controls-style-light su-image-carousel-align-none\" style=\"\" data-flickity-options='{\"groupCells\":true,\"cellSelector\":\".su-image-carousel-item\",\"adaptiveHeight\":false,\"cellAlign\":\"left\",\"prevNextButtons\":true,\"pageDots\":true,\"autoPlay\":5000,\"imagesLoaded\":true,\"contain\":true,\"selectedAttraction\":0.025,\"friction\":0.28}' id=\"su_image_carousel_69f1d5aedfc8d\"><div class=\"su-image-carousel-item\"><div class=\"su-image-carousel-item-content\"><img loading=\"lazy\" decoding=\"async\" width=\"768\" height=\"576\" src=\"https:\/\/etab.ac-reunion.fr\/clg-tamarins\/wp-content\/uploads\/sites\/56\/2022\/05\/20220503_100413-768x576.jpg\" class=\"\" alt=\"\" srcset=\"https:\/\/etab.ac-reunion.fr\/clg-tamarins\/wp-content\/uploads\/sites\/56\/2022\/05\/20220503_100413-768x576.jpg 768w, https:\/\/etab.ac-reunion.fr\/clg-tamarins\/wp-content\/uploads\/sites\/56\/2022\/05\/20220503_100413-300x225.jpg 300w, https:\/\/etab.ac-reunion.fr\/clg-tamarins\/wp-content\/uploads\/sites\/56\/2022\/05\/20220503_100413-1024x768.jpg 1024w, https:\/\/etab.ac-reunion.fr\/clg-tamarins\/wp-content\/uploads\/sites\/56\/2022\/05\/20220503_100413-1536x1152.jpg 1536w, https:\/\/etab.ac-reunion.fr\/clg-tamarins\/wp-content\/uploads\/sites\/56\/2022\/05\/20220503_100413-2048x1536.jpg 2048w, https:\/\/etab.ac-reunion.fr\/clg-tamarins\/wp-content\/uploads\/sites\/56\/2022\/05\/20220503_100413-150x113.jpg 150w\" sizes=\"auto, (max-width: 768px) 100vw, 768px\" \/><\/div><\/div><div class=\"su-image-carousel-item\"><div class=\"su-image-carousel-item-content\"><img loading=\"lazy\" decoding=\"async\" width=\"768\" height=\"1024\" src=\"https:\/\/etab.ac-reunion.fr\/clg-tamarins\/wp-content\/uploads\/sites\/56\/2022\/05\/20220503_101118-768x1024.jpg\" class=\"\" alt=\"\" srcset=\"https:\/\/etab.ac-reunion.fr\/clg-tamarins\/wp-content\/uploads\/sites\/56\/2022\/05\/20220503_101118-768x1024.jpg 768w, https:\/\/etab.ac-reunion.fr\/clg-tamarins\/wp-content\/uploads\/sites\/56\/2022\/05\/20220503_101118-225x300.jpg 225w, https:\/\/etab.ac-reunion.fr\/clg-tamarins\/wp-content\/uploads\/sites\/56\/2022\/05\/20220503_101118-1152x1536.jpg 1152w, https:\/\/etab.ac-reunion.fr\/clg-tamarins\/wp-content\/uploads\/sites\/56\/2022\/05\/20220503_101118-1536x2048.jpg 1536w, https:\/\/etab.ac-reunion.fr\/clg-tamarins\/wp-content\/uploads\/sites\/56\/2022\/05\/20220503_101118-113x150.jpg 113w, https:\/\/etab.ac-reunion.fr\/clg-tamarins\/wp-content\/uploads\/sites\/56\/2022\/05\/20220503_101118-scaled.jpg 1920w\" sizes=\"auto, (max-width: 768px) 100vw, 768px\" \/><\/div><\/div><div class=\"su-image-carousel-item\"><div class=\"su-image-carousel-item-content\"><img loading=\"lazy\" decoding=\"async\" width=\"768\" height=\"1024\" src=\"https:\/\/etab.ac-reunion.fr\/clg-tamarins\/wp-content\/uploads\/sites\/56\/2022\/05\/20220503_100745-768x1024.jpg\" class=\"\" alt=\"\" srcset=\"https:\/\/etab.ac-reunion.fr\/clg-tamarins\/wp-content\/uploads\/sites\/56\/2022\/05\/20220503_100745-768x1024.jpg 768w, https:\/\/etab.ac-reunion.fr\/clg-tamarins\/wp-content\/uploads\/sites\/56\/2022\/05\/20220503_100745-225x300.jpg 225w, https:\/\/etab.ac-reunion.fr\/clg-tamarins\/wp-content\/uploads\/sites\/56\/2022\/05\/20220503_100745-1152x1536.jpg 1152w, https:\/\/etab.ac-reunion.fr\/clg-tamarins\/wp-content\/uploads\/sites\/56\/2022\/05\/20220503_100745-1536x2048.jpg 1536w, https:\/\/etab.ac-reunion.fr\/clg-tamarins\/wp-content\/uploads\/sites\/56\/2022\/05\/20220503_100745-113x150.jpg 113w, https:\/\/etab.ac-reunion.fr\/clg-tamarins\/wp-content\/uploads\/sites\/56\/2022\/05\/20220503_100745-scaled.jpg 1920w\" sizes=\"auto, (max-width: 768px) 100vw, 768px\" \/><\/div><\/div><div class=\"su-image-carousel-item\"><div class=\"su-image-carousel-item-content\"><img loading=\"lazy\" decoding=\"async\" width=\"768\" height=\"576\" src=\"https:\/\/etab.ac-reunion.fr\/clg-tamarins\/wp-content\/uploads\/sites\/56\/2022\/05\/20220503_100136-768x576.jpg\" class=\"\" alt=\"\" srcset=\"https:\/\/etab.ac-reunion.fr\/clg-tamarins\/wp-content\/uploads\/sites\/56\/2022\/05\/20220503_100136-768x576.jpg 768w, https:\/\/etab.ac-reunion.fr\/clg-tamarins\/wp-content\/uploads\/sites\/56\/2022\/05\/20220503_100136-300x225.jpg 300w, https:\/\/etab.ac-reunion.fr\/clg-tamarins\/wp-content\/uploads\/sites\/56\/2022\/05\/20220503_100136-1024x768.jpg 1024w, https:\/\/etab.ac-reunion.fr\/clg-tamarins\/wp-content\/uploads\/sites\/56\/2022\/05\/20220503_100136-1536x1152.jpg 1536w, https:\/\/etab.ac-reunion.fr\/clg-tamarins\/wp-content\/uploads\/sites\/56\/2022\/05\/20220503_100136-2048x1536.jpg 2048w, https:\/\/etab.ac-reunion.fr\/clg-tamarins\/wp-content\/uploads\/sites\/56\/2022\/05\/20220503_100136-150x113.jpg 150w\" sizes=\"auto, (max-width: 768px) 100vw, 768px\" \/><\/div><\/div><\/div><script id=\"su_image_carousel_69f1d5aedfc8d_script\">if(window.SUImageCarousel){setTimeout(function() {window.SUImageCarousel.initGallery(document.getElementById(\"su_image_carousel_69f1d5aedfc8d\"))}, 0);}var su_image_carousel_69f1d5aedfc8d_script=document.getElementById(\"su_image_carousel_69f1d5aedfc8d_script\");if(su_image_carousel_69f1d5aedfc8d_script){su_image_carousel_69f1d5aedfc8d_script.parentNode.removeChild(su_image_carousel_69f1d5aedfc8d_script);}<\/script>\n<p>&nbsp;<\/p>\n<p>&nbsp;<\/p>\n<p>Mme Cadoret et Mme Dami<\/p>\n<p>Professeurs projet arts du spectacle 4\u00e8me<\/p>\n","protected":false},"excerpt":{"rendered":"<p>Le mardi 3 mai, le son est mont\u00e9 toute la journ\u00e9e en salle polyvalente. La 4\u00e8me Vanille a pr\u00e9sent\u00e9 \u00e0 quatre reprises leur projet arts du spectacle. Le set a d\u00e9but\u00e9 par DJ Clem aux platines et les chansons se sont encha\u00een\u00e9es, Africain \u00e0 Paris,\u00a0Mon amant de la Saint-Jean, Une\u2026<\/p>\n<p class=\"continue-reading-button\"> <a class=\"continue-reading-link\" href=\"https:\/\/etab.ac-reunion.fr\/clg-tamarins\/projet-arts-du-spectacle-concert-de-la-4eme-vanille\/\">Continuer \u00e0 lire<i class=\"crycon-right-dir\"><\/i><\/a><\/p>\n","protected":false},"author":30567,"featured_media":8205,"comment_status":"closed","ping_status":"closed","sticky":false,"template":"","format":"quote","meta":{"footnotes":""},"categories":[294,1],"tags":[],"class_list":["post-8201","post","type-post","status-publish","format-quote","has-post-thumbnail","hentry","category-4eme-vanille","category-non-classe","post_format-post-format-quote"],"_links":{"self":[{"href":"https:\/\/etab.ac-reunion.fr\/clg-tamarins\/wp-json\/wp\/v2\/posts\/8201","targetHints":{"allow":["GET"]}}],"collection":[{"href":"https:\/\/etab.ac-reunion.fr\/clg-tamarins\/wp-json\/wp\/v2\/posts"}],"about":[{"href":"https:\/\/etab.ac-reunion.fr\/clg-tamarins\/wp-json\/wp\/v2\/types\/post"}],"author":[{"embeddable":true,"href":"https:\/\/etab.ac-reunion.fr\/clg-tamarins\/wp-json\/wp\/v2\/users\/30567"}],"replies":[{"embeddable":true,"href":"https:\/\/etab.ac-reunion.fr\/clg-tamarins\/wp-json\/wp\/v2\/comments?post=8201"}],"version-history":[{"count":8,"href":"https:\/\/etab.ac-reunion.fr\/clg-tamarins\/wp-json\/wp\/v2\/posts\/8201\/revisions"}],"predecessor-version":[{"id":8305,"href":"https:\/\/etab.ac-reunion.fr\/clg-tamarins\/wp-json\/wp\/v2\/posts\/8201\/revisions\/8305"}],"wp:featuredmedia":[{"embeddable":true,"href":"https:\/\/etab.ac-reunion.fr\/clg-tamarins\/wp-json\/wp\/v2\/media\/8205"}],"wp:attachment":[{"href":"https:\/\/etab.ac-reunion.fr\/clg-tamarins\/wp-json\/wp\/v2\/media?parent=8201"}],"wp:term":[{"taxonomy":"category","embeddable":true,"href":"https:\/\/etab.ac-reunion.fr\/clg-tamarins\/wp-json\/wp\/v2\/categories?post=8201"},{"taxonomy":"post_tag","embeddable":true,"href":"https:\/\/etab.ac-reunion.fr\/clg-tamarins\/wp-json\/wp\/v2\/tags?post=8201"}],"curies":[{"name":"wp","href":"https:\/\/api.w.org\/{rel}","templated":true}]}}