{"id":8312,"date":"2022-06-17T14:29:08","date_gmt":"2022-06-17T10:29:08","guid":{"rendered":"http:\/\/college-les-tamarins.ac-reunion.fr\/?p=8312"},"modified":"2022-06-17T14:29:08","modified_gmt":"2022-06-17T10:29:08","slug":"resultats-competition-unss-benjamin-15-juin-2022","status":"publish","type":"post","link":"https:\/\/etab.ac-reunion.fr\/clg-tamarins\/resultats-competition-unss-benjamin-15-juin-2022\/","title":{"rendered":"R\u00e9sultats Comp\u00e9tition UNSS Benjamin 15 Juin 2022"},"content":{"rendered":"<div dir=\"ltr\">Voici le bilan de la 1ere\u00a0 comp\u00e9tition UNSS de l\u2019ann\u00e9e qui concernait les benjamins (6\u00e8me et 5\u00e8me) et qui s\u2019est d\u00e9roul\u00e9e aujourd\u2019hui mercredi 15\/06 au dojo r\u00e9gional de champ-fleuri.<\/div>\n<div dir=\"ltr\">\u00c9taient pr\u00e9sents pour cette comp\u00e9tition :<\/div>\n<ul>\n<li>les coll\u00e8ges A. LACAUSSADE de Salazie,<\/li>\n<li>le coll\u00e8ge Les Deux Canons de Sainte-Clotilde,<\/li>\n<li>le coll\u00e8ge de Montgaillard de Saint-Denis<\/li>\n<li>et le coll\u00e8ge<strong> Les Tamarins<\/strong> de Saint-Pierre.<\/li>\n<\/ul>\n<div dir=\"ltr\"><\/div>\n<div dir=\"ltr\">Un tr\u00e8s bon comportement dans l&rsquo;ensemble et des r\u00e9sultats satisfaisants.\u00a0 Notre coll\u00e8ge \u00e9tait repr\u00e9sent\u00e9 par 21 combattants dont voici les principaux r\u00e9sultats :<\/div>\n<div dir=\"ltr\">\n<table width=\"616\">\n<tbody>\n<tr>\n<td width=\"183\"><b><u>6 m\u00e9dailles d&rsquo;or:<\/u><\/b><b><\/b><\/td>\n<td width=\"234\"><b><u>5 m\u00e9dailles d&rsquo;argent:<\/u><\/b><\/td>\n<td width=\"199\"><b><u>5 m\u00e9dailles de bronze:<\/u><\/b><\/td>\n<\/tr>\n<tr>\n<td>JARLOT Ma\u00ebl<\/td>\n<td>ABRIEL Shivana<\/td>\n<td>FIRMANG \u00c9toile<\/td>\n<\/tr>\n<tr>\n<td>PETITPREZ Inaya<\/td>\n<td>JALA Noah<\/td>\n<td>BAZALINE Th\u00e9a<\/td>\n<\/tr>\n<tr>\n<td>MOINOUFAMA K\u00e9roan<\/td>\n<td>LAURAGUAY Ana\u00efs<\/td>\n<td>GANGATE Yassine<\/td>\n<\/tr>\n<tr>\n<td>FONTAINE Rapha\u00ebl<\/td>\n<td>AMOD Youmna<\/td>\n<td>JETTER Nicolas<\/td>\n<\/tr>\n<tr>\n<td>GUILLON Basile<\/td>\n<td>LAGARRIGUE Kendra<\/td>\n<td>IROULANDY Nolann<\/td>\n<\/tr>\n<tr>\n<td>DOUANIER Rohan<\/td>\n<td><\/td>\n<td><\/td>\n<\/tr>\n<\/tbody>\n<\/table>\n<\/div>\n<div dir=\"ltr\"><\/div>\n<div dir=\"ltr\"><\/div>\n<div dir=\"ltr\">Bravo \u00e9galement \u00e0 nos 3 jeunes officiels : ABRIEL Kenny, FERRERE Romain et HERRERA Enzo<\/div>\n<div dir=\"ltr\"><\/div>\n<div dir=\"ltr\"><img loading=\"lazy\" decoding=\"async\" class=\"alignnone size-full wp-image-8318\" src=\"https:\/\/etab.ac-reunion.fr\/clg-tamarins\/wp-content\/uploads\/sites\/56\/2022\/06\/competition_unss_15_06_22-scaled.jpg\" alt=\"\" width=\"2560\" height=\"1920\" srcset=\"https:\/\/etab.ac-reunion.fr\/clg-tamarins\/wp-content\/uploads\/sites\/56\/2022\/06\/competition_unss_15_06_22-scaled.jpg 2560w, https:\/\/etab.ac-reunion.fr\/clg-tamarins\/wp-content\/uploads\/sites\/56\/2022\/06\/competition_unss_15_06_22-300x225.jpg 300w, https:\/\/etab.ac-reunion.fr\/clg-tamarins\/wp-content\/uploads\/sites\/56\/2022\/06\/competition_unss_15_06_22-1024x768.jpg 1024w, https:\/\/etab.ac-reunion.fr\/clg-tamarins\/wp-content\/uploads\/sites\/56\/2022\/06\/competition_unss_15_06_22-768x576.jpg 768w, https:\/\/etab.ac-reunion.fr\/clg-tamarins\/wp-content\/uploads\/sites\/56\/2022\/06\/competition_unss_15_06_22-1536x1152.jpg 1536w, https:\/\/etab.ac-reunion.fr\/clg-tamarins\/wp-content\/uploads\/sites\/56\/2022\/06\/competition_unss_15_06_22-2048x1536.jpg 2048w, https:\/\/etab.ac-reunion.fr\/clg-tamarins\/wp-content\/uploads\/sites\/56\/2022\/06\/competition_unss_15_06_22-150x113.jpg 150w\" sizes=\"auto, (max-width: 2560px) 100vw, 2560px\" \/><\/div>\n<div dir=\"ltr\"><\/div>\n","protected":false},"excerpt":{"rendered":"<p>Voici le bilan de la 1ere\u00a0 comp\u00e9tition UNSS de l\u2019ann\u00e9e qui concernait les benjamins (6\u00e8me et 5\u00e8me) et qui s\u2019est d\u00e9roul\u00e9e aujourd\u2019hui mercredi 15\/06 au dojo r\u00e9gional de champ-fleuri. \u00c9taient pr\u00e9sents pour cette comp\u00e9tition : les coll\u00e8ges A. LACAUSSADE de Salazie, le coll\u00e8ge Les Deux Canons de Sainte-Clotilde, le coll\u00e8ge\u2026<\/p>\n<p class=\"continue-reading-button\"> <a class=\"continue-reading-link\" href=\"https:\/\/etab.ac-reunion.fr\/clg-tamarins\/resultats-competition-unss-benjamin-15-juin-2022\/\">Continuer \u00e0 lire<i class=\"crycon-right-dir\"><\/i><\/a><\/p>\n","protected":false},"author":30567,"featured_media":8318,"comment_status":"closed","ping_status":"closed","sticky":false,"template":"","format":"quote","meta":{"footnotes":""},"categories":[1],"tags":[],"class_list":["post-8312","post","type-post","status-publish","format-quote","has-post-thumbnail","hentry","category-non-classe","post_format-post-format-quote"],"_links":{"self":[{"href":"https:\/\/etab.ac-reunion.fr\/clg-tamarins\/wp-json\/wp\/v2\/posts\/8312","targetHints":{"allow":["GET"]}}],"collection":[{"href":"https:\/\/etab.ac-reunion.fr\/clg-tamarins\/wp-json\/wp\/v2\/posts"}],"about":[{"href":"https:\/\/etab.ac-reunion.fr\/clg-tamarins\/wp-json\/wp\/v2\/types\/post"}],"author":[{"embeddable":true,"href":"https:\/\/etab.ac-reunion.fr\/clg-tamarins\/wp-json\/wp\/v2\/users\/30567"}],"replies":[{"embeddable":true,"href":"https:\/\/etab.ac-reunion.fr\/clg-tamarins\/wp-json\/wp\/v2\/comments?post=8312"}],"version-history":[{"count":8,"href":"https:\/\/etab.ac-reunion.fr\/clg-tamarins\/wp-json\/wp\/v2\/posts\/8312\/revisions"}],"predecessor-version":[{"id":8321,"href":"https:\/\/etab.ac-reunion.fr\/clg-tamarins\/wp-json\/wp\/v2\/posts\/8312\/revisions\/8321"}],"wp:featuredmedia":[{"embeddable":true,"href":"https:\/\/etab.ac-reunion.fr\/clg-tamarins\/wp-json\/wp\/v2\/media\/8318"}],"wp:attachment":[{"href":"https:\/\/etab.ac-reunion.fr\/clg-tamarins\/wp-json\/wp\/v2\/media?parent=8312"}],"wp:term":[{"taxonomy":"category","embeddable":true,"href":"https:\/\/etab.ac-reunion.fr\/clg-tamarins\/wp-json\/wp\/v2\/categories?post=8312"},{"taxonomy":"post_tag","embeddable":true,"href":"https:\/\/etab.ac-reunion.fr\/clg-tamarins\/wp-json\/wp\/v2\/tags?post=8312"}],"curies":[{"name":"wp","href":"https:\/\/api.w.org\/{rel}","templated":true}]}}