{"id":8452,"date":"2022-08-09T11:38:02","date_gmt":"2022-08-09T07:38:02","guid":{"rendered":"http:\/\/college-les-tamarins.ac-reunion.fr\/?p=8452"},"modified":"2022-08-09T11:39:17","modified_gmt":"2022-08-09T07:39:17","slug":"rentree-2022-2023","status":"publish","type":"post","link":"https:\/\/etab.ac-reunion.fr\/clg-tamarins\/rentree-2022-2023\/","title":{"rendered":"RENTR\u00c9E 2022-2023"},"content":{"rendered":"<p><span style=\"font-family: arial, helvetica, sans-serif;font-size: 8pt\"><strong><img loading=\"lazy\" decoding=\"async\" class=\"alignnone size-full wp-image-8460\" src=\"https:\/\/etab.ac-reunion.fr\/clg-tamarins\/wp-content\/uploads\/sites\/56\/2022\/08\/entete.jpg\" alt=\"\" width=\"202\" height=\"300\" srcset=\"https:\/\/etab.ac-reunion.fr\/clg-tamarins\/wp-content\/uploads\/sites\/56\/2022\/08\/entete.jpg 202w, https:\/\/etab.ac-reunion.fr\/clg-tamarins\/wp-content\/uploads\/sites\/56\/2022\/08\/entete-101x150.jpg 101w\" sizes=\"auto, (max-width: 202px) 100vw, 202px\" \/><\/strong><\/span><\/p>\n<p style=\"text-align: center\"><strong>RENTR\u00c9E 2022-2023<\/strong><\/p>\n<p>Le coll\u00e8ge <strong>Les Tamarins \/ Saint Pierre<\/strong> informe les parents et les \u00e9l\u00e8ves que la rentr\u00e9e se d\u00e9roulera selon le calendrier suivant\u00a0:<\/p>\n<p><strong><u>Mardi 16 ao\u00fbt\u00a02022<\/u><\/strong><strong>:<\/strong><\/p>\n<ul>\n<li><strong>7h20 \/ 10h45\u00a0\u00a0\u00a0\u00a0 <\/strong>Rentr\u00e9e des \u00e9l\u00e8ves de <strong>6<sup>\u00e8me<\/sup><\/strong>\u00a0: prise en charge des \u00e9l\u00e8ves par les Professeurs Principaux jusqu\u2019\u00e0 10h45 (pr\u00e9voir un grand sac pour les livres).<br \/>\nL\u2019\u00e9quipe de direction \u00e9largie <u>rencontrera les parents de 07h45 \u00e0 10h30<\/u> selon le protocole sanitaire en vigueur\u00a0: <strong>1 seul responsable par enfant.<\/strong><\/li>\n<\/ul>\n<p style=\"text-align: center\"><strong>Les \u00e9l\u00e8ves de 6\u00e8me seront lib\u00e9r\u00e9s \u00e0 10h45, pas de restauration scolaire.<\/strong><\/p>\n<p><strong>\u00a0<\/strong><\/p>\n<ul>\n<li><strong>13h20 \/ 15h20 <\/strong>Rentr\u00e9e des \u00e9l\u00e8ves de <strong>5<sup>\u00e8me<\/sup>, 4<sup>\u00e8me<\/sup> et 3<sup>\u00e8me<\/sup><\/strong>, prise en charge par les Professeurs Principaux (pr\u00e9voir un grand sac pour les livres).<\/li>\n<\/ul>\n<p>.<\/p>\n<p><strong>A partir du <u>Mercredi 17 ao\u00fbt 2022<\/u>\u00a0: Emploi du temps normal pour tous les \u00e9l\u00e8ves et personnels.<\/strong><\/p>\n<p>&nbsp;<\/p>\n<p style=\"text-align: right\">Le Principal<\/p>\n","protected":false},"excerpt":{"rendered":"<p>RENTR\u00c9E 2022-2023 Le coll\u00e8ge Les Tamarins \/ Saint Pierre informe les parents et les \u00e9l\u00e8ves que la rentr\u00e9e se d\u00e9roulera selon le calendrier suivant\u00a0: Mardi 16 ao\u00fbt\u00a02022: 7h20 \/ 10h45\u00a0\u00a0\u00a0\u00a0 Rentr\u00e9e des \u00e9l\u00e8ves de 6\u00e8me\u00a0: prise en charge des \u00e9l\u00e8ves par les Professeurs Principaux jusqu\u2019\u00e0 10h45 (pr\u00e9voir un grand sac\u2026<\/p>\n<p class=\"continue-reading-button\"> <a class=\"continue-reading-link\" href=\"https:\/\/etab.ac-reunion.fr\/clg-tamarins\/rentree-2022-2023\/\">Continuer \u00e0 lire<i class=\"crycon-right-dir\"><\/i><\/a><\/p>\n","protected":false},"author":30567,"featured_media":8462,"comment_status":"closed","ping_status":"closed","sticky":false,"template":"","format":"quote","meta":{"footnotes":""},"categories":[1],"tags":[],"class_list":["post-8452","post","type-post","status-publish","format-quote","has-post-thumbnail","hentry","category-non-classe","post_format-post-format-quote"],"_links":{"self":[{"href":"https:\/\/etab.ac-reunion.fr\/clg-tamarins\/wp-json\/wp\/v2\/posts\/8452","targetHints":{"allow":["GET"]}}],"collection":[{"href":"https:\/\/etab.ac-reunion.fr\/clg-tamarins\/wp-json\/wp\/v2\/posts"}],"about":[{"href":"https:\/\/etab.ac-reunion.fr\/clg-tamarins\/wp-json\/wp\/v2\/types\/post"}],"author":[{"embeddable":true,"href":"https:\/\/etab.ac-reunion.fr\/clg-tamarins\/wp-json\/wp\/v2\/users\/30567"}],"replies":[{"embeddable":true,"href":"https:\/\/etab.ac-reunion.fr\/clg-tamarins\/wp-json\/wp\/v2\/comments?post=8452"}],"version-history":[{"count":6,"href":"https:\/\/etab.ac-reunion.fr\/clg-tamarins\/wp-json\/wp\/v2\/posts\/8452\/revisions"}],"predecessor-version":[{"id":8461,"href":"https:\/\/etab.ac-reunion.fr\/clg-tamarins\/wp-json\/wp\/v2\/posts\/8452\/revisions\/8461"}],"wp:featuredmedia":[{"embeddable":true,"href":"https:\/\/etab.ac-reunion.fr\/clg-tamarins\/wp-json\/wp\/v2\/media\/8462"}],"wp:attachment":[{"href":"https:\/\/etab.ac-reunion.fr\/clg-tamarins\/wp-json\/wp\/v2\/media?parent=8452"}],"wp:term":[{"taxonomy":"category","embeddable":true,"href":"https:\/\/etab.ac-reunion.fr\/clg-tamarins\/wp-json\/wp\/v2\/categories?post=8452"},{"taxonomy":"post_tag","embeddable":true,"href":"https:\/\/etab.ac-reunion.fr\/clg-tamarins\/wp-json\/wp\/v2\/tags?post=8452"}],"curies":[{"name":"wp","href":"https:\/\/api.w.org\/{rel}","templated":true}]}}