{"id":8611,"date":"2023-04-19T10:11:44","date_gmt":"2023-04-19T06:11:44","guid":{"rendered":"https:\/\/etab.ac-reunion.fr\/clg-tamarins\/?p=8611"},"modified":"2023-04-19T10:11:44","modified_gmt":"2023-04-19T06:11:44","slug":"bilan-du-championnat-de-france-unss-de-judo-2023","status":"publish","type":"post","link":"https:\/\/etab.ac-reunion.fr\/clg-tamarins\/bilan-du-championnat-de-france-unss-de-judo-2023\/","title":{"rendered":"Bilan du Championnat de France UNSS de Judo 2023"},"content":{"rendered":"<div>Les \u00e9l\u00e8ves de la Section d&rsquo;Excellence Sportive Judo du Coll\u00e8ge Les Tamarins, se sont class\u00e9s 15\u00e8me sur 38 \u00e9quipes engag\u00e9es au championnat de France UNSS de Judo qui ont eu lieu le mercredi 05 avril 2023 \u00e0 Le Pouzin, en Ard\u00e8che. Individuellement, les r\u00e9sultats sont tr\u00e8s satisfaisants avec pour certains dans des cat\u00e9gories o\u00f9 le niveau \u00e9tait tr\u00e8s relev\u00e9. Voici le d\u00e9tail :<\/div>\n<ul>\n<li><b>En kata :<\/b> Kenny ABRIEL et Jonah LOUIS se classent 3\u00e8me de la comp\u00e9tition sur 25 couples engag\u00e9s. Un r\u00e9sultat magnifique !<\/li>\n<li><b>En +63kg : <\/b>Ana\u00efs LAURAGUAY se classe 3\u00e8me sur 9 combattantes et s&rsquo;incline aux p\u00e9nalit\u00e9s en 1\/2 finale contre une salazienne, class\u00e9e 3\u00e8me de la Coupe de France F\u00e9d\u00e9rale 15 jours avant. R\u00e9sultat l\u00e0 aussi tr\u00e8s remarquable alors Ana\u00efs \u00e9tait pass\u00e9e \u00e0 c\u00f4t\u00e9 de la Coupe de France F\u00e9d\u00e9rale.<\/li>\n<li><b>En -34kg : <\/b>Basile GUILLON se classe 4\u00e8me sur 9 combattants, alors qu&rsquo;il dominait le combat pour la place de 3\u00e8me, il s&rsquo;incline malheureusement dans les 5 derni\u00e8res secondes du combat. Une d\u00e9faite rageante mais Basile n&rsquo;a pas d\u00e9m\u00e9rit\u00e9 car il est n&rsquo;est que minime 1\u00e8re ann\u00e9e, il pourra viser mieux l&rsquo;an prochain.<\/li>\n<li><b>En 52kg :<\/b> Luna VARUCA se classe 4\u00e8me de sa poule comprenant 5 combattantes et ne se qualifie pas pour le tableau final. Elle doit encore gagner en confiance en elle.<\/li>\n<li><b>En -55kg :<\/b> malgr\u00e9 un beau judo, K\u00e9roan MOINOUFAMA termine 4\u00e8me de sa poule de 5 combattants et ne se qualifie pas lui non plus pour le tableau final. Des difficult\u00e9s \u00e0 rester lucide pendant le combat, pour appliquer les consignes.<\/li>\n<\/ul>\n<div>C&rsquo;est un r\u00e9sultat tr\u00e8s satisfaisant et encourageant, qui montre que m\u00eame si nous ne finissons \u00ab\u00a0que\u00a0\u00bb 3\u00e8me au niveau r\u00e9gional, notre section d&rsquo;excellence sportive \u00e0 largement sa place au niveau national ! Le travail effectu\u00e9 depuis plusieurs ann\u00e9es porte bel et bien ses fruits, et les \u00e9l\u00e8ves et les parents s&rsquo;en rendent compte. Cela va \u00eatre une plus value suppl\u00e9mentaire pour notre coll\u00e8ge.<\/div>\n<div>\n<div style=\"text-align: right\"><b>Natacha BENARD,<\/b><\/div>\n<div style=\"text-align: right\"><strong>J.Marc.HARDY,<\/strong><br \/>\nProfesseurs d&rsquo;EPS<\/div>\n<\/div>\n<div><img loading=\"lazy\" decoding=\"async\" class=\"size-full wp-image-8612 aligncenter\" src=\"https:\/\/etab.ac-reunion.fr\/clg-tamarins\/wp-content\/uploads\/sites\/56\/2023\/04\/Championnat-de-France-UNSS-Judo-2023-scaled.jpg\" alt=\"\" width=\"2560\" height=\"1920\" srcset=\"https:\/\/etab.ac-reunion.fr\/clg-tamarins\/wp-content\/uploads\/sites\/56\/2023\/04\/Championnat-de-France-UNSS-Judo-2023-scaled.jpg 2560w, https:\/\/etab.ac-reunion.fr\/clg-tamarins\/wp-content\/uploads\/sites\/56\/2023\/04\/Championnat-de-France-UNSS-Judo-2023-300x225.jpg 300w, https:\/\/etab.ac-reunion.fr\/clg-tamarins\/wp-content\/uploads\/sites\/56\/2023\/04\/Championnat-de-France-UNSS-Judo-2023-1024x768.jpg 1024w, https:\/\/etab.ac-reunion.fr\/clg-tamarins\/wp-content\/uploads\/sites\/56\/2023\/04\/Championnat-de-France-UNSS-Judo-2023-768x576.jpg 768w, https:\/\/etab.ac-reunion.fr\/clg-tamarins\/wp-content\/uploads\/sites\/56\/2023\/04\/Championnat-de-France-UNSS-Judo-2023-1536x1152.jpg 1536w, https:\/\/etab.ac-reunion.fr\/clg-tamarins\/wp-content\/uploads\/sites\/56\/2023\/04\/Championnat-de-France-UNSS-Judo-2023-2048x1536.jpg 2048w, https:\/\/etab.ac-reunion.fr\/clg-tamarins\/wp-content\/uploads\/sites\/56\/2023\/04\/Championnat-de-France-UNSS-Judo-2023-150x113.jpg 150w\" sizes=\"auto, (max-width: 2560px) 100vw, 2560px\" \/><\/div>\n","protected":false},"excerpt":{"rendered":"<p>Les \u00e9l\u00e8ves de la Section d&rsquo;Excellence Sportive Judo du Coll\u00e8ge Les Tamarins, se sont class\u00e9s 15\u00e8me sur 38 \u00e9quipes engag\u00e9es au championnat de France UNSS de Judo qui ont eu lieu le mercredi 05 avril 2023 \u00e0 Le Pouzin, en Ard\u00e8che. Individuellement, les r\u00e9sultats sont tr\u00e8s satisfaisants avec pour certains\u2026<\/p>\n<p class=\"continue-reading-button\"> <a class=\"continue-reading-link\" href=\"https:\/\/etab.ac-reunion.fr\/clg-tamarins\/bilan-du-championnat-de-france-unss-de-judo-2023\/\">Continuer \u00e0 lire<i class=\"crycon-right-dir\"><\/i><\/a><\/p>\n","protected":false},"author":30567,"featured_media":8612,"comment_status":"closed","ping_status":"closed","sticky":false,"template":"","format":"quote","meta":{"footnotes":""},"categories":[1],"tags":[],"class_list":["post-8611","post","type-post","status-publish","format-quote","has-post-thumbnail","hentry","category-non-classe","post_format-post-format-quote"],"_links":{"self":[{"href":"https:\/\/etab.ac-reunion.fr\/clg-tamarins\/wp-json\/wp\/v2\/posts\/8611","targetHints":{"allow":["GET"]}}],"collection":[{"href":"https:\/\/etab.ac-reunion.fr\/clg-tamarins\/wp-json\/wp\/v2\/posts"}],"about":[{"href":"https:\/\/etab.ac-reunion.fr\/clg-tamarins\/wp-json\/wp\/v2\/types\/post"}],"author":[{"embeddable":true,"href":"https:\/\/etab.ac-reunion.fr\/clg-tamarins\/wp-json\/wp\/v2\/users\/30567"}],"replies":[{"embeddable":true,"href":"https:\/\/etab.ac-reunion.fr\/clg-tamarins\/wp-json\/wp\/v2\/comments?post=8611"}],"version-history":[{"count":6,"href":"https:\/\/etab.ac-reunion.fr\/clg-tamarins\/wp-json\/wp\/v2\/posts\/8611\/revisions"}],"predecessor-version":[{"id":8620,"href":"https:\/\/etab.ac-reunion.fr\/clg-tamarins\/wp-json\/wp\/v2\/posts\/8611\/revisions\/8620"}],"wp:featuredmedia":[{"embeddable":true,"href":"https:\/\/etab.ac-reunion.fr\/clg-tamarins\/wp-json\/wp\/v2\/media\/8612"}],"wp:attachment":[{"href":"https:\/\/etab.ac-reunion.fr\/clg-tamarins\/wp-json\/wp\/v2\/media?parent=8611"}],"wp:term":[{"taxonomy":"category","embeddable":true,"href":"https:\/\/etab.ac-reunion.fr\/clg-tamarins\/wp-json\/wp\/v2\/categories?post=8611"},{"taxonomy":"post_tag","embeddable":true,"href":"https:\/\/etab.ac-reunion.fr\/clg-tamarins\/wp-json\/wp\/v2\/tags?post=8611"}],"curies":[{"name":"wp","href":"https:\/\/api.w.org\/{rel}","templated":true}]}}