{"id":8789,"date":"2023-10-13T17:00:05","date_gmt":"2023-10-13T13:00:05","guid":{"rendered":"https:\/\/etab.ac-reunion.fr\/clg-tamarins\/?p=8789"},"modified":"2023-10-30T13:29:28","modified_gmt":"2023-10-30T09:29:28","slug":"resultats-concours-departement-jop-2024","status":"publish","type":"post","link":"https:\/\/etab.ac-reunion.fr\/clg-tamarins\/resultats-concours-departement-jop-2024\/","title":{"rendered":"R\u00e9sultats concours d\u00e9partement JOP 2024"},"content":{"rendered":"<div dir=\"ltr\">F\u00e9licitations aux \u00e9l\u00e8ves de la section d\u2019excellence sportive judo du coll\u00e8ge Les Tamarins, qui se classent 4\u00e8me du concours organis\u00e9 par le d\u00e9partement \u201cdes r\u00e9unionnais aux jeux olympiques et paralympiques de Paris 2024\u201d avec une excellente note de 15,62\/20 (le laur\u00e9at a une moyenne de 16,20\/20, et deux coll\u00e8ges sont ex \u00e6quo \u00e0 la 2eme place avec une moyenne de 15,65\/20).<\/div>\n<div dir=\"ltr\"><\/div>\n<div dir=\"ltr\">Les \u00e9l\u00e8ves se classent 1er \u00e0 l\u2019\u0153uvre d\u2019art r\u00e9alis\u00e9e avec M. LAFAILLE Erick (Ceka) et 2eme \u00e0 l\u2019\u00e9loquence avec le discours de Inaya PETITPREZ pr\u00e9par\u00e9e par Mme CADORET !<\/div>\n<div dir=\"ltr\"><\/div>\n<div dir=\"ltr\">Un GRAND merci \u00e0 tous les coll\u00e8gues qui se sont investis pleinement dans la pr\u00e9paration de ce concours\u2026et un MAGNIFIQUE BRAVO aux \u00e9l\u00e8ves pour leur engouement, leur pers\u00e9v\u00e9rance et leur engagement dans ce projet ! Nous n\u2019avons pas gagn\u00e9 mais nous n\u2019avons pas d\u00e9m\u00e9rit\u00e9, et les \u00e9l\u00e8ves ont brillamment repr\u00e9sent\u00e9 le coll\u00e8ge\u2026notre cadeau : nous irons \u00e0 Paris en 2024 !!!<\/div>\n<div dir=\"ltr\"><\/div>\n<div dir=\"ltr\"><img loading=\"lazy\" decoding=\"async\" class=\"size-full wp-image-8790 aligncenter\" src=\"https:\/\/etab.ac-reunion.fr\/clg-tamarins\/wp-content\/uploads\/sites\/56\/2023\/10\/FFFA4C53-5A99-4B26-B1F6-A35BBDEC5A14-scaled.jpg\" alt=\"\" width=\"2560\" height=\"1920\" srcset=\"https:\/\/etab.ac-reunion.fr\/clg-tamarins\/wp-content\/uploads\/sites\/56\/2023\/10\/FFFA4C53-5A99-4B26-B1F6-A35BBDEC5A14-scaled.jpg 2560w, https:\/\/etab.ac-reunion.fr\/clg-tamarins\/wp-content\/uploads\/sites\/56\/2023\/10\/FFFA4C53-5A99-4B26-B1F6-A35BBDEC5A14-300x225.jpg 300w, https:\/\/etab.ac-reunion.fr\/clg-tamarins\/wp-content\/uploads\/sites\/56\/2023\/10\/FFFA4C53-5A99-4B26-B1F6-A35BBDEC5A14-1024x768.jpg 1024w, https:\/\/etab.ac-reunion.fr\/clg-tamarins\/wp-content\/uploads\/sites\/56\/2023\/10\/FFFA4C53-5A99-4B26-B1F6-A35BBDEC5A14-768x576.jpg 768w, https:\/\/etab.ac-reunion.fr\/clg-tamarins\/wp-content\/uploads\/sites\/56\/2023\/10\/FFFA4C53-5A99-4B26-B1F6-A35BBDEC5A14-1536x1152.jpg 1536w, https:\/\/etab.ac-reunion.fr\/clg-tamarins\/wp-content\/uploads\/sites\/56\/2023\/10\/FFFA4C53-5A99-4B26-B1F6-A35BBDEC5A14-2048x1536.jpg 2048w, https:\/\/etab.ac-reunion.fr\/clg-tamarins\/wp-content\/uploads\/sites\/56\/2023\/10\/FFFA4C53-5A99-4B26-B1F6-A35BBDEC5A14-150x113.jpg 150w\" sizes=\"auto, (max-width: 2560px) 100vw, 2560px\" \/><\/div>\n<div dir=\"ltr\">Voici le d\u00e9tail des notes :<\/div>\n<div dir=\"ltr\"><img loading=\"lazy\" decoding=\"async\" class=\"size-full wp-image-8791 aligncenter\" src=\"https:\/\/etab.ac-reunion.fr\/clg-tamarins\/wp-content\/uploads\/sites\/56\/2023\/10\/image0.jpeg\" alt=\"\" width=\"730\" height=\"175\" srcset=\"https:\/\/etab.ac-reunion.fr\/clg-tamarins\/wp-content\/uploads\/sites\/56\/2023\/10\/image0.jpeg 730w, https:\/\/etab.ac-reunion.fr\/clg-tamarins\/wp-content\/uploads\/sites\/56\/2023\/10\/image0-300x72.jpeg 300w, https:\/\/etab.ac-reunion.fr\/clg-tamarins\/wp-content\/uploads\/sites\/56\/2023\/10\/image0-150x36.jpeg 150w\" sizes=\"auto, (max-width: 730px) 100vw, 730px\" \/><\/div>\n<div dir=\"ltr\"><\/div>\n","protected":false},"excerpt":{"rendered":"<p>F\u00e9licitations aux \u00e9l\u00e8ves de la section d\u2019excellence sportive judo du coll\u00e8ge Les Tamarins, qui se classent 4\u00e8me du concours organis\u00e9 par le d\u00e9partement \u201cdes r\u00e9unionnais aux jeux olympiques et paralympiques de Paris 2024\u201d avec une excellente note de 15,62\/20 (le laur\u00e9at a une moyenne de 16,20\/20, et deux coll\u00e8ges sont\u2026<\/p>\n<p class=\"continue-reading-button\"> <a class=\"continue-reading-link\" href=\"https:\/\/etab.ac-reunion.fr\/clg-tamarins\/resultats-concours-departement-jop-2024\/\">Continuer \u00e0 lire<i class=\"crycon-right-dir\"><\/i><\/a><\/p>\n","protected":false},"author":30567,"featured_media":8790,"comment_status":"closed","ping_status":"closed","sticky":false,"template":"","format":"quote","meta":{"footnotes":""},"categories":[1],"tags":[],"class_list":["post-8789","post","type-post","status-publish","format-quote","has-post-thumbnail","hentry","category-non-classe","post_format-post-format-quote"],"_links":{"self":[{"href":"https:\/\/etab.ac-reunion.fr\/clg-tamarins\/wp-json\/wp\/v2\/posts\/8789","targetHints":{"allow":["GET"]}}],"collection":[{"href":"https:\/\/etab.ac-reunion.fr\/clg-tamarins\/wp-json\/wp\/v2\/posts"}],"about":[{"href":"https:\/\/etab.ac-reunion.fr\/clg-tamarins\/wp-json\/wp\/v2\/types\/post"}],"author":[{"embeddable":true,"href":"https:\/\/etab.ac-reunion.fr\/clg-tamarins\/wp-json\/wp\/v2\/users\/30567"}],"replies":[{"embeddable":true,"href":"https:\/\/etab.ac-reunion.fr\/clg-tamarins\/wp-json\/wp\/v2\/comments?post=8789"}],"version-history":[{"count":4,"href":"https:\/\/etab.ac-reunion.fr\/clg-tamarins\/wp-json\/wp\/v2\/posts\/8789\/revisions"}],"predecessor-version":[{"id":8796,"href":"https:\/\/etab.ac-reunion.fr\/clg-tamarins\/wp-json\/wp\/v2\/posts\/8789\/revisions\/8796"}],"wp:featuredmedia":[{"embeddable":true,"href":"https:\/\/etab.ac-reunion.fr\/clg-tamarins\/wp-json\/wp\/v2\/media\/8790"}],"wp:attachment":[{"href":"https:\/\/etab.ac-reunion.fr\/clg-tamarins\/wp-json\/wp\/v2\/media?parent=8789"}],"wp:term":[{"taxonomy":"category","embeddable":true,"href":"https:\/\/etab.ac-reunion.fr\/clg-tamarins\/wp-json\/wp\/v2\/categories?post=8789"},{"taxonomy":"post_tag","embeddable":true,"href":"https:\/\/etab.ac-reunion.fr\/clg-tamarins\/wp-json\/wp\/v2\/tags?post=8789"}],"curies":[{"name":"wp","href":"https:\/\/api.w.org\/{rel}","templated":true}]}}