{"id":8799,"date":"2023-11-06T15:42:35","date_gmt":"2023-11-06T11:42:35","guid":{"rendered":"https:\/\/etab.ac-reunion.fr\/clg-tamarins\/?p=8799"},"modified":"2023-11-06T15:42:35","modified_gmt":"2023-11-06T11:42:35","slug":"mobilite-erasmus-stage-de-formation-en-grece-consortium-academique","status":"publish","type":"post","link":"https:\/\/etab.ac-reunion.fr\/clg-tamarins\/mobilite-erasmus-stage-de-formation-en-grece-consortium-academique\/","title":{"rendered":"Mobilit\u00e9 Erasmus + : Stage de formation en Gr\u00e8ce (Consortium acad\u00e9mique)"},"content":{"rendered":"<p><img loading=\"lazy\" decoding=\"async\" class=\"alignnone size-full wp-image-8800\" src=\"https:\/\/etab.ac-reunion.fr\/clg-tamarins\/wp-content\/uploads\/sites\/56\/2023\/11\/doc08700820231106154439_001-scaled.jpg\" alt=\"\" width=\"1810\" height=\"2560\" srcset=\"https:\/\/etab.ac-reunion.fr\/clg-tamarins\/wp-content\/uploads\/sites\/56\/2023\/11\/doc08700820231106154439_001-scaled.jpg 1810w, https:\/\/etab.ac-reunion.fr\/clg-tamarins\/wp-content\/uploads\/sites\/56\/2023\/11\/doc08700820231106154439_001-212x300.jpg 212w, https:\/\/etab.ac-reunion.fr\/clg-tamarins\/wp-content\/uploads\/sites\/56\/2023\/11\/doc08700820231106154439_001-724x1024.jpg 724w, https:\/\/etab.ac-reunion.fr\/clg-tamarins\/wp-content\/uploads\/sites\/56\/2023\/11\/doc08700820231106154439_001-768x1086.jpg 768w, https:\/\/etab.ac-reunion.fr\/clg-tamarins\/wp-content\/uploads\/sites\/56\/2023\/11\/doc08700820231106154439_001-1086x1536.jpg 1086w, https:\/\/etab.ac-reunion.fr\/clg-tamarins\/wp-content\/uploads\/sites\/56\/2023\/11\/doc08700820231106154439_001-1448x2048.jpg 1448w, https:\/\/etab.ac-reunion.fr\/clg-tamarins\/wp-content\/uploads\/sites\/56\/2023\/11\/doc08700820231106154439_001-106x150.jpg 106w\" sizes=\"auto, (max-width: 1810px) 100vw, 1810px\" \/><\/p>\n","protected":false},"excerpt":{"rendered":"<p class=\"continue-reading-button\"> <a class=\"continue-reading-link\" href=\"https:\/\/etab.ac-reunion.fr\/clg-tamarins\/mobilite-erasmus-stage-de-formation-en-grece-consortium-academique\/\">Continuer \u00e0 lire<i class=\"crycon-right-dir\"><\/i><\/a><\/p>\n","protected":false},"author":30567,"featured_media":8800,"comment_status":"closed","ping_status":"closed","sticky":false,"template":"","format":"quote","meta":{"footnotes":""},"categories":[296,1],"tags":[],"class_list":["post-8799","post","type-post","status-publish","format-quote","has-post-thumbnail","hentry","category-erasmus","category-non-classe","post_format-post-format-quote"],"_links":{"self":[{"href":"https:\/\/etab.ac-reunion.fr\/clg-tamarins\/wp-json\/wp\/v2\/posts\/8799","targetHints":{"allow":["GET"]}}],"collection":[{"href":"https:\/\/etab.ac-reunion.fr\/clg-tamarins\/wp-json\/wp\/v2\/posts"}],"about":[{"href":"https:\/\/etab.ac-reunion.fr\/clg-tamarins\/wp-json\/wp\/v2\/types\/post"}],"author":[{"embeddable":true,"href":"https:\/\/etab.ac-reunion.fr\/clg-tamarins\/wp-json\/wp\/v2\/users\/30567"}],"replies":[{"embeddable":true,"href":"https:\/\/etab.ac-reunion.fr\/clg-tamarins\/wp-json\/wp\/v2\/comments?post=8799"}],"version-history":[{"count":2,"href":"https:\/\/etab.ac-reunion.fr\/clg-tamarins\/wp-json\/wp\/v2\/posts\/8799\/revisions"}],"predecessor-version":[{"id":8802,"href":"https:\/\/etab.ac-reunion.fr\/clg-tamarins\/wp-json\/wp\/v2\/posts\/8799\/revisions\/8802"}],"wp:featuredmedia":[{"embeddable":true,"href":"https:\/\/etab.ac-reunion.fr\/clg-tamarins\/wp-json\/wp\/v2\/media\/8800"}],"wp:attachment":[{"href":"https:\/\/etab.ac-reunion.fr\/clg-tamarins\/wp-json\/wp\/v2\/media?parent=8799"}],"wp:term":[{"taxonomy":"category","embeddable":true,"href":"https:\/\/etab.ac-reunion.fr\/clg-tamarins\/wp-json\/wp\/v2\/categories?post=8799"},{"taxonomy":"post_tag","embeddable":true,"href":"https:\/\/etab.ac-reunion.fr\/clg-tamarins\/wp-json\/wp\/v2\/tags?post=8799"}],"curies":[{"name":"wp","href":"https:\/\/api.w.org\/{rel}","templated":true}]}}