{"id":8807,"date":"2023-11-20T07:40:55","date_gmt":"2023-11-20T03:40:55","guid":{"rendered":"https:\/\/etab.ac-reunion.fr\/clg-tamarins\/?p=8807"},"modified":"2023-11-20T07:40:55","modified_gmt":"2023-11-20T03:40:55","slug":"commemoration-du-105e-anniversaire-de-larmistice-de-la-premiere-guerre-mondiale-et-les-100-ans-de-la-flamme-classe-defense","status":"publish","type":"post","link":"https:\/\/etab.ac-reunion.fr\/clg-tamarins\/commemoration-du-105e-anniversaire-de-larmistice-de-la-premiere-guerre-mondiale-et-les-100-ans-de-la-flamme-classe-defense\/","title":{"rendered":"Comm\u00e9moration du 105e anniversaire de l&rsquo;armistice de la Premi\u00e8re Guerre mondiale et les 100 ans de la Flamme &#8211; Classe D\u00e9fense"},"content":{"rendered":"<div dir=\"auto\">Ce 11 novembre 2023, nous comm\u00e9morons le 105e anniversaire de l&rsquo;armistice de la Premi\u00e8re Guerre mondiale et les 100 ans de la Flamme \ud83d\udd25c\u00e9r\u00e9monie organis\u00e9e par notre unit\u00e9 marraine, le 2e RPIMa \u00e0 Saint-Pierre. La classe de d\u00e9fense du coll\u00e8ge les Tamarins \u00e9tait pr\u00e9sente, place des Victoires aux c\u00f4t\u00e9s des lyc\u00e9ens d\u2019Ambroise Vollard. \ud83d\ude4f<\/div>\n<div dir=\"auto\">Merci aux \u00e9l\u00e8ves pour leur engagement\ud83c\uddeb\ud83c\uddf7 et au soutien des parents pr\u00e9sents et \u00e0 notre photographe Mme Serveaux.<\/div>\n<div dir=\"auto\"><\/div>\n<div dir=\"auto\"><div class=\"su-image-carousel  su-image-carousel-has-spacing su-image-carousel-crop su-image-carousel-crop-16-10 su-image-carousel-has-outline su-image-carousel-adaptive su-image-carousel-slides-style-minimal su-image-carousel-controls-style-light su-image-carousel-align-center\" style=\"\" data-flickity-options='{\"groupCells\":true,\"cellSelector\":\".su-image-carousel-item\",\"adaptiveHeight\":false,\"cellAlign\":\"left\",\"prevNextButtons\":true,\"pageDots\":true,\"autoPlay\":5000,\"imagesLoaded\":true,\"contain\":true,\"selectedAttraction\":0.025,\"friction\":0.28}' id=\"su_image_carousel_69f1d5c7d5637\"><div class=\"su-image-carousel-item\"><div class=\"su-image-carousel-item-content\"><a href=\"https:\/\/etab.ac-reunion.fr\/clg-tamarins\/wp-content\/uploads\/sites\/56\/2023\/11\/image_6487327gr.jpg\" target=\"_blank\" rel=\"noopener noreferrer\" data-caption=\"\"><img loading=\"lazy\" decoding=\"async\" width=\"768\" height=\"616\" src=\"https:\/\/etab.ac-reunion.fr\/clg-tamarins\/wp-content\/uploads\/sites\/56\/2023\/11\/image_6487327gr-768x616.jpg\" class=\"\" alt=\"\" srcset=\"https:\/\/etab.ac-reunion.fr\/clg-tamarins\/wp-content\/uploads\/sites\/56\/2023\/11\/image_6487327gr-768x616.jpg 768w, https:\/\/etab.ac-reunion.fr\/clg-tamarins\/wp-content\/uploads\/sites\/56\/2023\/11\/image_6487327gr-300x241.jpg 300w, https:\/\/etab.ac-reunion.fr\/clg-tamarins\/wp-content\/uploads\/sites\/56\/2023\/11\/image_6487327gr-1024x821.jpg 1024w, https:\/\/etab.ac-reunion.fr\/clg-tamarins\/wp-content\/uploads\/sites\/56\/2023\/11\/image_6487327gr-150x120.jpg 150w, https:\/\/etab.ac-reunion.fr\/clg-tamarins\/wp-content\/uploads\/sites\/56\/2023\/11\/image_6487327gr.jpg 1495w\" sizes=\"auto, (max-width: 768px) 100vw, 768px\" \/><\/a><\/div><\/div><div class=\"su-image-carousel-item\"><div class=\"su-image-carousel-item-content\"><a href=\"https:\/\/etab.ac-reunion.fr\/clg-tamarins\/wp-content\/uploads\/sites\/56\/2023\/11\/image_6487327a.jpg\" target=\"_blank\" rel=\"noopener noreferrer\" data-caption=\"\"><img loading=\"lazy\" decoding=\"async\" width=\"768\" height=\"603\" src=\"https:\/\/etab.ac-reunion.fr\/clg-tamarins\/wp-content\/uploads\/sites\/56\/2023\/11\/image_6487327a-768x603.jpg\" class=\"\" alt=\"\" srcset=\"https:\/\/etab.ac-reunion.fr\/clg-tamarins\/wp-content\/uploads\/sites\/56\/2023\/11\/image_6487327a-768x603.jpg 768w, https:\/\/etab.ac-reunion.fr\/clg-tamarins\/wp-content\/uploads\/sites\/56\/2023\/11\/image_6487327a-300x236.jpg 300w, https:\/\/etab.ac-reunion.fr\/clg-tamarins\/wp-content\/uploads\/sites\/56\/2023\/11\/image_6487327a-1024x804.jpg 1024w, https:\/\/etab.ac-reunion.fr\/clg-tamarins\/wp-content\/uploads\/sites\/56\/2023\/11\/image_6487327a-150x118.jpg 150w, https:\/\/etab.ac-reunion.fr\/clg-tamarins\/wp-content\/uploads\/sites\/56\/2023\/11\/image_6487327a.jpg 1527w\" sizes=\"auto, (max-width: 768px) 100vw, 768px\" \/><\/a><\/div><\/div><div class=\"su-image-carousel-item\"><div class=\"su-image-carousel-item-content\"><a href=\"https:\/\/etab.ac-reunion.fr\/clg-tamarins\/wp-content\/uploads\/sites\/56\/2023\/11\/image_6483441z.jpg\" target=\"_blank\" rel=\"noopener noreferrer\" data-caption=\"\"><img loading=\"lazy\" decoding=\"async\" width=\"768\" height=\"1024\" src=\"https:\/\/etab.ac-reunion.fr\/clg-tamarins\/wp-content\/uploads\/sites\/56\/2023\/11\/image_6483441z-768x1024.jpg\" class=\"\" alt=\"\" srcset=\"https:\/\/etab.ac-reunion.fr\/clg-tamarins\/wp-content\/uploads\/sites\/56\/2023\/11\/image_6483441z-768x1024.jpg 768w, https:\/\/etab.ac-reunion.fr\/clg-tamarins\/wp-content\/uploads\/sites\/56\/2023\/11\/image_6483441z-225x300.jpg 225w, https:\/\/etab.ac-reunion.fr\/clg-tamarins\/wp-content\/uploads\/sites\/56\/2023\/11\/image_6483441z-1152x1536.jpg 1152w, https:\/\/etab.ac-reunion.fr\/clg-tamarins\/wp-content\/uploads\/sites\/56\/2023\/11\/image_6483441z-113x150.jpg 113w, https:\/\/etab.ac-reunion.fr\/clg-tamarins\/wp-content\/uploads\/sites\/56\/2023\/11\/image_6483441z.jpg 1200w\" sizes=\"auto, (max-width: 768px) 100vw, 768px\" \/><\/a><\/div><\/div><div class=\"su-image-carousel-item\"><div class=\"su-image-carousel-item-content\"><a href=\"https:\/\/etab.ac-reunion.fr\/clg-tamarins\/wp-content\/uploads\/sites\/56\/2023\/11\/image_6483441f.jpg\" target=\"_blank\" rel=\"noopener noreferrer\" data-caption=\"\"><img loading=\"lazy\" decoding=\"async\" width=\"768\" height=\"513\" src=\"https:\/\/etab.ac-reunion.fr\/clg-tamarins\/wp-content\/uploads\/sites\/56\/2023\/11\/image_6483441f-768x513.jpg\" class=\"\" alt=\"\" srcset=\"https:\/\/etab.ac-reunion.fr\/clg-tamarins\/wp-content\/uploads\/sites\/56\/2023\/11\/image_6483441f-768x513.jpg 768w, https:\/\/etab.ac-reunion.fr\/clg-tamarins\/wp-content\/uploads\/sites\/56\/2023\/11\/image_6483441f-300x200.jpg 300w, https:\/\/etab.ac-reunion.fr\/clg-tamarins\/wp-content\/uploads\/sites\/56\/2023\/11\/image_6483441f-1024x683.jpg 1024w, https:\/\/etab.ac-reunion.fr\/clg-tamarins\/wp-content\/uploads\/sites\/56\/2023\/11\/image_6483441f-150x100.jpg 150w, https:\/\/etab.ac-reunion.fr\/clg-tamarins\/wp-content\/uploads\/sites\/56\/2023\/11\/image_6483441f.jpg 1500w\" sizes=\"auto, (max-width: 768px) 100vw, 768px\" \/><\/a><\/div><\/div><div class=\"su-image-carousel-item\"><div class=\"su-image-carousel-item-content\"><a href=\"https:\/\/etab.ac-reunion.fr\/clg-tamarins\/wp-content\/uploads\/sites\/56\/2023\/11\/image_6483441-1.jpg\" target=\"_blank\" rel=\"noopener noreferrer\" data-caption=\"\"><img loading=\"lazy\" decoding=\"async\" width=\"768\" height=\"1024\" src=\"https:\/\/etab.ac-reunion.fr\/clg-tamarins\/wp-content\/uploads\/sites\/56\/2023\/11\/image_6483441-1-768x1024.jpg\" class=\"\" alt=\"\" srcset=\"https:\/\/etab.ac-reunion.fr\/clg-tamarins\/wp-content\/uploads\/sites\/56\/2023\/11\/image_6483441-1-768x1024.jpg 768w, https:\/\/etab.ac-reunion.fr\/clg-tamarins\/wp-content\/uploads\/sites\/56\/2023\/11\/image_6483441-1-225x300.jpg 225w, https:\/\/etab.ac-reunion.fr\/clg-tamarins\/wp-content\/uploads\/sites\/56\/2023\/11\/image_6483441-1-1152x1536.jpg 1152w, https:\/\/etab.ac-reunion.fr\/clg-tamarins\/wp-content\/uploads\/sites\/56\/2023\/11\/image_6483441-1-113x150.jpg 113w, https:\/\/etab.ac-reunion.fr\/clg-tamarins\/wp-content\/uploads\/sites\/56\/2023\/11\/image_6483441-1.jpg 1200w\" sizes=\"auto, (max-width: 768px) 100vw, 768px\" \/><\/a><\/div><\/div><\/div><script id=\"su_image_carousel_69f1d5c7d5637_script\">if(window.SUImageCarousel){setTimeout(function() {window.SUImageCarousel.initGallery(document.getElementById(\"su_image_carousel_69f1d5c7d5637\"))}, 0);}var su_image_carousel_69f1d5c7d5637_script=document.getElementById(\"su_image_carousel_69f1d5c7d5637_script\");if(su_image_carousel_69f1d5c7d5637_script){su_image_carousel_69f1d5c7d5637_script.parentNode.removeChild(su_image_carousel_69f1d5c7d5637_script);}<\/script><\/div>\n<div dir=\"auto\"><\/div>\n<div dir=\"auto\"><\/div>\n","protected":false},"excerpt":{"rendered":"<p>Ce 11 novembre 2023, nous comm\u00e9morons le 105e anniversaire de l&rsquo;armistice de la Premi\u00e8re Guerre mondiale et les 100 ans de la Flamme \ud83d\udd25c\u00e9r\u00e9monie organis\u00e9e par notre unit\u00e9 marraine, le 2e RPIMa \u00e0 Saint-Pierre. La classe de d\u00e9fense du coll\u00e8ge les Tamarins \u00e9tait pr\u00e9sente, place des Victoires aux c\u00f4t\u00e9s des\u2026<\/p>\n<p class=\"continue-reading-button\"> <a class=\"continue-reading-link\" href=\"https:\/\/etab.ac-reunion.fr\/clg-tamarins\/commemoration-du-105e-anniversaire-de-larmistice-de-la-premiere-guerre-mondiale-et-les-100-ans-de-la-flamme-classe-defense\/\">Continuer \u00e0 lire<i class=\"crycon-right-dir\"><\/i><\/a><\/p>\n","protected":false},"author":30567,"featured_media":8812,"comment_status":"closed","ping_status":"closed","sticky":false,"template":"","format":"quote","meta":{"footnotes":""},"categories":[298,1],"tags":[],"class_list":["post-8807","post","type-post","status-publish","format-quote","has-post-thumbnail","hentry","category-classe-defense","category-non-classe","post_format-post-format-quote"],"_links":{"self":[{"href":"https:\/\/etab.ac-reunion.fr\/clg-tamarins\/wp-json\/wp\/v2\/posts\/8807","targetHints":{"allow":["GET"]}}],"collection":[{"href":"https:\/\/etab.ac-reunion.fr\/clg-tamarins\/wp-json\/wp\/v2\/posts"}],"about":[{"href":"https:\/\/etab.ac-reunion.fr\/clg-tamarins\/wp-json\/wp\/v2\/types\/post"}],"author":[{"embeddable":true,"href":"https:\/\/etab.ac-reunion.fr\/clg-tamarins\/wp-json\/wp\/v2\/users\/30567"}],"replies":[{"embeddable":true,"href":"https:\/\/etab.ac-reunion.fr\/clg-tamarins\/wp-json\/wp\/v2\/comments?post=8807"}],"version-history":[{"count":2,"href":"https:\/\/etab.ac-reunion.fr\/clg-tamarins\/wp-json\/wp\/v2\/posts\/8807\/revisions"}],"predecessor-version":[{"id":8815,"href":"https:\/\/etab.ac-reunion.fr\/clg-tamarins\/wp-json\/wp\/v2\/posts\/8807\/revisions\/8815"}],"wp:featuredmedia":[{"embeddable":true,"href":"https:\/\/etab.ac-reunion.fr\/clg-tamarins\/wp-json\/wp\/v2\/media\/8812"}],"wp:attachment":[{"href":"https:\/\/etab.ac-reunion.fr\/clg-tamarins\/wp-json\/wp\/v2\/media?parent=8807"}],"wp:term":[{"taxonomy":"category","embeddable":true,"href":"https:\/\/etab.ac-reunion.fr\/clg-tamarins\/wp-json\/wp\/v2\/categories?post=8807"},{"taxonomy":"post_tag","embeddable":true,"href":"https:\/\/etab.ac-reunion.fr\/clg-tamarins\/wp-json\/wp\/v2\/tags?post=8807"}],"curies":[{"name":"wp","href":"https:\/\/api.w.org\/{rel}","templated":true}]}}