{"id":8893,"date":"2024-03-15T11:28:48","date_gmt":"2024-03-15T07:28:48","guid":{"rendered":"https:\/\/etab.ac-reunion.fr\/clg-tamarins\/?p=8893"},"modified":"2024-03-15T11:28:48","modified_gmt":"2024-03-15T07:28:48","slug":"semaine-des-langues-2024-college-les-tamarins","status":"publish","type":"post","link":"https:\/\/etab.ac-reunion.fr\/clg-tamarins\/semaine-des-langues-2024-college-les-tamarins\/","title":{"rendered":"Semaine des langues 2024 &#8211; Coll\u00e8ge Les Tamarins"},"content":{"rendered":"<p>Bonjour, Hol\u00e0! Hello! Hallo, Nin Hao !<\/p>\n<p>Du 18 au 22 mars 2024, Le coll\u00e8ge des Tamarins met les langues \u00e0 l&rsquo;honneur. la semaine des langues 2024 est l&rsquo;occasion de d\u00e9couvrir de nouvelles cultures et de voyager en restant les pieds au sol. Au programme: les cr\u00e9ations du club d&rsquo;atelier cr\u00e9atif vous accueillent d\u00e8s lundi 18 mars, des affichettes \u00e0 lire dans tout le coll\u00e8ge pour enrichir son vocabulaire et apprendre tout en s&rsquo;amusant, une chasse au tr\u00e9sor pour remuer les m\u00e9ninges, des sonneries avec une toute autre tonalit\u00e9 et m\u00eame \u00e0 la cantine, la semaine s&rsquo;annonce folklorique.<\/p>\n<p>Alors, soyez curieux et ouvrez les yeux&#8230; et les oreilles!<\/p>\n<p>Que tenga un buen dia !<\/p>\n<p><img loading=\"lazy\" decoding=\"async\" class=\"alignnone size-full wp-image-8894\" src=\"https:\/\/etab.ac-reunion.fr\/clg-tamarins\/wp-content\/uploads\/sites\/56\/2024\/03\/sdl-scaled.jpg\" alt=\"\" width=\"2560\" height=\"1943\" srcset=\"https:\/\/etab.ac-reunion.fr\/clg-tamarins\/wp-content\/uploads\/sites\/56\/2024\/03\/sdl-scaled.jpg 2560w, https:\/\/etab.ac-reunion.fr\/clg-tamarins\/wp-content\/uploads\/sites\/56\/2024\/03\/sdl-300x228.jpg 300w, https:\/\/etab.ac-reunion.fr\/clg-tamarins\/wp-content\/uploads\/sites\/56\/2024\/03\/sdl-1024x777.jpg 1024w, https:\/\/etab.ac-reunion.fr\/clg-tamarins\/wp-content\/uploads\/sites\/56\/2024\/03\/sdl-768x583.jpg 768w, https:\/\/etab.ac-reunion.fr\/clg-tamarins\/wp-content\/uploads\/sites\/56\/2024\/03\/sdl-1536x1166.jpg 1536w, https:\/\/etab.ac-reunion.fr\/clg-tamarins\/wp-content\/uploads\/sites\/56\/2024\/03\/sdl-2048x1555.jpg 2048w, https:\/\/etab.ac-reunion.fr\/clg-tamarins\/wp-content\/uploads\/sites\/56\/2024\/03\/sdl-150x114.jpg 150w\" sizes=\"auto, (max-width: 2560px) 100vw, 2560px\" \/><\/p>\n","protected":false},"excerpt":{"rendered":"<p>Bonjour, Hol\u00e0! Hello! Hallo, Nin Hao ! Du 18 au 22 mars 2024, Le coll\u00e8ge des Tamarins met les langues \u00e0 l&rsquo;honneur. la semaine des langues 2024 est l&rsquo;occasion de d\u00e9couvrir de nouvelles cultures et de voyager en restant les pieds au sol. Au programme: les cr\u00e9ations du club d&rsquo;atelier\u2026<\/p>\n<p class=\"continue-reading-button\"> <a class=\"continue-reading-link\" href=\"https:\/\/etab.ac-reunion.fr\/clg-tamarins\/semaine-des-langues-2024-college-les-tamarins\/\">Continuer \u00e0 lire<i class=\"crycon-right-dir\"><\/i><\/a><\/p>\n","protected":false},"author":30567,"featured_media":8894,"comment_status":"closed","ping_status":"closed","sticky":false,"template":"","format":"quote","meta":{"footnotes":""},"categories":[1],"tags":[],"class_list":["post-8893","post","type-post","status-publish","format-quote","has-post-thumbnail","hentry","category-non-classe","post_format-post-format-quote"],"_links":{"self":[{"href":"https:\/\/etab.ac-reunion.fr\/clg-tamarins\/wp-json\/wp\/v2\/posts\/8893","targetHints":{"allow":["GET"]}}],"collection":[{"href":"https:\/\/etab.ac-reunion.fr\/clg-tamarins\/wp-json\/wp\/v2\/posts"}],"about":[{"href":"https:\/\/etab.ac-reunion.fr\/clg-tamarins\/wp-json\/wp\/v2\/types\/post"}],"author":[{"embeddable":true,"href":"https:\/\/etab.ac-reunion.fr\/clg-tamarins\/wp-json\/wp\/v2\/users\/30567"}],"replies":[{"embeddable":true,"href":"https:\/\/etab.ac-reunion.fr\/clg-tamarins\/wp-json\/wp\/v2\/comments?post=8893"}],"version-history":[{"count":1,"href":"https:\/\/etab.ac-reunion.fr\/clg-tamarins\/wp-json\/wp\/v2\/posts\/8893\/revisions"}],"predecessor-version":[{"id":8895,"href":"https:\/\/etab.ac-reunion.fr\/clg-tamarins\/wp-json\/wp\/v2\/posts\/8893\/revisions\/8895"}],"wp:featuredmedia":[{"embeddable":true,"href":"https:\/\/etab.ac-reunion.fr\/clg-tamarins\/wp-json\/wp\/v2\/media\/8894"}],"wp:attachment":[{"href":"https:\/\/etab.ac-reunion.fr\/clg-tamarins\/wp-json\/wp\/v2\/media?parent=8893"}],"wp:term":[{"taxonomy":"category","embeddable":true,"href":"https:\/\/etab.ac-reunion.fr\/clg-tamarins\/wp-json\/wp\/v2\/categories?post=8893"},{"taxonomy":"post_tag","embeddable":true,"href":"https:\/\/etab.ac-reunion.fr\/clg-tamarins\/wp-json\/wp\/v2\/tags?post=8893"}],"curies":[{"name":"wp","href":"https:\/\/api.w.org\/{rel}","templated":true}]}}