{"id":8896,"date":"2024-03-15T11:40:37","date_gmt":"2024-03-15T07:40:37","guid":{"rendered":"https:\/\/etab.ac-reunion.fr\/clg-tamarins\/?p=8896"},"modified":"2024-03-15T11:40:37","modified_gmt":"2024-03-15T07:40:37","slug":"conference-sur-la-guerre-dalgerie-destine-a-la-classe-de-defense","status":"publish","type":"post","link":"https:\/\/etab.ac-reunion.fr\/clg-tamarins\/conference-sur-la-guerre-dalgerie-destine-a-la-classe-de-defense\/","title":{"rendered":"Conf\u00e9rence sur la guerre d&rsquo;Alg\u00e9rie destin\u00e9 \u00e0 la classe de D\u00e9fense"},"content":{"rendered":"<p><span style=\"font-size: large\">Deux enseignants de la classe de D\u00e9fense du coll\u00e8ge les Tamarins \u00e0 Saint Pierre ont organis\u00e9 au profit de leurs \u00e9l\u00e8ves, dans le but de promouvoir \u00ab\u00a0l\u2019esprit de D\u00e9fense\u00a0\u00bb une conf\u00e9rence sur la guerre d\u2019Alg\u00e9rie. Ils ont \u00e9t\u00e9 tr\u00e8s attentifs \u00e0 la pr\u00e9sentation des \u00ab\u00a0d\u00e9chirures\u00a0\u00bb li\u00e9es \u00e0 l\u2019histoire de ce conflit par le major(er) Serge Janson, chancelier des \u00ab\u00a0<b>Anciens du 2e<\/b>\u00a0\u00bb. Ils ont pu \u00e9changer avec d\u2019autres amicalistes pr\u00e9sents \u00e9galement ainsi qu\u2019avec leur pr\u00e9sident, monsieur <b>Georges Bartoli<\/b> et avec monsieur\u00a0<b>Paul Cheyrouse<\/b> qui t\u00e9moigne de son exp\u00e9rience, en visio. Cela a \u00e9t\u00e9 un temps fort qui les pr\u00e9parera \u00e0 la c\u00e9r\u00e9monie comm\u00e9morative du 19 Mars.<\/span><\/p>\n<p><img loading=\"lazy\" decoding=\"async\" class=\"alignnone size-full wp-image-8903\" src=\"https:\/\/etab.ac-reunion.fr\/clg-tamarins\/wp-content\/uploads\/sites\/56\/2024\/03\/IMG_8528.jpg\" alt=\"\" width=\"900\" height=\"1600\" srcset=\"https:\/\/etab.ac-reunion.fr\/clg-tamarins\/wp-content\/uploads\/sites\/56\/2024\/03\/IMG_8528.jpg 900w, https:\/\/etab.ac-reunion.fr\/clg-tamarins\/wp-content\/uploads\/sites\/56\/2024\/03\/IMG_8528-169x300.jpg 169w, https:\/\/etab.ac-reunion.fr\/clg-tamarins\/wp-content\/uploads\/sites\/56\/2024\/03\/IMG_8528-576x1024.jpg 576w, https:\/\/etab.ac-reunion.fr\/clg-tamarins\/wp-content\/uploads\/sites\/56\/2024\/03\/IMG_8528-768x1365.jpg 768w, https:\/\/etab.ac-reunion.fr\/clg-tamarins\/wp-content\/uploads\/sites\/56\/2024\/03\/IMG_8528-864x1536.jpg 864w, https:\/\/etab.ac-reunion.fr\/clg-tamarins\/wp-content\/uploads\/sites\/56\/2024\/03\/IMG_8528-84x150.jpg 84w\" sizes=\"auto, (max-width: 900px) 100vw, 900px\" \/> <img loading=\"lazy\" decoding=\"async\" class=\"alignnone size-full wp-image-8902\" src=\"https:\/\/etab.ac-reunion.fr\/clg-tamarins\/wp-content\/uploads\/sites\/56\/2024\/03\/IMG_8530.jpg\" alt=\"\" width=\"2016\" height=\"1512\" srcset=\"https:\/\/etab.ac-reunion.fr\/clg-tamarins\/wp-content\/uploads\/sites\/56\/2024\/03\/IMG_8530.jpg 2016w, https:\/\/etab.ac-reunion.fr\/clg-tamarins\/wp-content\/uploads\/sites\/56\/2024\/03\/IMG_8530-300x225.jpg 300w, https:\/\/etab.ac-reunion.fr\/clg-tamarins\/wp-content\/uploads\/sites\/56\/2024\/03\/IMG_8530-1024x768.jpg 1024w, https:\/\/etab.ac-reunion.fr\/clg-tamarins\/wp-content\/uploads\/sites\/56\/2024\/03\/IMG_8530-768x576.jpg 768w, https:\/\/etab.ac-reunion.fr\/clg-tamarins\/wp-content\/uploads\/sites\/56\/2024\/03\/IMG_8530-1536x1152.jpg 1536w, https:\/\/etab.ac-reunion.fr\/clg-tamarins\/wp-content\/uploads\/sites\/56\/2024\/03\/IMG_8530-150x113.jpg 150w\" sizes=\"auto, (max-width: 2016px) 100vw, 2016px\" \/> <img loading=\"lazy\" decoding=\"async\" class=\"alignnone size-full wp-image-8901\" src=\"https:\/\/etab.ac-reunion.fr\/clg-tamarins\/wp-content\/uploads\/sites\/56\/2024\/03\/IMG_8529.jpg\" alt=\"\" width=\"2016\" height=\"1512\" srcset=\"https:\/\/etab.ac-reunion.fr\/clg-tamarins\/wp-content\/uploads\/sites\/56\/2024\/03\/IMG_8529.jpg 2016w, https:\/\/etab.ac-reunion.fr\/clg-tamarins\/wp-content\/uploads\/sites\/56\/2024\/03\/IMG_8529-300x225.jpg 300w, https:\/\/etab.ac-reunion.fr\/clg-tamarins\/wp-content\/uploads\/sites\/56\/2024\/03\/IMG_8529-1024x768.jpg 1024w, https:\/\/etab.ac-reunion.fr\/clg-tamarins\/wp-content\/uploads\/sites\/56\/2024\/03\/IMG_8529-768x576.jpg 768w, https:\/\/etab.ac-reunion.fr\/clg-tamarins\/wp-content\/uploads\/sites\/56\/2024\/03\/IMG_8529-1536x1152.jpg 1536w, https:\/\/etab.ac-reunion.fr\/clg-tamarins\/wp-content\/uploads\/sites\/56\/2024\/03\/IMG_8529-150x113.jpg 150w\" sizes=\"auto, (max-width: 2016px) 100vw, 2016px\" \/> <img loading=\"lazy\" decoding=\"async\" class=\"alignnone size-full wp-image-8900\" src=\"https:\/\/etab.ac-reunion.fr\/clg-tamarins\/wp-content\/uploads\/sites\/56\/2024\/03\/IMG_8515-scaled.jpg\" alt=\"\" width=\"2560\" height=\"1495\" srcset=\"https:\/\/etab.ac-reunion.fr\/clg-tamarins\/wp-content\/uploads\/sites\/56\/2024\/03\/IMG_8515-scaled.jpg 2560w, https:\/\/etab.ac-reunion.fr\/clg-tamarins\/wp-content\/uploads\/sites\/56\/2024\/03\/IMG_8515-300x175.jpg 300w, https:\/\/etab.ac-reunion.fr\/clg-tamarins\/wp-content\/uploads\/sites\/56\/2024\/03\/IMG_8515-1024x598.jpg 1024w, https:\/\/etab.ac-reunion.fr\/clg-tamarins\/wp-content\/uploads\/sites\/56\/2024\/03\/IMG_8515-768x449.jpg 768w, https:\/\/etab.ac-reunion.fr\/clg-tamarins\/wp-content\/uploads\/sites\/56\/2024\/03\/IMG_8515-1536x897.jpg 1536w, https:\/\/etab.ac-reunion.fr\/clg-tamarins\/wp-content\/uploads\/sites\/56\/2024\/03\/IMG_8515-2048x1196.jpg 2048w, https:\/\/etab.ac-reunion.fr\/clg-tamarins\/wp-content\/uploads\/sites\/56\/2024\/03\/IMG_8515-150x88.jpg 150w\" sizes=\"auto, (max-width: 2560px) 100vw, 2560px\" \/> <img loading=\"lazy\" decoding=\"async\" class=\"alignnone size-full wp-image-8899\" src=\"https:\/\/etab.ac-reunion.fr\/clg-tamarins\/wp-content\/uploads\/sites\/56\/2024\/03\/IMG_8519-scaled.jpg\" alt=\"\" width=\"2560\" height=\"1920\" srcset=\"https:\/\/etab.ac-reunion.fr\/clg-tamarins\/wp-content\/uploads\/sites\/56\/2024\/03\/IMG_8519-scaled.jpg 2560w, https:\/\/etab.ac-reunion.fr\/clg-tamarins\/wp-content\/uploads\/sites\/56\/2024\/03\/IMG_8519-300x225.jpg 300w, https:\/\/etab.ac-reunion.fr\/clg-tamarins\/wp-content\/uploads\/sites\/56\/2024\/03\/IMG_8519-1024x768.jpg 1024w, https:\/\/etab.ac-reunion.fr\/clg-tamarins\/wp-content\/uploads\/sites\/56\/2024\/03\/IMG_8519-768x576.jpg 768w, https:\/\/etab.ac-reunion.fr\/clg-tamarins\/wp-content\/uploads\/sites\/56\/2024\/03\/IMG_8519-1536x1152.jpg 1536w, https:\/\/etab.ac-reunion.fr\/clg-tamarins\/wp-content\/uploads\/sites\/56\/2024\/03\/IMG_8519-2048x1536.jpg 2048w, https:\/\/etab.ac-reunion.fr\/clg-tamarins\/wp-content\/uploads\/sites\/56\/2024\/03\/IMG_8519-150x113.jpg 150w\" sizes=\"auto, (max-width: 2560px) 100vw, 2560px\" \/> <img loading=\"lazy\" decoding=\"async\" class=\"alignnone size-full wp-image-8898\" src=\"https:\/\/etab.ac-reunion.fr\/clg-tamarins\/wp-content\/uploads\/sites\/56\/2024\/03\/668FBC1C-B0C6-4C13-905C-F30BE20ABC3F.jpg\" alt=\"\" width=\"1170\" height=\"879\" srcset=\"https:\/\/etab.ac-reunion.fr\/clg-tamarins\/wp-content\/uploads\/sites\/56\/2024\/03\/668FBC1C-B0C6-4C13-905C-F30BE20ABC3F.jpg 1170w, https:\/\/etab.ac-reunion.fr\/clg-tamarins\/wp-content\/uploads\/sites\/56\/2024\/03\/668FBC1C-B0C6-4C13-905C-F30BE20ABC3F-300x225.jpg 300w, https:\/\/etab.ac-reunion.fr\/clg-tamarins\/wp-content\/uploads\/sites\/56\/2024\/03\/668FBC1C-B0C6-4C13-905C-F30BE20ABC3F-1024x769.jpg 1024w, https:\/\/etab.ac-reunion.fr\/clg-tamarins\/wp-content\/uploads\/sites\/56\/2024\/03\/668FBC1C-B0C6-4C13-905C-F30BE20ABC3F-768x577.jpg 768w, https:\/\/etab.ac-reunion.fr\/clg-tamarins\/wp-content\/uploads\/sites\/56\/2024\/03\/668FBC1C-B0C6-4C13-905C-F30BE20ABC3F-150x113.jpg 150w\" sizes=\"auto, (max-width: 1170px) 100vw, 1170px\" \/><\/p>\n","protected":false},"excerpt":{"rendered":"<p>Deux enseignants de la classe de D\u00e9fense du coll\u00e8ge les Tamarins \u00e0 Saint Pierre ont organis\u00e9 au profit de leurs \u00e9l\u00e8ves, dans le but de promouvoir \u00ab\u00a0l\u2019esprit de D\u00e9fense\u00a0\u00bb une conf\u00e9rence sur la guerre d\u2019Alg\u00e9rie. Ils ont \u00e9t\u00e9 tr\u00e8s attentifs \u00e0 la pr\u00e9sentation des \u00ab\u00a0d\u00e9chirures\u00a0\u00bb li\u00e9es \u00e0 l\u2019histoire de ce\u2026<\/p>\n<p class=\"continue-reading-button\"> <a class=\"continue-reading-link\" href=\"https:\/\/etab.ac-reunion.fr\/clg-tamarins\/conference-sur-la-guerre-dalgerie-destine-a-la-classe-de-defense\/\">Continuer \u00e0 lire<i class=\"crycon-right-dir\"><\/i><\/a><\/p>\n","protected":false},"author":30567,"featured_media":8898,"comment_status":"closed","ping_status":"closed","sticky":false,"template":"","format":"quote","meta":{"footnotes":""},"categories":[298,1],"tags":[],"class_list":["post-8896","post","type-post","status-publish","format-quote","has-post-thumbnail","hentry","category-classe-defense","category-non-classe","post_format-post-format-quote"],"_links":{"self":[{"href":"https:\/\/etab.ac-reunion.fr\/clg-tamarins\/wp-json\/wp\/v2\/posts\/8896","targetHints":{"allow":["GET"]}}],"collection":[{"href":"https:\/\/etab.ac-reunion.fr\/clg-tamarins\/wp-json\/wp\/v2\/posts"}],"about":[{"href":"https:\/\/etab.ac-reunion.fr\/clg-tamarins\/wp-json\/wp\/v2\/types\/post"}],"author":[{"embeddable":true,"href":"https:\/\/etab.ac-reunion.fr\/clg-tamarins\/wp-json\/wp\/v2\/users\/30567"}],"replies":[{"embeddable":true,"href":"https:\/\/etab.ac-reunion.fr\/clg-tamarins\/wp-json\/wp\/v2\/comments?post=8896"}],"version-history":[{"count":5,"href":"https:\/\/etab.ac-reunion.fr\/clg-tamarins\/wp-json\/wp\/v2\/posts\/8896\/revisions"}],"predecessor-version":[{"id":8907,"href":"https:\/\/etab.ac-reunion.fr\/clg-tamarins\/wp-json\/wp\/v2\/posts\/8896\/revisions\/8907"}],"wp:featuredmedia":[{"embeddable":true,"href":"https:\/\/etab.ac-reunion.fr\/clg-tamarins\/wp-json\/wp\/v2\/media\/8898"}],"wp:attachment":[{"href":"https:\/\/etab.ac-reunion.fr\/clg-tamarins\/wp-json\/wp\/v2\/media?parent=8896"}],"wp:term":[{"taxonomy":"category","embeddable":true,"href":"https:\/\/etab.ac-reunion.fr\/clg-tamarins\/wp-json\/wp\/v2\/categories?post=8896"},{"taxonomy":"post_tag","embeddable":true,"href":"https:\/\/etab.ac-reunion.fr\/clg-tamarins\/wp-json\/wp\/v2\/tags?post=8896"}],"curies":[{"name":"wp","href":"https:\/\/api.w.org\/{rel}","templated":true}]}}