{"id":8978,"date":"2024-03-26T08:01:00","date_gmt":"2024-03-26T04:01:00","guid":{"rendered":"https:\/\/etab.ac-reunion.fr\/clg-tamarins\/?p=8978"},"modified":"2024-03-26T08:01:00","modified_gmt":"2024-03-26T04:01:00","slug":"webinaire-des-ecodelegues","status":"publish","type":"post","link":"https:\/\/etab.ac-reunion.fr\/clg-tamarins\/webinaire-des-ecodelegues\/","title":{"rendered":"Webinaire des \u00e9cod\u00e9l\u00e9gu\u00e9s"},"content":{"rendered":"<p>Le 19 mars 2024 a eu lieu le webinaire acad\u00e9mique des \u00e9cod\u00e9l\u00e9gu\u00e9s. Tous les \u00e9cod\u00e9l\u00e9gu\u00e9s de notre coll\u00e8ge ont particip\u00e9 \u00e0 cette visioconf\u00e9rence.<br \/>\nIntroduit par Mr le Recteur de l&rsquo;acad\u00e9mie de la R\u00e9union, la rencontre a permis \u00e0 2 de nos \u00e9cod\u00e9l\u00e9gu\u00e9s (FRISSUR Kendra et SALORT Juliette, 5BIL) de pr\u00e9senter, pendant 3 min, au nom de l&rsquo;ensemble des \u00e9cod\u00e9l\u00e9gu\u00e9s de notre coll\u00e8ge, les raisons pour lesquelles ils sont devenus \u00e9cod\u00e9l\u00e9gu\u00e9s. Leur intervention a \u00e9t\u00e9 f\u00e9licit\u00e9e et leurs motivations ont \u00e9t\u00e9 salu\u00e9es par Mr le Recteur.<br \/>\nLes \u00e9cod\u00e9l\u00e9gu\u00e9s ont suivi ensuite les interventions des autres \u00e9cod\u00e9l\u00e9gu\u00e9s d&rsquo;autres \u00e9tablissements sur les actions qu&rsquo;ils ont men\u00e9s, les freins rencontr\u00e9s et les solutions trouv\u00e9es, les partenaires avec qui ils se sont associ\u00e9s. Une rencontre bien enrichissante, permettant notamment d&rsquo;avoir de nouvelles id\u00e9es pour de futurs projets.<\/p>\n<p style=\"text-align: right\">Mme GALANT Marie Aur\u00e9lie<br \/>\nR\u00e9f\u00e9rente EDD<\/p>\n<p><img loading=\"lazy\" decoding=\"async\" class=\"alignnone wp-image-8981\" src=\"https:\/\/etab.ac-reunion.fr\/clg-tamarins\/wp-content\/uploads\/sites\/56\/2024\/03\/20240319_104800-scaled.jpg\" alt=\"\" width=\"395\" height=\"296\" srcset=\"https:\/\/etab.ac-reunion.fr\/clg-tamarins\/wp-content\/uploads\/sites\/56\/2024\/03\/20240319_104800-scaled.jpg 2560w, https:\/\/etab.ac-reunion.fr\/clg-tamarins\/wp-content\/uploads\/sites\/56\/2024\/03\/20240319_104800-300x225.jpg 300w, https:\/\/etab.ac-reunion.fr\/clg-tamarins\/wp-content\/uploads\/sites\/56\/2024\/03\/20240319_104800-1024x768.jpg 1024w, https:\/\/etab.ac-reunion.fr\/clg-tamarins\/wp-content\/uploads\/sites\/56\/2024\/03\/20240319_104800-768x576.jpg 768w, https:\/\/etab.ac-reunion.fr\/clg-tamarins\/wp-content\/uploads\/sites\/56\/2024\/03\/20240319_104800-1536x1152.jpg 1536w, https:\/\/etab.ac-reunion.fr\/clg-tamarins\/wp-content\/uploads\/sites\/56\/2024\/03\/20240319_104800-2048x1536.jpg 2048w, https:\/\/etab.ac-reunion.fr\/clg-tamarins\/wp-content\/uploads\/sites\/56\/2024\/03\/20240319_104800-150x113.jpg 150w\" sizes=\"auto, (max-width: 395px) 100vw, 395px\" \/>\u00a0 <img loading=\"lazy\" decoding=\"async\" class=\"alignnone wp-image-8980\" src=\"https:\/\/etab.ac-reunion.fr\/clg-tamarins\/wp-content\/uploads\/sites\/56\/2024\/03\/20240319_104833-scaled.jpg\" alt=\"\" width=\"395\" height=\"297\" srcset=\"https:\/\/etab.ac-reunion.fr\/clg-tamarins\/wp-content\/uploads\/sites\/56\/2024\/03\/20240319_104833-scaled.jpg 2560w, https:\/\/etab.ac-reunion.fr\/clg-tamarins\/wp-content\/uploads\/sites\/56\/2024\/03\/20240319_104833-300x225.jpg 300w, https:\/\/etab.ac-reunion.fr\/clg-tamarins\/wp-content\/uploads\/sites\/56\/2024\/03\/20240319_104833-1024x768.jpg 1024w, https:\/\/etab.ac-reunion.fr\/clg-tamarins\/wp-content\/uploads\/sites\/56\/2024\/03\/20240319_104833-768x576.jpg 768w, https:\/\/etab.ac-reunion.fr\/clg-tamarins\/wp-content\/uploads\/sites\/56\/2024\/03\/20240319_104833-1536x1152.jpg 1536w, https:\/\/etab.ac-reunion.fr\/clg-tamarins\/wp-content\/uploads\/sites\/56\/2024\/03\/20240319_104833-2048x1536.jpg 2048w, https:\/\/etab.ac-reunion.fr\/clg-tamarins\/wp-content\/uploads\/sites\/56\/2024\/03\/20240319_104833-150x113.jpg 150w\" sizes=\"auto, (max-width: 395px) 100vw, 395px\" \/><\/p>\n<p>&nbsp;<\/p>\n<p>&nbsp;<\/p>\n","protected":false},"excerpt":{"rendered":"<p>Le 19 mars 2024 a eu lieu le webinaire acad\u00e9mique des \u00e9cod\u00e9l\u00e9gu\u00e9s. Tous les \u00e9cod\u00e9l\u00e9gu\u00e9s de notre coll\u00e8ge ont particip\u00e9 \u00e0 cette visioconf\u00e9rence. Introduit par Mr le Recteur de l&rsquo;acad\u00e9mie de la R\u00e9union, la rencontre a permis \u00e0 2 de nos \u00e9cod\u00e9l\u00e9gu\u00e9s (FRISSUR Kendra et SALORT Juliette, 5BIL) de pr\u00e9senter,\u2026<\/p>\n<p class=\"continue-reading-button\"> <a class=\"continue-reading-link\" href=\"https:\/\/etab.ac-reunion.fr\/clg-tamarins\/webinaire-des-ecodelegues\/\">Continuer \u00e0 lire<i class=\"crycon-right-dir\"><\/i><\/a><\/p>\n","protected":false},"author":30567,"featured_media":8981,"comment_status":"closed","ping_status":"closed","sticky":false,"template":"","format":"quote","meta":{"footnotes":""},"categories":[287,1],"tags":[],"class_list":["post-8978","post","type-post","status-publish","format-quote","has-post-thumbnail","hentry","category-edd","category-non-classe","post_format-post-format-quote"],"_links":{"self":[{"href":"https:\/\/etab.ac-reunion.fr\/clg-tamarins\/wp-json\/wp\/v2\/posts\/8978","targetHints":{"allow":["GET"]}}],"collection":[{"href":"https:\/\/etab.ac-reunion.fr\/clg-tamarins\/wp-json\/wp\/v2\/posts"}],"about":[{"href":"https:\/\/etab.ac-reunion.fr\/clg-tamarins\/wp-json\/wp\/v2\/types\/post"}],"author":[{"embeddable":true,"href":"https:\/\/etab.ac-reunion.fr\/clg-tamarins\/wp-json\/wp\/v2\/users\/30567"}],"replies":[{"embeddable":true,"href":"https:\/\/etab.ac-reunion.fr\/clg-tamarins\/wp-json\/wp\/v2\/comments?post=8978"}],"version-history":[{"count":4,"href":"https:\/\/etab.ac-reunion.fr\/clg-tamarins\/wp-json\/wp\/v2\/posts\/8978\/revisions"}],"predecessor-version":[{"id":8984,"href":"https:\/\/etab.ac-reunion.fr\/clg-tamarins\/wp-json\/wp\/v2\/posts\/8978\/revisions\/8984"}],"wp:featuredmedia":[{"embeddable":true,"href":"https:\/\/etab.ac-reunion.fr\/clg-tamarins\/wp-json\/wp\/v2\/media\/8981"}],"wp:attachment":[{"href":"https:\/\/etab.ac-reunion.fr\/clg-tamarins\/wp-json\/wp\/v2\/media?parent=8978"}],"wp:term":[{"taxonomy":"category","embeddable":true,"href":"https:\/\/etab.ac-reunion.fr\/clg-tamarins\/wp-json\/wp\/v2\/categories?post=8978"},{"taxonomy":"post_tag","embeddable":true,"href":"https:\/\/etab.ac-reunion.fr\/clg-tamarins\/wp-json\/wp\/v2\/tags?post=8978"}],"curies":[{"name":"wp","href":"https:\/\/api.w.org\/{rel}","templated":true}]}}