{"id":9215,"date":"2024-07-02T08:14:29","date_gmt":"2024-07-02T04:14:29","guid":{"rendered":"https:\/\/etab.ac-reunion.fr\/clg-tamarins\/?p=9215"},"modified":"2024-07-03T07:12:24","modified_gmt":"2024-07-03T03:12:24","slug":"concert-au-kerveguen","status":"publish","type":"post","link":"https:\/\/etab.ac-reunion.fr\/clg-tamarins\/concert-au-kerveguen\/","title":{"rendered":"CONCERT AU KERVEGUEN"},"content":{"rendered":"<p align=\"justify\"><span style=\"font-size: medium\">Le mardi 28 mai, nous avons eu le plaisir de pr\u00e9senter devant un public de 200 personnes la restitution des ateliers musicaux du coll\u00e8ge. <\/span><\/p>\n<p align=\"justify\"><span style=\"font-size: medium\">En effet, 95 \u00e9l\u00e8ves se sont produits sur sc\u00e8ne pour un spectacle de 2 heures comprenant chants, pratique instrumentale et clip sur le harc\u00e8lement r\u00e9alis\u00e9 dans le cadre d\u2019un peac avec le groupe Savage Mirror. <\/span><\/p>\n<p align=\"justify\"><span style=\"font-size: medium\">La vid\u00e9o suivante vous donnera un aper\u00e7u de ce magnifique spectacle !<\/span><\/p>\n<p align=\"right\"><span style=\"font-size: medium\">Sylvie FELIX, R\u00e9f\u00e9rente culture<\/span><\/p>\n<p style=\"text-align: center\"><iframe loading=\"lazy\" class=\"wp-embedded-content\" sandbox=\"allow-scripts\" security=\"restricted\" title=\"Concert au Kerveguen du 28 mai 2024 - Coll\u00e8ge Les Tamarins\" width=\"560\" height=\"315\" src=\"https:\/\/tube-arts-lettres-sciences-humaines.apps.education.fr\/videos\/embed\/08e17915-a48b-49e8-95b6-ddf839710981#?secret=OrepIhe679\" data-secret=\"OrepIhe679\" frameborder=\"0\"><\/iframe><\/p>\n<p align=\"justify\">\n","protected":false},"excerpt":{"rendered":"<p>Le mardi 28 mai, nous avons eu le plaisir de pr\u00e9senter devant un public de 200 personnes la restitution des ateliers musicaux du coll\u00e8ge. En effet, 95 \u00e9l\u00e8ves se sont produits sur sc\u00e8ne pour un spectacle de 2 heures comprenant chants, pratique instrumentale et clip sur le harc\u00e8lement r\u00e9alis\u00e9 dans\u2026<\/p>\n<p class=\"continue-reading-button\"> <a class=\"continue-reading-link\" href=\"https:\/\/etab.ac-reunion.fr\/clg-tamarins\/concert-au-kerveguen\/\">Continuer \u00e0 lire<i class=\"crycon-right-dir\"><\/i><\/a><\/p>\n","protected":false},"author":30567,"featured_media":9224,"comment_status":"closed","ping_status":"closed","sticky":false,"template":"","format":"quote","meta":{"footnotes":""},"categories":[1],"tags":[],"class_list":["post-9215","post","type-post","status-publish","format-quote","has-post-thumbnail","hentry","category-non-classe","post_format-post-format-quote"],"_links":{"self":[{"href":"https:\/\/etab.ac-reunion.fr\/clg-tamarins\/wp-json\/wp\/v2\/posts\/9215","targetHints":{"allow":["GET"]}}],"collection":[{"href":"https:\/\/etab.ac-reunion.fr\/clg-tamarins\/wp-json\/wp\/v2\/posts"}],"about":[{"href":"https:\/\/etab.ac-reunion.fr\/clg-tamarins\/wp-json\/wp\/v2\/types\/post"}],"author":[{"embeddable":true,"href":"https:\/\/etab.ac-reunion.fr\/clg-tamarins\/wp-json\/wp\/v2\/users\/30567"}],"replies":[{"embeddable":true,"href":"https:\/\/etab.ac-reunion.fr\/clg-tamarins\/wp-json\/wp\/v2\/comments?post=9215"}],"version-history":[{"count":4,"href":"https:\/\/etab.ac-reunion.fr\/clg-tamarins\/wp-json\/wp\/v2\/posts\/9215\/revisions"}],"predecessor-version":[{"id":9219,"href":"https:\/\/etab.ac-reunion.fr\/clg-tamarins\/wp-json\/wp\/v2\/posts\/9215\/revisions\/9219"}],"wp:featuredmedia":[{"embeddable":true,"href":"https:\/\/etab.ac-reunion.fr\/clg-tamarins\/wp-json\/wp\/v2\/media\/9224"}],"wp:attachment":[{"href":"https:\/\/etab.ac-reunion.fr\/clg-tamarins\/wp-json\/wp\/v2\/media?parent=9215"}],"wp:term":[{"taxonomy":"category","embeddable":true,"href":"https:\/\/etab.ac-reunion.fr\/clg-tamarins\/wp-json\/wp\/v2\/categories?post=9215"},{"taxonomy":"post_tag","embeddable":true,"href":"https:\/\/etab.ac-reunion.fr\/clg-tamarins\/wp-json\/wp\/v2\/tags?post=9215"}],"curies":[{"name":"wp","href":"https:\/\/api.w.org\/{rel}","templated":true}]}}