{"id":9268,"date":"2024-07-04T10:04:51","date_gmt":"2024-07-04T06:04:51","guid":{"rendered":"https:\/\/etab.ac-reunion.fr\/clg-tamarins\/?p=9268"},"modified":"2024-07-04T10:06:45","modified_gmt":"2024-07-04T06:06:45","slug":"liste-des-effets-scolaires-6eme-2024-2025","status":"publish","type":"post","link":"https:\/\/etab.ac-reunion.fr\/clg-tamarins\/liste-des-effets-scolaires-6eme-2024-2025\/","title":{"rendered":"Liste des effets scolaires 6\u00e8me 2024-2025"},"content":{"rendered":"<p><img loading=\"lazy\" decoding=\"async\" class=\"alignnone size-full wp-image-9254\" src=\"https:\/\/etab.ac-reunion.fr\/clg-tamarins\/wp-content\/uploads\/sites\/56\/2024\/07\/LISTE-DES-EFFETS-SCOLAIRES-6eme-liste-effets-scolaires-rentree-2024-2025.jpg\" alt=\"\" width=\"1240\" height=\"1754\" srcset=\"https:\/\/etab.ac-reunion.fr\/clg-tamarins\/wp-content\/uploads\/sites\/56\/2024\/07\/LISTE-DES-EFFETS-SCOLAIRES-6eme-liste-effets-scolaires-rentree-2024-2025.jpg 1240w, https:\/\/etab.ac-reunion.fr\/clg-tamarins\/wp-content\/uploads\/sites\/56\/2024\/07\/LISTE-DES-EFFETS-SCOLAIRES-6eme-liste-effets-scolaires-rentree-2024-2025-212x300.jpg 212w, https:\/\/etab.ac-reunion.fr\/clg-tamarins\/wp-content\/uploads\/sites\/56\/2024\/07\/LISTE-DES-EFFETS-SCOLAIRES-6eme-liste-effets-scolaires-rentree-2024-2025-724x1024.jpg 724w, https:\/\/etab.ac-reunion.fr\/clg-tamarins\/wp-content\/uploads\/sites\/56\/2024\/07\/LISTE-DES-EFFETS-SCOLAIRES-6eme-liste-effets-scolaires-rentree-2024-2025-768x1086.jpg 768w, https:\/\/etab.ac-reunion.fr\/clg-tamarins\/wp-content\/uploads\/sites\/56\/2024\/07\/LISTE-DES-EFFETS-SCOLAIRES-6eme-liste-effets-scolaires-rentree-2024-2025-1086x1536.jpg 1086w, https:\/\/etab.ac-reunion.fr\/clg-tamarins\/wp-content\/uploads\/sites\/56\/2024\/07\/LISTE-DES-EFFETS-SCOLAIRES-6eme-liste-effets-scolaires-rentree-2024-2025-106x150.jpg 106w\" sizes=\"auto, (max-width: 1240px) 100vw, 1240px\" \/><\/p>\n<p><strong>Liste des effets scolaires 6\u00e8me t\u00e9l\u00e9chargeable ou imprimable au format PDF: <\/strong><\/p>\n<p><a href=\"https:\/\/etab.ac-reunion.fr\/clg-tamarins\/wp-content\/uploads\/sites\/56\/2024\/07\/6eme-liste-effets-scolaires-rentree-2024-2025.pdf\">6e\u0300me liste effets scolaires rentr\u00e9e 2024 2025<\/a><\/p>\n","protected":false},"excerpt":{"rendered":"<p>Liste des effets scolaires 6\u00e8me t\u00e9l\u00e9chargeable ou imprimable au format PDF: 6e\u0300me liste effets scolaires rentr\u00e9e 2024 2025<\/p>\n<p class=\"continue-reading-button\"> <a class=\"continue-reading-link\" href=\"https:\/\/etab.ac-reunion.fr\/clg-tamarins\/liste-des-effets-scolaires-6eme-2024-2025\/\">Continuer \u00e0 lire<i class=\"crycon-right-dir\"><\/i><\/a><\/p>\n","protected":false},"author":30567,"featured_media":9254,"comment_status":"closed","ping_status":"closed","sticky":false,"template":"","format":"quote","meta":{"footnotes":""},"categories":[1],"tags":[],"class_list":["post-9268","post","type-post","status-publish","format-quote","has-post-thumbnail","hentry","category-non-classe","post_format-post-format-quote"],"_links":{"self":[{"href":"https:\/\/etab.ac-reunion.fr\/clg-tamarins\/wp-json\/wp\/v2\/posts\/9268","targetHints":{"allow":["GET"]}}],"collection":[{"href":"https:\/\/etab.ac-reunion.fr\/clg-tamarins\/wp-json\/wp\/v2\/posts"}],"about":[{"href":"https:\/\/etab.ac-reunion.fr\/clg-tamarins\/wp-json\/wp\/v2\/types\/post"}],"author":[{"embeddable":true,"href":"https:\/\/etab.ac-reunion.fr\/clg-tamarins\/wp-json\/wp\/v2\/users\/30567"}],"replies":[{"embeddable":true,"href":"https:\/\/etab.ac-reunion.fr\/clg-tamarins\/wp-json\/wp\/v2\/comments?post=9268"}],"version-history":[{"count":4,"href":"https:\/\/etab.ac-reunion.fr\/clg-tamarins\/wp-json\/wp\/v2\/posts\/9268\/revisions"}],"predecessor-version":[{"id":9284,"href":"https:\/\/etab.ac-reunion.fr\/clg-tamarins\/wp-json\/wp\/v2\/posts\/9268\/revisions\/9284"}],"wp:featuredmedia":[{"embeddable":true,"href":"https:\/\/etab.ac-reunion.fr\/clg-tamarins\/wp-json\/wp\/v2\/media\/9254"}],"wp:attachment":[{"href":"https:\/\/etab.ac-reunion.fr\/clg-tamarins\/wp-json\/wp\/v2\/media?parent=9268"}],"wp:term":[{"taxonomy":"category","embeddable":true,"href":"https:\/\/etab.ac-reunion.fr\/clg-tamarins\/wp-json\/wp\/v2\/categories?post=9268"},{"taxonomy":"post_tag","embeddable":true,"href":"https:\/\/etab.ac-reunion.fr\/clg-tamarins\/wp-json\/wp\/v2\/tags?post=9268"}],"curies":[{"name":"wp","href":"https:\/\/api.w.org\/{rel}","templated":true}]}}