{"id":9360,"date":"2024-12-12T10:07:57","date_gmt":"2024-12-12T06:07:57","guid":{"rendered":"https:\/\/etab.ac-reunion.fr\/clg-tamarins\/?p=9360"},"modified":"2024-12-13T08:23:05","modified_gmt":"2024-12-13T04:23:05","slug":"projet-appn-2024-2025-college-les-tamarins","status":"publish","type":"post","link":"https:\/\/etab.ac-reunion.fr\/clg-tamarins\/projet-appn-2024-2025-college-les-tamarins\/","title":{"rendered":"Projet APPN 2024\/2025 &#8211; Coll\u00e8ge Les Tamarins"},"content":{"rendered":"<p>Le projet APPN vise \u00e0 faire d\u00e9couvrir l\u2019\u00eele aux \u00e9l\u00e8ves de 3eme du coll\u00e8ge Les Tamarins tout en les sensibilisant \u00e0 la nature et au respect de celle-ci mais aussi en cherchant \u00e0 cr\u00e9er un esprit solidaire entre eux.<br \/>\nLa 1\u00e8re sortie a eu lieu dans la for\u00eat de l\u2019Etang-Sal\u00e9 : les \u00e9l\u00e8ves ont r\u00e9alis\u00e9 une course d\u2019orientation et une randonn\u00e9e sportive.<\/p>\n<div style=\"width: 900px;\" class=\"wp-video\"><video class=\"wp-video-shortcode\" id=\"video-9360-1\" width=\"900\" height=\"506\" preload=\"metadata\" controls=\"controls\"><source type=\"video\/mp4\" src=\"https:\/\/etab.ac-reunion.fr\/clg-tamarins\/wp-content\/uploads\/sites\/56\/2024\/10\/elif-58375523271_garmin-health_1728384859832.mp4?_=1\" \/><a href=\"https:\/\/etab.ac-reunion.fr\/clg-tamarins\/wp-content\/uploads\/sites\/56\/2024\/10\/elif-58375523271_garmin-health_1728384859832.mp4\">https:\/\/etab.ac-reunion.fr\/clg-tamarins\/wp-content\/uploads\/sites\/56\/2024\/10\/elif-58375523271_garmin-health_1728384859832.mp4<\/a><\/video><\/div>\n<p>&nbsp;<\/p>\n<p>La 2eme sortie aura lieu le 16 d\u00e9cembre au lagon de l\u2019Ermitage : paddle et kayak.<br \/>\nEt la derni\u00e8re sortie aura lieu dans le bras de la plaine les 02 et 03 mai : randonn\u00e9e sportive.<\/p>\n","protected":false},"excerpt":{"rendered":"<p>Le projet APPN vise \u00e0 faire d\u00e9couvrir l\u2019\u00eele aux \u00e9l\u00e8ves de 3eme du coll\u00e8ge Les Tamarins tout en les sensibilisant \u00e0 la nature et au respect de celle-ci mais aussi en cherchant \u00e0 cr\u00e9er un esprit solidaire entre eux. La 1\u00e8re sortie a eu lieu dans la for\u00eat de l\u2019Etang-Sal\u00e9\u2026<\/p>\n<p class=\"continue-reading-button\"> <a class=\"continue-reading-link\" href=\"https:\/\/etab.ac-reunion.fr\/clg-tamarins\/projet-appn-2024-2025-college-les-tamarins\/\">Continuer \u00e0 lire<i class=\"crycon-right-dir\"><\/i><\/a><\/p>\n","protected":false},"author":30567,"featured_media":9417,"comment_status":"closed","ping_status":"closed","sticky":false,"template":"","format":"quote","meta":{"footnotes":""},"categories":[1],"tags":[],"class_list":["post-9360","post","type-post","status-publish","format-quote","has-post-thumbnail","hentry","category-non-classe","post_format-post-format-quote"],"_links":{"self":[{"href":"https:\/\/etab.ac-reunion.fr\/clg-tamarins\/wp-json\/wp\/v2\/posts\/9360","targetHints":{"allow":["GET"]}}],"collection":[{"href":"https:\/\/etab.ac-reunion.fr\/clg-tamarins\/wp-json\/wp\/v2\/posts"}],"about":[{"href":"https:\/\/etab.ac-reunion.fr\/clg-tamarins\/wp-json\/wp\/v2\/types\/post"}],"author":[{"embeddable":true,"href":"https:\/\/etab.ac-reunion.fr\/clg-tamarins\/wp-json\/wp\/v2\/users\/30567"}],"replies":[{"embeddable":true,"href":"https:\/\/etab.ac-reunion.fr\/clg-tamarins\/wp-json\/wp\/v2\/comments?post=9360"}],"version-history":[{"count":2,"href":"https:\/\/etab.ac-reunion.fr\/clg-tamarins\/wp-json\/wp\/v2\/posts\/9360\/revisions"}],"predecessor-version":[{"id":9363,"href":"https:\/\/etab.ac-reunion.fr\/clg-tamarins\/wp-json\/wp\/v2\/posts\/9360\/revisions\/9363"}],"wp:featuredmedia":[{"embeddable":true,"href":"https:\/\/etab.ac-reunion.fr\/clg-tamarins\/wp-json\/wp\/v2\/media\/9417"}],"wp:attachment":[{"href":"https:\/\/etab.ac-reunion.fr\/clg-tamarins\/wp-json\/wp\/v2\/media?parent=9360"}],"wp:term":[{"taxonomy":"category","embeddable":true,"href":"https:\/\/etab.ac-reunion.fr\/clg-tamarins\/wp-json\/wp\/v2\/categories?post=9360"},{"taxonomy":"post_tag","embeddable":true,"href":"https:\/\/etab.ac-reunion.fr\/clg-tamarins\/wp-json\/wp\/v2\/tags?post=9360"}],"curies":[{"name":"wp","href":"https:\/\/api.w.org\/{rel}","templated":true}]}}