{"id":9394,"date":"2024-12-12T10:06:34","date_gmt":"2024-12-12T06:06:34","guid":{"rendered":"https:\/\/etab.ac-reunion.fr\/clg-tamarins\/?p=9394"},"modified":"2024-12-12T10:06:34","modified_gmt":"2024-12-12T06:06:34","slug":"preparation-de-la-ceremonie-du-11-novembre-college-les-tamarins","status":"publish","type":"post","link":"https:\/\/etab.ac-reunion.fr\/clg-tamarins\/preparation-de-la-ceremonie-du-11-novembre-college-les-tamarins\/","title":{"rendered":"Pr\u00e9paration de la c\u00e9r\u00e9monie du 11 novembre &#8211; Coll\u00e8ge Les Tamarins"},"content":{"rendered":"<p>Un grand merci \ud83d\ude4f \u00e0 notre cher Michel Barjolin, pour son intervention au coll\u00e8ge afin de pr\u00e9parer la c\u00e9r\u00e9monie du 11 novembre \ud83c\uddeb\ud83c\uddf7<br \/>\nIl a rappel\u00e9 aux \u00e9l\u00e8ves ce qu\u2019est le devoir de m\u00e9moire, l\u2019amour de la France, le sens l\u2019engagement. Des \u00e9l\u00e8ves tr\u00e8s attentifs et curieux. #comm\u00e9moration#<\/p>\n<p><img loading=\"lazy\" decoding=\"async\" class=\"size-full wp-image-9395 aligncenter\" src=\"https:\/\/etab.ac-reunion.fr\/clg-tamarins\/wp-content\/uploads\/sites\/56\/2024\/11\/IMG_9661.jpg\" alt=\"\" width=\"478\" height=\"356\" srcset=\"https:\/\/etab.ac-reunion.fr\/clg-tamarins\/wp-content\/uploads\/sites\/56\/2024\/11\/IMG_9661.jpg 478w, https:\/\/etab.ac-reunion.fr\/clg-tamarins\/wp-content\/uploads\/sites\/56\/2024\/11\/IMG_9661-300x223.jpg 300w, https:\/\/etab.ac-reunion.fr\/clg-tamarins\/wp-content\/uploads\/sites\/56\/2024\/11\/IMG_9661-150x112.jpg 150w\" sizes=\"auto, (max-width: 478px) 100vw, 478px\" \/><\/p>\n","protected":false},"excerpt":{"rendered":"<p>Un grand merci \ud83d\ude4f \u00e0 notre cher Michel Barjolin, pour son intervention au coll\u00e8ge afin de pr\u00e9parer la c\u00e9r\u00e9monie du 11 novembre \ud83c\uddeb\ud83c\uddf7 Il a rappel\u00e9 aux \u00e9l\u00e8ves ce qu\u2019est le devoir de m\u00e9moire, l\u2019amour de la France, le sens l\u2019engagement. Des \u00e9l\u00e8ves tr\u00e8s attentifs et curieux. #comm\u00e9moration#<\/p>\n<p class=\"continue-reading-button\"> <a class=\"continue-reading-link\" href=\"https:\/\/etab.ac-reunion.fr\/clg-tamarins\/preparation-de-la-ceremonie-du-11-novembre-college-les-tamarins\/\">Continuer \u00e0 lire<i class=\"crycon-right-dir\"><\/i><\/a><\/p>\n","protected":false},"author":30567,"featured_media":9395,"comment_status":"closed","ping_status":"closed","sticky":false,"template":"","format":"quote","meta":{"footnotes":""},"categories":[298,1],"tags":[],"class_list":["post-9394","post","type-post","status-publish","format-quote","has-post-thumbnail","hentry","category-classe-defense","category-non-classe","post_format-post-format-quote"],"_links":{"self":[{"href":"https:\/\/etab.ac-reunion.fr\/clg-tamarins\/wp-json\/wp\/v2\/posts\/9394","targetHints":{"allow":["GET"]}}],"collection":[{"href":"https:\/\/etab.ac-reunion.fr\/clg-tamarins\/wp-json\/wp\/v2\/posts"}],"about":[{"href":"https:\/\/etab.ac-reunion.fr\/clg-tamarins\/wp-json\/wp\/v2\/types\/post"}],"author":[{"embeddable":true,"href":"https:\/\/etab.ac-reunion.fr\/clg-tamarins\/wp-json\/wp\/v2\/users\/30567"}],"replies":[{"embeddable":true,"href":"https:\/\/etab.ac-reunion.fr\/clg-tamarins\/wp-json\/wp\/v2\/comments?post=9394"}],"version-history":[{"count":1,"href":"https:\/\/etab.ac-reunion.fr\/clg-tamarins\/wp-json\/wp\/v2\/posts\/9394\/revisions"}],"predecessor-version":[{"id":9396,"href":"https:\/\/etab.ac-reunion.fr\/clg-tamarins\/wp-json\/wp\/v2\/posts\/9394\/revisions\/9396"}],"wp:featuredmedia":[{"embeddable":true,"href":"https:\/\/etab.ac-reunion.fr\/clg-tamarins\/wp-json\/wp\/v2\/media\/9395"}],"wp:attachment":[{"href":"https:\/\/etab.ac-reunion.fr\/clg-tamarins\/wp-json\/wp\/v2\/media?parent=9394"}],"wp:term":[{"taxonomy":"category","embeddable":true,"href":"https:\/\/etab.ac-reunion.fr\/clg-tamarins\/wp-json\/wp\/v2\/categories?post=9394"},{"taxonomy":"post_tag","embeddable":true,"href":"https:\/\/etab.ac-reunion.fr\/clg-tamarins\/wp-json\/wp\/v2\/tags?post=9394"}],"curies":[{"name":"wp","href":"https:\/\/api.w.org\/{rel}","templated":true}]}}