{"id":9418,"date":"2024-12-18T11:19:57","date_gmt":"2024-12-18T07:19:57","guid":{"rendered":"https:\/\/etab.ac-reunion.fr\/clg-tamarins\/?p=9418"},"modified":"2025-01-21T10:10:49","modified_gmt":"2025-01-21T06:10:49","slug":"lutte-contre-le-harcelement-scolaire-au-college","status":"publish","type":"post","link":"https:\/\/etab.ac-reunion.fr\/clg-tamarins\/lutte-contre-le-harcelement-scolaire-au-college\/","title":{"rendered":"Lutte contre le harc\u00e8lement scolaire au coll\u00e8ge"},"content":{"rendered":"<p>Dans le cadre du programme pHARe, notre coll\u00e8ge est engag\u00e9 dans la pr\u00e9vention de la lutte contre le harc\u00e8lement scolaire depuis deux ans maintenant.<\/p>\n<p>\u00c0 l\u2019occasion de la journ\u00e9e nationale qui a eu lieu le 07 novembre 2024, une restitution de travaux d\u2019\u00e9l\u00e8ves a \u00e9t\u00e9 pr\u00e9sent\u00e9e sur 2 jours \u00e0 toutes les classes. Cette action a \u00e9t\u00e9 port\u00e9e par une \u00e9quipe de personnels compos\u00e9e de\u00a0:<\/p>\n<p>&#8211;\u00a0 M\u00e9lodie Martineau &#8211; CPE, pour l\u2019atelier Impro,<\/p>\n<p>&#8211; Dana Dupin &#8211; assistante sociale, r\u00e9f\u00e9rente du programme pHARe,<\/p>\n<p>&#8211; Sylvie F\u00e9lix \u2013 professeure documentaliste, pour l\u2019atelier MAO (Musique Assist\u00e9e par ordinateur).<\/p>\n<p>Nous avons donc pr\u00e9sent\u00e9\u00a0 un clip tourn\u00e9 en atelier MAO et r\u00e9alis\u00e9 par des \u00e9l\u00e8ves de 3<sup>\u00e8me<\/sup> (lien de la vid\u00e9o: <a href=\"https:\/\/tube-action-educative.apps.education.fr\/w\/4uwwknvq4LoDrSMehM92nC\">https:\/\/tube-action-educative.apps.education.fr\/w\/4uwwknvq4LoDrSMehM92nC<\/a>) et une vid\u00e9o de l\u2019atelier Impro r\u00e9alis\u00e9 par des \u00e9l\u00e8ves de 5<sup>\u00e8me<\/sup>.<\/p>\n<p>Ces projections ont \u00e9t\u00e9 enrichies par\u00a0 des \u00e9changes entre \u00e9l\u00e8ves mais aussi avec les artistes \u00e0 l\u2019origine du clip &#8211; le groupe Savage Mirror, intervenants en r\u00e9sidence artistique dans notre \u00e9tablissement.<\/p>\n<p>Dans le m\u00eame temps, des ouvrages sur ce th\u00e8me ont \u00e9t\u00e9 pr\u00e9sent\u00e9s au CDI pendant la semaine et une exposition de travaux d\u2019\u00e9l\u00e8ves effectu\u00e9s en cours d\u2019arts-plastiques \u00e9tait visible \u00e0 l\u2019administration et en salle polyvalente.<\/p>\n<p>&nbsp;<\/p>\n<p style=\"text-align: right\">Sylvie FELIX<\/p>\n<p style=\"text-align: right\">Professeure-documentaliste<\/p>\n<p style=\"text-align: right\">R\u00e9f\u00e9rente culture du coll\u00e8ge<\/p>\n","protected":false},"excerpt":{"rendered":"<p>Dans le cadre du programme pHARe, notre coll\u00e8ge est engag\u00e9 dans la pr\u00e9vention de la lutte contre le harc\u00e8lement scolaire depuis deux ans maintenant. \u00c0 l\u2019occasion de la journ\u00e9e nationale qui a eu lieu le 07 novembre 2024, une restitution de travaux d\u2019\u00e9l\u00e8ves a \u00e9t\u00e9 pr\u00e9sent\u00e9e sur 2 jours \u00e0\u2026<\/p>\n<p class=\"continue-reading-button\"> <a class=\"continue-reading-link\" href=\"https:\/\/etab.ac-reunion.fr\/clg-tamarins\/lutte-contre-le-harcelement-scolaire-au-college\/\">Continuer \u00e0 lire<i class=\"crycon-right-dir\"><\/i><\/a><\/p>\n","protected":false},"author":30567,"featured_media":9468,"comment_status":"closed","ping_status":"closed","sticky":false,"template":"","format":"quote","meta":{"footnotes":""},"categories":[1],"tags":[],"class_list":["post-9418","post","type-post","status-publish","format-quote","has-post-thumbnail","hentry","category-non-classe","post_format-post-format-quote"],"_links":{"self":[{"href":"https:\/\/etab.ac-reunion.fr\/clg-tamarins\/wp-json\/wp\/v2\/posts\/9418","targetHints":{"allow":["GET"]}}],"collection":[{"href":"https:\/\/etab.ac-reunion.fr\/clg-tamarins\/wp-json\/wp\/v2\/posts"}],"about":[{"href":"https:\/\/etab.ac-reunion.fr\/clg-tamarins\/wp-json\/wp\/v2\/types\/post"}],"author":[{"embeddable":true,"href":"https:\/\/etab.ac-reunion.fr\/clg-tamarins\/wp-json\/wp\/v2\/users\/30567"}],"replies":[{"embeddable":true,"href":"https:\/\/etab.ac-reunion.fr\/clg-tamarins\/wp-json\/wp\/v2\/comments?post=9418"}],"version-history":[{"count":5,"href":"https:\/\/etab.ac-reunion.fr\/clg-tamarins\/wp-json\/wp\/v2\/posts\/9418\/revisions"}],"predecessor-version":[{"id":9425,"href":"https:\/\/etab.ac-reunion.fr\/clg-tamarins\/wp-json\/wp\/v2\/posts\/9418\/revisions\/9425"}],"wp:featuredmedia":[{"embeddable":true,"href":"https:\/\/etab.ac-reunion.fr\/clg-tamarins\/wp-json\/wp\/v2\/media\/9468"}],"wp:attachment":[{"href":"https:\/\/etab.ac-reunion.fr\/clg-tamarins\/wp-json\/wp\/v2\/media?parent=9418"}],"wp:term":[{"taxonomy":"category","embeddable":true,"href":"https:\/\/etab.ac-reunion.fr\/clg-tamarins\/wp-json\/wp\/v2\/categories?post=9418"},{"taxonomy":"post_tag","embeddable":true,"href":"https:\/\/etab.ac-reunion.fr\/clg-tamarins\/wp-json\/wp\/v2\/tags?post=9418"}],"curies":[{"name":"wp","href":"https:\/\/api.w.org\/{rel}","templated":true}]}}