{"id":9509,"date":"2025-04-17T14:31:02","date_gmt":"2025-04-17T10:31:02","guid":{"rendered":"https:\/\/etab.ac-reunion.fr\/clg-tamarins\/?p=9509"},"modified":"2025-04-17T14:38:52","modified_gmt":"2025-04-17T10:38:52","slug":"9eme-rallye-citoyen-le-15-avril-2025-%f0%9f%87%ab%f0%9f%87%b7-au-2eme-rpima-caserne-dupuis-sous-un-ciel-bleu","status":"publish","type":"post","link":"https:\/\/etab.ac-reunion.fr\/clg-tamarins\/9eme-rallye-citoyen-le-15-avril-2025-%f0%9f%87%ab%f0%9f%87%b7-au-2eme-rpima-caserne-dupuis-sous-un-ciel-bleu\/","title":{"rendered":"9\u00e8me Rallye citoyen le 15 avril 2025 \ud83c\uddeb\ud83c\uddf7 au 2\u00e8me RPIMa Caserne Dupuis sous un ciel bleu\u2026"},"content":{"rendered":"<div>\n<div class=\"mimetype-multipart-alternative\">\n<table>\n<tbody>\n<tr>\n<td>\n<div class=\"moz-forward-container\">\n<div dir=\"auto\">10 \u00e9l\u00e8ves volontaires de la Classe D\u00e9fense (2 \u00e9quipes filles\/gar\u00e7ons) se sont investis et ont donn\u00e9 le meilleur d\u2019eux. Tr\u00e8s bel esprit d\u2019\u00e9quipe et tr\u00e8s bonne coh\u00e9sion de groupe !!<br \/>\nOn termine \u00e0 la 2nde place \ud83e\udd48 vous pouvez \u00eatre fier de vous ! Le vert nous a port\u00e9 chance !<br \/>\nF\u00e9licitations \u00e0 vous pour votre engagement ! Et votre envie de \u2026 gagner.\ud83c\udfc6<br \/>\nMerci au 2e RPIMa et \u00e0 tous les partenaires qui ont permis cela ! Une mention sp\u00e9ciale pour le CSNJ pour notre belle casquette.<\/div>\n<\/div>\n<\/td>\n<\/tr>\n<\/tbody>\n<\/table>\n<div class=\"su-image-carousel  su-image-carousel-has-spacing su-image-carousel-crop su-image-carousel-crop-16-10 su-image-carousel-has-outline su-image-carousel-adaptive su-image-carousel-slides-style-photo su-image-carousel-controls-style-light su-image-carousel-align-center\" style=\"\" data-flickity-options='{\"groupCells\":true,\"cellSelector\":\".su-image-carousel-item\",\"adaptiveHeight\":false,\"cellAlign\":\"left\",\"prevNextButtons\":true,\"pageDots\":true,\"autoPlay\":5000,\"imagesLoaded\":true,\"contain\":true,\"selectedAttraction\":0.025,\"friction\":0.28}' id=\"su_image_carousel_69f1d5f77422b\"><div class=\"su-image-carousel-item\"><div class=\"su-image-carousel-item-content\"><a href=\"https:\/\/etab.ac-reunion.fr\/clg-tamarins\/wp-content\/uploads\/sites\/56\/2025\/04\/IMG_0509-scaled.jpeg\" target=\"_blank\" rel=\"noopener noreferrer\" data-caption=\"\"><img loading=\"lazy\" decoding=\"async\" width=\"2560\" height=\"1920\" src=\"https:\/\/etab.ac-reunion.fr\/clg-tamarins\/wp-content\/uploads\/sites\/56\/2025\/04\/IMG_0509-scaled.jpeg\" class=\"\" alt=\"\" srcset=\"https:\/\/etab.ac-reunion.fr\/clg-tamarins\/wp-content\/uploads\/sites\/56\/2025\/04\/IMG_0509-scaled.jpeg 2560w, https:\/\/etab.ac-reunion.fr\/clg-tamarins\/wp-content\/uploads\/sites\/56\/2025\/04\/IMG_0509-300x225.jpeg 300w, https:\/\/etab.ac-reunion.fr\/clg-tamarins\/wp-content\/uploads\/sites\/56\/2025\/04\/IMG_0509-1024x768.jpeg 1024w, https:\/\/etab.ac-reunion.fr\/clg-tamarins\/wp-content\/uploads\/sites\/56\/2025\/04\/IMG_0509-768x576.jpeg 768w, https:\/\/etab.ac-reunion.fr\/clg-tamarins\/wp-content\/uploads\/sites\/56\/2025\/04\/IMG_0509-1536x1152.jpeg 1536w, https:\/\/etab.ac-reunion.fr\/clg-tamarins\/wp-content\/uploads\/sites\/56\/2025\/04\/IMG_0509-2048x1536.jpeg 2048w, https:\/\/etab.ac-reunion.fr\/clg-tamarins\/wp-content\/uploads\/sites\/56\/2025\/04\/IMG_0509-150x113.jpeg 150w\" sizes=\"auto, (max-width: 2560px) 100vw, 2560px\" \/><\/a><\/div><\/div><div class=\"su-image-carousel-item\"><div class=\"su-image-carousel-item-content\"><a href=\"https:\/\/etab.ac-reunion.fr\/clg-tamarins\/wp-content\/uploads\/sites\/56\/2025\/04\/IMG_0405-scaled.jpeg\" target=\"_blank\" rel=\"noopener noreferrer\" data-caption=\"\"><img loading=\"lazy\" decoding=\"async\" width=\"1920\" height=\"2560\" src=\"https:\/\/etab.ac-reunion.fr\/clg-tamarins\/wp-content\/uploads\/sites\/56\/2025\/04\/IMG_0405-scaled.jpeg\" class=\"\" alt=\"\" srcset=\"https:\/\/etab.ac-reunion.fr\/clg-tamarins\/wp-content\/uploads\/sites\/56\/2025\/04\/IMG_0405-scaled.jpeg 1920w, https:\/\/etab.ac-reunion.fr\/clg-tamarins\/wp-content\/uploads\/sites\/56\/2025\/04\/IMG_0405-225x300.jpeg 225w, https:\/\/etab.ac-reunion.fr\/clg-tamarins\/wp-content\/uploads\/sites\/56\/2025\/04\/IMG_0405-768x1024.jpeg 768w, https:\/\/etab.ac-reunion.fr\/clg-tamarins\/wp-content\/uploads\/sites\/56\/2025\/04\/IMG_0405-1152x1536.jpeg 1152w, https:\/\/etab.ac-reunion.fr\/clg-tamarins\/wp-content\/uploads\/sites\/56\/2025\/04\/IMG_0405-1536x2048.jpeg 1536w, https:\/\/etab.ac-reunion.fr\/clg-tamarins\/wp-content\/uploads\/sites\/56\/2025\/04\/IMG_0405-113x150.jpeg 113w\" sizes=\"auto, (max-width: 1920px) 100vw, 1920px\" \/><\/a><\/div><\/div><div class=\"su-image-carousel-item\"><div class=\"su-image-carousel-item-content\"><a href=\"https:\/\/etab.ac-reunion.fr\/clg-tamarins\/wp-content\/uploads\/sites\/56\/2025\/04\/IMG_0401-scaled.jpeg\" target=\"_blank\" rel=\"noopener noreferrer\" data-caption=\"\"><img loading=\"lazy\" decoding=\"async\" width=\"1920\" height=\"2560\" src=\"https:\/\/etab.ac-reunion.fr\/clg-tamarins\/wp-content\/uploads\/sites\/56\/2025\/04\/IMG_0401-scaled.jpeg\" class=\"\" alt=\"\" srcset=\"https:\/\/etab.ac-reunion.fr\/clg-tamarins\/wp-content\/uploads\/sites\/56\/2025\/04\/IMG_0401-scaled.jpeg 1920w, https:\/\/etab.ac-reunion.fr\/clg-tamarins\/wp-content\/uploads\/sites\/56\/2025\/04\/IMG_0401-225x300.jpeg 225w, https:\/\/etab.ac-reunion.fr\/clg-tamarins\/wp-content\/uploads\/sites\/56\/2025\/04\/IMG_0401-768x1024.jpeg 768w, https:\/\/etab.ac-reunion.fr\/clg-tamarins\/wp-content\/uploads\/sites\/56\/2025\/04\/IMG_0401-1152x1536.jpeg 1152w, https:\/\/etab.ac-reunion.fr\/clg-tamarins\/wp-content\/uploads\/sites\/56\/2025\/04\/IMG_0401-1536x2048.jpeg 1536w, https:\/\/etab.ac-reunion.fr\/clg-tamarins\/wp-content\/uploads\/sites\/56\/2025\/04\/IMG_0401-113x150.jpeg 113w\" sizes=\"auto, (max-width: 1920px) 100vw, 1920px\" \/><\/a><\/div><\/div><div class=\"su-image-carousel-item\"><div class=\"su-image-carousel-item-content\"><a href=\"https:\/\/etab.ac-reunion.fr\/clg-tamarins\/wp-content\/uploads\/sites\/56\/2025\/04\/IMG_0394-scaled.jpeg\" target=\"_blank\" rel=\"noopener noreferrer\" data-caption=\"\"><img loading=\"lazy\" decoding=\"async\" width=\"2560\" height=\"1920\" src=\"https:\/\/etab.ac-reunion.fr\/clg-tamarins\/wp-content\/uploads\/sites\/56\/2025\/04\/IMG_0394-scaled.jpeg\" class=\"\" alt=\"\" srcset=\"https:\/\/etab.ac-reunion.fr\/clg-tamarins\/wp-content\/uploads\/sites\/56\/2025\/04\/IMG_0394-scaled.jpeg 2560w, https:\/\/etab.ac-reunion.fr\/clg-tamarins\/wp-content\/uploads\/sites\/56\/2025\/04\/IMG_0394-300x225.jpeg 300w, https:\/\/etab.ac-reunion.fr\/clg-tamarins\/wp-content\/uploads\/sites\/56\/2025\/04\/IMG_0394-1024x768.jpeg 1024w, https:\/\/etab.ac-reunion.fr\/clg-tamarins\/wp-content\/uploads\/sites\/56\/2025\/04\/IMG_0394-768x576.jpeg 768w, https:\/\/etab.ac-reunion.fr\/clg-tamarins\/wp-content\/uploads\/sites\/56\/2025\/04\/IMG_0394-1536x1152.jpeg 1536w, https:\/\/etab.ac-reunion.fr\/clg-tamarins\/wp-content\/uploads\/sites\/56\/2025\/04\/IMG_0394-2048x1536.jpeg 2048w, https:\/\/etab.ac-reunion.fr\/clg-tamarins\/wp-content\/uploads\/sites\/56\/2025\/04\/IMG_0394-150x113.jpeg 150w\" sizes=\"auto, (max-width: 2560px) 100vw, 2560px\" \/><\/a><\/div><\/div><\/div><script id=\"su_image_carousel_69f1d5f77422b_script\">if(window.SUImageCarousel){setTimeout(function() {window.SUImageCarousel.initGallery(document.getElementById(\"su_image_carousel_69f1d5f77422b\"))}, 0);}var su_image_carousel_69f1d5f77422b_script=document.getElementById(\"su_image_carousel_69f1d5f77422b_script\");if(su_image_carousel_69f1d5f77422b_script){su_image_carousel_69f1d5f77422b_script.parentNode.removeChild(su_image_carousel_69f1d5f77422b_script);}<\/script>\n<\/div>\n<p>&nbsp;<\/p>\n<\/div>\n<div class=\"MailMessagePane-inlineContainer\"><\/div>\n","protected":false},"excerpt":{"rendered":"<p>10 \u00e9l\u00e8ves volontaires de la Classe D\u00e9fense (2 \u00e9quipes filles\/gar\u00e7ons) se sont investis et ont donn\u00e9 le meilleur d\u2019eux. Tr\u00e8s bel esprit d\u2019\u00e9quipe et tr\u00e8s bonne coh\u00e9sion de groupe !! On termine \u00e0 la 2nde place \ud83e\udd48 vous pouvez \u00eatre fier de vous ! Le vert nous a port\u00e9 chance\u2026<\/p>\n<p class=\"continue-reading-button\"> <a class=\"continue-reading-link\" href=\"https:\/\/etab.ac-reunion.fr\/clg-tamarins\/9eme-rallye-citoyen-le-15-avril-2025-%f0%9f%87%ab%f0%9f%87%b7-au-2eme-rpima-caserne-dupuis-sous-un-ciel-bleu\/\">Continuer \u00e0 lire<i class=\"crycon-right-dir\"><\/i><\/a><\/p>\n","protected":false},"author":30567,"featured_media":9511,"comment_status":"closed","ping_status":"closed","sticky":false,"template":"","format":"quote","meta":{"footnotes":""},"categories":[298,1],"tags":[],"class_list":["post-9509","post","type-post","status-publish","format-quote","has-post-thumbnail","hentry","category-classe-defense","category-non-classe","post_format-post-format-quote"],"_links":{"self":[{"href":"https:\/\/etab.ac-reunion.fr\/clg-tamarins\/wp-json\/wp\/v2\/posts\/9509","targetHints":{"allow":["GET"]}}],"collection":[{"href":"https:\/\/etab.ac-reunion.fr\/clg-tamarins\/wp-json\/wp\/v2\/posts"}],"about":[{"href":"https:\/\/etab.ac-reunion.fr\/clg-tamarins\/wp-json\/wp\/v2\/types\/post"}],"author":[{"embeddable":true,"href":"https:\/\/etab.ac-reunion.fr\/clg-tamarins\/wp-json\/wp\/v2\/users\/30567"}],"replies":[{"embeddable":true,"href":"https:\/\/etab.ac-reunion.fr\/clg-tamarins\/wp-json\/wp\/v2\/comments?post=9509"}],"version-history":[{"count":3,"href":"https:\/\/etab.ac-reunion.fr\/clg-tamarins\/wp-json\/wp\/v2\/posts\/9509\/revisions"}],"predecessor-version":[{"id":9517,"href":"https:\/\/etab.ac-reunion.fr\/clg-tamarins\/wp-json\/wp\/v2\/posts\/9509\/revisions\/9517"}],"wp:featuredmedia":[{"embeddable":true,"href":"https:\/\/etab.ac-reunion.fr\/clg-tamarins\/wp-json\/wp\/v2\/media\/9511"}],"wp:attachment":[{"href":"https:\/\/etab.ac-reunion.fr\/clg-tamarins\/wp-json\/wp\/v2\/media?parent=9509"}],"wp:term":[{"taxonomy":"category","embeddable":true,"href":"https:\/\/etab.ac-reunion.fr\/clg-tamarins\/wp-json\/wp\/v2\/categories?post=9509"},{"taxonomy":"post_tag","embeddable":true,"href":"https:\/\/etab.ac-reunion.fr\/clg-tamarins\/wp-json\/wp\/v2\/tags?post=9509"}],"curies":[{"name":"wp","href":"https:\/\/api.w.org\/{rel}","templated":true}]}}