{"id":9519,"date":"2025-04-24T14:45:30","date_gmt":"2025-04-24T10:45:30","guid":{"rendered":"https:\/\/etab.ac-reunion.fr\/clg-tamarins\/?p=9519"},"modified":"2025-04-24T14:46:01","modified_gmt":"2025-04-24T10:46:01","slug":"resultats-et-bilan-des-championnats-de-france-%f0%9f%87%ab%f0%9f%87%b7-unss-de-judo","status":"publish","type":"post","link":"https:\/\/etab.ac-reunion.fr\/clg-tamarins\/resultats-et-bilan-des-championnats-de-france-%f0%9f%87%ab%f0%9f%87%b7-unss-de-judo\/","title":{"rendered":"R\u00e9sultats et bilan des championnats de France \ud83c\uddeb\ud83c\uddf7 UNSS de judo"},"content":{"rendered":"<p>R\u00e9sultats et bilan des championnats de France \ud83c\uddeb\ud83c\uddf7 UNSS de judo \ud83e\udd4b qui se sont d\u00e9roul\u00e9s \u00e0 la Roche \ud83e\udea8 sur Yon :<\/p>\n<p>\ud83e\udd47Shivana et Inaya obtiennent le titre de championnes de France \ud83c\uddeb\ud83c\uddf7 UNSS de Kata apr\u00e8s un parcours sans faute \ud83d\udc4c\ud83c\udf88\ud83c\udf89 : 3 victoires en poule, puis 4 victoires en tableau ! Chapeau \ud83c\udfa9 les filles \ud83d\udc67\u2026c\u2019est amplement m\u00e9rit\u00e9 !<\/p>\n<p>\ud83e\udd4b En combat, le coll\u00e8ge Les Tamarins se classe 18\u00e8me sur 34 coll\u00e8ges engag\u00e9s : Amandine &#8211; JC SUD R\u00e9union (2D) prend la 3\u00e8me place en -36kg, Jahel se classe 5\u00e8me en -48kg (2V et 3D), Lina &#8211; JC SUD R\u00e9union (3V et 2D) se classe 7\u00e8me en -57kg et Kenjy se classe 4\u00e8me en -46kg (2V et 3D) ! Tous nos combattants sont class\u00e9s dans leur cat\u00e9gorie respective ! Bravo \ud83c\udf88\ud83c\udf8a\ud83c\udf89 pour cette performance !<\/p>\n<p>\ud83e\uddd1\u200d\u2696\ufe0f Basile obtient quant \u00e0 lui le titre d\u2019arbitre national UNSS, qui sera \u00e9quivalent au titre de F1 au niveau f\u00e9d\u00e9ral !<\/p>\n<p>\ud83d\uddd2\ufe0f Enfin, c\u2019\u00e9tait la 3\u00e8me ann\u00e9e cons\u00e9cutive que le coll\u00e8ge participait \u00e0 ces championnats\u2026(15\u00e8me en 2023, 10\u00e8me en 2024 et 18\u00e8me en 2025) une belle r\u00e9gularit\u00e9 qui t\u00e9moigne d\u2019un investissement et d\u2019un travail pouss\u00e9s depuis quelques ann\u00e9es maintenant des \u00e9l\u00e8ves de la section \ud83d\udd1d! C\u2019est aussi la fin d\u2019une g\u00e9n\u00e9ration exceptionnelle qui s\u2019envolera dans quelques mois vers d\u2019autres horizons\u2026et qui j\u2019esp\u00e8re inspirera les plus jeunes de par leur parcours, leurs r\u00e9sultats et leur r\u00e9silience !<\/p>\n<p>Pour conclure, je voudrai dire un grand merci \ud83e\udd29 \u00e0 tous ceux qui soutiennent et encouragent nos \u00e9l\u00e8ves de pr\u00e8s ou de loin et aux familles qui nous font confiance !<\/p>\n<p><img loading=\"lazy\" decoding=\"async\" class=\"alignnone size-full wp-image-9520\" src=\"https:\/\/etab.ac-reunion.fr\/clg-tamarins\/wp-content\/uploads\/sites\/56\/2025\/04\/image3-scaled.jpeg\" alt=\"\" width=\"2560\" height=\"1920\" srcset=\"https:\/\/etab.ac-reunion.fr\/clg-tamarins\/wp-content\/uploads\/sites\/56\/2025\/04\/image3-scaled.jpeg 2560w, https:\/\/etab.ac-reunion.fr\/clg-tamarins\/wp-content\/uploads\/sites\/56\/2025\/04\/image3-300x225.jpeg 300w, https:\/\/etab.ac-reunion.fr\/clg-tamarins\/wp-content\/uploads\/sites\/56\/2025\/04\/image3-1024x768.jpeg 1024w, https:\/\/etab.ac-reunion.fr\/clg-tamarins\/wp-content\/uploads\/sites\/56\/2025\/04\/image3-768x576.jpeg 768w, https:\/\/etab.ac-reunion.fr\/clg-tamarins\/wp-content\/uploads\/sites\/56\/2025\/04\/image3-1536x1152.jpeg 1536w, https:\/\/etab.ac-reunion.fr\/clg-tamarins\/wp-content\/uploads\/sites\/56\/2025\/04\/image3-2048x1536.jpeg 2048w, https:\/\/etab.ac-reunion.fr\/clg-tamarins\/wp-content\/uploads\/sites\/56\/2025\/04\/image3-150x113.jpeg 150w\" sizes=\"auto, (max-width: 2560px) 100vw, 2560px\" \/><img loading=\"lazy\" decoding=\"async\" class=\"alignnone size-full wp-image-9522\" src=\"https:\/\/etab.ac-reunion.fr\/clg-tamarins\/wp-content\/uploads\/sites\/56\/2025\/04\/CF-UNSS-2025-scaled.jpg\" alt=\"\" width=\"2560\" height=\"2048\" srcset=\"https:\/\/etab.ac-reunion.fr\/clg-tamarins\/wp-content\/uploads\/sites\/56\/2025\/04\/CF-UNSS-2025-scaled.jpg 2560w, https:\/\/etab.ac-reunion.fr\/clg-tamarins\/wp-content\/uploads\/sites\/56\/2025\/04\/CF-UNSS-2025-300x240.jpg 300w, https:\/\/etab.ac-reunion.fr\/clg-tamarins\/wp-content\/uploads\/sites\/56\/2025\/04\/CF-UNSS-2025-1024x819.jpg 1024w, https:\/\/etab.ac-reunion.fr\/clg-tamarins\/wp-content\/uploads\/sites\/56\/2025\/04\/CF-UNSS-2025-768x614.jpg 768w, https:\/\/etab.ac-reunion.fr\/clg-tamarins\/wp-content\/uploads\/sites\/56\/2025\/04\/CF-UNSS-2025-1536x1229.jpg 1536w, https:\/\/etab.ac-reunion.fr\/clg-tamarins\/wp-content\/uploads\/sites\/56\/2025\/04\/CF-UNSS-2025-2048x1638.jpg 2048w, https:\/\/etab.ac-reunion.fr\/clg-tamarins\/wp-content\/uploads\/sites\/56\/2025\/04\/CF-UNSS-2025-150x120.jpg 150w\" sizes=\"auto, (max-width: 2560px) 100vw, 2560px\" \/><\/p>\n","protected":false},"excerpt":{"rendered":"<p>R\u00e9sultats et bilan des championnats de France \ud83c\uddeb\ud83c\uddf7 UNSS de judo \ud83e\udd4b qui se sont d\u00e9roul\u00e9s \u00e0 la Roche \ud83e\udea8 sur Yon : \ud83e\udd47Shivana et Inaya obtiennent le titre de championnes de France \ud83c\uddeb\ud83c\uddf7 UNSS de Kata apr\u00e8s un parcours sans faute \ud83d\udc4c\ud83c\udf88\ud83c\udf89 : 3 victoires en poule, puis 4\u2026<\/p>\n<p class=\"continue-reading-button\"> <a class=\"continue-reading-link\" href=\"https:\/\/etab.ac-reunion.fr\/clg-tamarins\/resultats-et-bilan-des-championnats-de-france-%f0%9f%87%ab%f0%9f%87%b7-unss-de-judo\/\">Continuer \u00e0 lire<i class=\"crycon-right-dir\"><\/i><\/a><\/p>\n","protected":false},"author":30567,"featured_media":9520,"comment_status":"closed","ping_status":"closed","sticky":false,"template":"","format":"quote","meta":{"footnotes":""},"categories":[10,1],"tags":[],"class_list":["post-9519","post","type-post","status-publish","format-quote","has-post-thumbnail","hentry","category-optionjudo","category-non-classe","post_format-post-format-quote"],"_links":{"self":[{"href":"https:\/\/etab.ac-reunion.fr\/clg-tamarins\/wp-json\/wp\/v2\/posts\/9519","targetHints":{"allow":["GET"]}}],"collection":[{"href":"https:\/\/etab.ac-reunion.fr\/clg-tamarins\/wp-json\/wp\/v2\/posts"}],"about":[{"href":"https:\/\/etab.ac-reunion.fr\/clg-tamarins\/wp-json\/wp\/v2\/types\/post"}],"author":[{"embeddable":true,"href":"https:\/\/etab.ac-reunion.fr\/clg-tamarins\/wp-json\/wp\/v2\/users\/30567"}],"replies":[{"embeddable":true,"href":"https:\/\/etab.ac-reunion.fr\/clg-tamarins\/wp-json\/wp\/v2\/comments?post=9519"}],"version-history":[{"count":4,"href":"https:\/\/etab.ac-reunion.fr\/clg-tamarins\/wp-json\/wp\/v2\/posts\/9519\/revisions"}],"predecessor-version":[{"id":9526,"href":"https:\/\/etab.ac-reunion.fr\/clg-tamarins\/wp-json\/wp\/v2\/posts\/9519\/revisions\/9526"}],"wp:featuredmedia":[{"embeddable":true,"href":"https:\/\/etab.ac-reunion.fr\/clg-tamarins\/wp-json\/wp\/v2\/media\/9520"}],"wp:attachment":[{"href":"https:\/\/etab.ac-reunion.fr\/clg-tamarins\/wp-json\/wp\/v2\/media?parent=9519"}],"wp:term":[{"taxonomy":"category","embeddable":true,"href":"https:\/\/etab.ac-reunion.fr\/clg-tamarins\/wp-json\/wp\/v2\/categories?post=9519"},{"taxonomy":"post_tag","embeddable":true,"href":"https:\/\/etab.ac-reunion.fr\/clg-tamarins\/wp-json\/wp\/v2\/tags?post=9519"}],"curies":[{"name":"wp","href":"https:\/\/api.w.org\/{rel}","templated":true}]}}