{"id":9559,"date":"2025-06-26T16:07:56","date_gmt":"2025-06-26T12:07:56","guid":{"rendered":"https:\/\/etab.ac-reunion.fr\/clg-tamarins\/?p=9559"},"modified":"2025-06-27T09:02:39","modified_gmt":"2025-06-27T05:02:39","slug":"a-la-rencontre-des-especes-marines-de-lile-6eme-safran","status":"publish","type":"post","link":"https:\/\/etab.ac-reunion.fr\/clg-tamarins\/a-la-rencontre-des-especes-marines-de-lile-6eme-safran\/","title":{"rendered":"\u00c0 la rencontre des esp\u00e8ces marines de l&rsquo;\u00eele &#8211; 6\u00e8me Safran"},"content":{"rendered":"<div>\n<div class=\"mimetype-multipart-alternative\">\n<div>\n<div class=\"mimetype-multipart-alternative\">\n<div>Encadr\u00e9s par nos professeurs Mmes MAILLOT et KELLAOU, M. DALZON ainsi que Mme AUNG, AESH, nous avons pu profiter d&rsquo;une journ\u00e9e r\u00e9cr\u00e9ative \u00e0 la rencontre des esp\u00e8ces marines de l&rsquo;\u00eele le jeudi 19 juin 2025.<\/div>\n<div>Nous avons au pr\u00e9alable pr\u00e9par\u00e9 cette journ\u00e9e en cours de SVT afin de conna\u00eetre et d&rsquo;identifier la biodiversit\u00e9 de notre belle \u00eele.<\/div>\n<div><\/div>\n<div>Notre journ\u00e9e s&rsquo;est ainsi d\u00e9roul\u00e9e:<\/div>\n<div>-7h50: d\u00e9part en bus du Coll\u00e8ge<\/div>\n<div>-10h30 \u00e0 12h30: balade en mer avec collation \u00e0 bord<\/div>\n<div>-13h45: d\u00e9jeuner et jeux \u00e0 Saint Leu<\/div>\n<div>-15h10: retour au Coll\u00e8ge<\/div>\n<div><\/div>\n<div>Lors de notre sortie en mer, nous avons, tout en profitant de la balade, contempl\u00e9 une partie de l&rsquo;\u00eele intense mais aussi observ\u00e9 une esp\u00e8ce de dauphins \u00e0 long bec (<i>Stenella Longirostris<\/i>). Nous avons eu le plaisir d&rsquo;en voir une cinquantaine.<\/div>\n<div>C&rsquo;\u00e9tait une premi\u00e8re pour beaucoup d&rsquo;entre nous et c&rsquo;est surtout tr\u00e8s enrichissant.<\/div>\n<div><\/div>\n<div>Cette sortie a pu se r\u00e9aliser gr\u00e2ce au financement du Coll\u00e8ge et nous remercions les Chefs d&rsquo;\u00e9tablissement pour cela.<\/div>\n<div><\/div>\n<div>Les \u00e9l\u00e8ves de 6\u00e8me Safran<\/div>\n<div><\/div>\n<\/div>\n<\/div>\n<\/div>\n<\/div>\n<div class=\"MailMessagePane-inlineContainer\"><\/div>\n","protected":false},"excerpt":{"rendered":"<p>Encadr\u00e9s par nos professeurs Mmes MAILLOT et KELLAOU, M. DALZON ainsi que Mme AUNG, AESH, nous avons pu profiter d&rsquo;une journ\u00e9e r\u00e9cr\u00e9ative \u00e0 la rencontre des esp\u00e8ces marines de l&rsquo;\u00eele le jeudi 19 juin 2025. Nous avons au pr\u00e9alable pr\u00e9par\u00e9 cette journ\u00e9e en cours de SVT afin de conna\u00eetre et\u2026<\/p>\n<p class=\"continue-reading-button\"> <a class=\"continue-reading-link\" href=\"https:\/\/etab.ac-reunion.fr\/clg-tamarins\/a-la-rencontre-des-especes-marines-de-lile-6eme-safran\/\">Continuer \u00e0 lire<i class=\"crycon-right-dir\"><\/i><\/a><\/p>\n","protected":false},"author":30567,"featured_media":9561,"comment_status":"closed","ping_status":"closed","sticky":false,"template":"","format":"quote","meta":{"footnotes":""},"categories":[295,1],"tags":[],"class_list":["post-9559","post","type-post","status-publish","format-quote","has-post-thumbnail","hentry","category-6eme-safran","category-non-classe","post_format-post-format-quote"],"_links":{"self":[{"href":"https:\/\/etab.ac-reunion.fr\/clg-tamarins\/wp-json\/wp\/v2\/posts\/9559","targetHints":{"allow":["GET"]}}],"collection":[{"href":"https:\/\/etab.ac-reunion.fr\/clg-tamarins\/wp-json\/wp\/v2\/posts"}],"about":[{"href":"https:\/\/etab.ac-reunion.fr\/clg-tamarins\/wp-json\/wp\/v2\/types\/post"}],"author":[{"embeddable":true,"href":"https:\/\/etab.ac-reunion.fr\/clg-tamarins\/wp-json\/wp\/v2\/users\/30567"}],"replies":[{"embeddable":true,"href":"https:\/\/etab.ac-reunion.fr\/clg-tamarins\/wp-json\/wp\/v2\/comments?post=9559"}],"version-history":[{"count":2,"href":"https:\/\/etab.ac-reunion.fr\/clg-tamarins\/wp-json\/wp\/v2\/posts\/9559\/revisions"}],"predecessor-version":[{"id":9568,"href":"https:\/\/etab.ac-reunion.fr\/clg-tamarins\/wp-json\/wp\/v2\/posts\/9559\/revisions\/9568"}],"wp:featuredmedia":[{"embeddable":true,"href":"https:\/\/etab.ac-reunion.fr\/clg-tamarins\/wp-json\/wp\/v2\/media\/9561"}],"wp:attachment":[{"href":"https:\/\/etab.ac-reunion.fr\/clg-tamarins\/wp-json\/wp\/v2\/media?parent=9559"}],"wp:term":[{"taxonomy":"category","embeddable":true,"href":"https:\/\/etab.ac-reunion.fr\/clg-tamarins\/wp-json\/wp\/v2\/categories?post=9559"},{"taxonomy":"post_tag","embeddable":true,"href":"https:\/\/etab.ac-reunion.fr\/clg-tamarins\/wp-json\/wp\/v2\/tags?post=9559"}],"curies":[{"name":"wp","href":"https:\/\/api.w.org\/{rel}","templated":true}]}}