{"id":9569,"date":"2025-07-02T17:30:33","date_gmt":"2025-07-02T13:30:33","guid":{"rendered":"https:\/\/etab.ac-reunion.fr\/clg-tamarins\/?p=9569"},"modified":"2025-07-02T17:30:33","modified_gmt":"2025-07-02T13:30:33","slug":"liste-des-effets-scolaires-rentree-2025-2026","status":"publish","type":"post","link":"https:\/\/etab.ac-reunion.fr\/clg-tamarins\/liste-des-effets-scolaires-rentree-2025-2026\/","title":{"rendered":"Liste des effets scolaires &#8211; Rentr\u00e9e 2025\/2026"},"content":{"rendered":"<p>Veuillez trouver ci-dessous la liste des effets scolaires pour la rentr\u00e9e 2025\/2026 pour chaque niveau:<\/p>\n<ul>\n<li><a href=\"https:\/\/etab.ac-reunion.fr\/clg-tamarins\/wp-content\/uploads\/sites\/56\/2025\/07\/effets-scolaires-6eme-rentree-2025.pdf\">effets scolaires 6e\u0300me rentr\u00e9e 2025<\/a><\/li>\n<li><a href=\"https:\/\/etab.ac-reunion.fr\/clg-tamarins\/wp-content\/uploads\/sites\/56\/2025\/07\/effets-scolaires-5eme-rentree-2025.pdf\">effets scolaires 5e\u0300me rentr\u00e9e 2025<\/a><\/li>\n<li><a href=\"https:\/\/etab.ac-reunion.fr\/clg-tamarins\/wp-content\/uploads\/sites\/56\/2025\/07\/effets-scolaires-4eme-rentree-2025.pdf\">effets scolaires 4e\u0300me rentr\u00e9e 2025<\/a><\/li>\n<li><a href=\"https:\/\/etab.ac-reunion.fr\/clg-tamarins\/wp-content\/uploads\/sites\/56\/2025\/07\/effets-scolaires-3eme-rentree-2025.pdf\">effets scolaires 3e\u0300me rentr\u00e9e 2025<\/a><\/li>\n<li><a href=\"https:\/\/etab.ac-reunion.fr\/clg-tamarins\/wp-content\/uploads\/sites\/56\/2025\/07\/effets-scolaires-3eme-PreM-Prepa-Metiers-rentree-2025.pdf\">effets scolaires 3\u00e8me Pr\u00e9M (Pr\u00e9pa M\u00e9tiers) rentr\u00e9e 2025<\/a><\/li>\n<\/ul>\n","protected":false},"excerpt":{"rendered":"<p>Veuillez trouver ci-dessous la liste des effets scolaires pour la rentr\u00e9e 2025\/2026 pour chaque niveau: effets scolaires 6e\u0300me rentr\u00e9e 2025 effets scolaires 5e\u0300me rentr\u00e9e 2025 effets scolaires 4e\u0300me rentr\u00e9e 2025 effets scolaires 3e\u0300me rentr\u00e9e 2025 effets scolaires 3\u00e8me Pr\u00e9M (Pr\u00e9pa M\u00e9tiers) rentr\u00e9e 2025<\/p>\n<p class=\"continue-reading-button\"> <a class=\"continue-reading-link\" href=\"https:\/\/etab.ac-reunion.fr\/clg-tamarins\/liste-des-effets-scolaires-rentree-2025-2026\/\">Continuer \u00e0 lire<i class=\"crycon-right-dir\"><\/i><\/a><\/p>\n","protected":false},"author":30567,"featured_media":9576,"comment_status":"closed","ping_status":"closed","sticky":false,"template":"","format":"quote","meta":{"footnotes":""},"categories":[1],"tags":[],"class_list":["post-9569","post","type-post","status-publish","format-quote","has-post-thumbnail","hentry","category-non-classe","post_format-post-format-quote"],"_links":{"self":[{"href":"https:\/\/etab.ac-reunion.fr\/clg-tamarins\/wp-json\/wp\/v2\/posts\/9569","targetHints":{"allow":["GET"]}}],"collection":[{"href":"https:\/\/etab.ac-reunion.fr\/clg-tamarins\/wp-json\/wp\/v2\/posts"}],"about":[{"href":"https:\/\/etab.ac-reunion.fr\/clg-tamarins\/wp-json\/wp\/v2\/types\/post"}],"author":[{"embeddable":true,"href":"https:\/\/etab.ac-reunion.fr\/clg-tamarins\/wp-json\/wp\/v2\/users\/30567"}],"replies":[{"embeddable":true,"href":"https:\/\/etab.ac-reunion.fr\/clg-tamarins\/wp-json\/wp\/v2\/comments?post=9569"}],"version-history":[{"count":1,"href":"https:\/\/etab.ac-reunion.fr\/clg-tamarins\/wp-json\/wp\/v2\/posts\/9569\/revisions"}],"predecessor-version":[{"id":9575,"href":"https:\/\/etab.ac-reunion.fr\/clg-tamarins\/wp-json\/wp\/v2\/posts\/9569\/revisions\/9575"}],"wp:featuredmedia":[{"embeddable":true,"href":"https:\/\/etab.ac-reunion.fr\/clg-tamarins\/wp-json\/wp\/v2\/media\/9576"}],"wp:attachment":[{"href":"https:\/\/etab.ac-reunion.fr\/clg-tamarins\/wp-json\/wp\/v2\/media?parent=9569"}],"wp:term":[{"taxonomy":"category","embeddable":true,"href":"https:\/\/etab.ac-reunion.fr\/clg-tamarins\/wp-json\/wp\/v2\/categories?post=9569"},{"taxonomy":"post_tag","embeddable":true,"href":"https:\/\/etab.ac-reunion.fr\/clg-tamarins\/wp-json\/wp\/v2\/tags?post=9569"}],"curies":[{"name":"wp","href":"https:\/\/api.w.org\/{rel}","templated":true}]}}