{"id":9657,"date":"2025-11-05T09:24:01","date_gmt":"2025-11-05T05:24:01","guid":{"rendered":"https:\/\/etab.ac-reunion.fr\/clg-tamarins\/?p=9657"},"modified":"2025-11-05T10:12:00","modified_gmt":"2025-11-05T06:12:00","slug":"9657-2","status":"publish","type":"post","link":"https:\/\/etab.ac-reunion.fr\/clg-tamarins\/9657-2\/","title":{"rendered":"Programme d&rsquo;\u00e9ducation \u00e0 la vie affective et relationnelle, et \u00e0 la sexualit\u00e9"},"content":{"rendered":"<p><a href=\"https:\/\/etab.ac-reunion.fr\/clg-tamarins\/wp-content\/uploads\/sites\/56\/2025\/09\/programme-deducation-la-vie-affective-et-relationnelle-et-la-sexualite-au-college.pdf\">Cliquer sur l&rsquo;image ci-dessous pour lire le document \u2193<\/a><\/p>\n<p><a href=\"https:\/\/etab.ac-reunion.fr\/clg-tamarins\/wp-content\/uploads\/sites\/56\/2025\/09\/programme-deducation-la-vie-affective-et-relationnelle-et-la-sexualite-au-college.pdf\"><img loading=\"lazy\" decoding=\"async\" class=\"alignnone wp-image-9625 size-medium\" src=\"https:\/\/etab.ac-reunion.fr\/clg-tamarins\/wp-content\/uploads\/sites\/56\/2025\/09\/D_programme-d-ducation-la-vie-affective-et-relationnelle-et-la-sexualit-au-coll-ge-19959901-212x300.jpg\" alt=\"\" width=\"212\" height=\"300\" srcset=\"https:\/\/etab.ac-reunion.fr\/clg-tamarins\/wp-content\/uploads\/sites\/56\/2025\/09\/D_programme-d-ducation-la-vie-affective-et-relationnelle-et-la-sexualit-au-coll-ge-19959901-212x300.jpg 212w, https:\/\/etab.ac-reunion.fr\/clg-tamarins\/wp-content\/uploads\/sites\/56\/2025\/09\/D_programme-d-ducation-la-vie-affective-et-relationnelle-et-la-sexualit-au-coll-ge-19959901-724x1024.jpg 724w, https:\/\/etab.ac-reunion.fr\/clg-tamarins\/wp-content\/uploads\/sites\/56\/2025\/09\/D_programme-d-ducation-la-vie-affective-et-relationnelle-et-la-sexualit-au-coll-ge-19959901-768x1086.jpg 768w, https:\/\/etab.ac-reunion.fr\/clg-tamarins\/wp-content\/uploads\/sites\/56\/2025\/09\/D_programme-d-ducation-la-vie-affective-et-relationnelle-et-la-sexualit-au-coll-ge-19959901-1086x1536.jpg 1086w, https:\/\/etab.ac-reunion.fr\/clg-tamarins\/wp-content\/uploads\/sites\/56\/2025\/09\/D_programme-d-ducation-la-vie-affective-et-relationnelle-et-la-sexualit-au-coll-ge-19959901-106x150.jpg 106w, https:\/\/etab.ac-reunion.fr\/clg-tamarins\/wp-content\/uploads\/sites\/56\/2025\/09\/D_programme-d-ducation-la-vie-affective-et-relationnelle-et-la-sexualit-au-coll-ge-19959901.jpg 1240w\" sizes=\"auto, (max-width: 212px) 100vw, 212px\" \/><\/a><\/p>\n<p><span style=\"font-size: 14pt\"><em>Foire aux questions:<\/em> <\/span><a href=\"https:\/\/etab.ac-reunion.fr\/clg-tamarins\/wp-content\/uploads\/sites\/56\/2025\/09\/foire-aux-questions_evars.pdf\">foire-aux-questions_evars<\/a><\/p>\n<p><em><span style=\"font-size: 14pt\">Plus d&rsquo;infos en vid\u00e9o sur le site de l&rsquo;\u00e9ducation:<\/span> <\/em><\/p>\n<p><a href=\"https:\/\/www.education.gouv.fr\/un-programme-ambitieux-eduquer-la-vie-affective-et-relationnelle-et-la-sexualite-416296\">https:\/\/www.education.gouv.fr\/un-programme-ambitieux-eduquer-la-vie-affective-et-relationnelle-et-la-sexualite-416296<\/a><\/p>\n<p>&nbsp;<\/p>\n","protected":false},"excerpt":{"rendered":"<p>Cliquer sur l&rsquo;image ci-dessous pour lire le document \u2193 Foire aux questions: foire-aux-questions_evars Plus d&rsquo;infos en vid\u00e9o sur le site de l&rsquo;\u00e9ducation: https:\/\/www.education.gouv.fr\/un-programme-ambitieux-eduquer-la-vie-affective-et-relationnelle-et-la-sexualite-416296 &nbsp;<\/p>\n<p class=\"continue-reading-button\"> <a class=\"continue-reading-link\" href=\"https:\/\/etab.ac-reunion.fr\/clg-tamarins\/9657-2\/\">Continuer \u00e0 lire<i class=\"crycon-right-dir\"><\/i><\/a><\/p>\n","protected":false},"author":30567,"featured_media":9625,"comment_status":"closed","ping_status":"closed","sticky":false,"template":"","format":"quote","meta":{"footnotes":""},"categories":[299,1],"tags":[],"class_list":["post-9657","post","type-post","status-publish","format-quote","has-post-thumbnail","hentry","category-evars","category-non-classe","post_format-post-format-quote"],"_links":{"self":[{"href":"https:\/\/etab.ac-reunion.fr\/clg-tamarins\/wp-json\/wp\/v2\/posts\/9657","targetHints":{"allow":["GET"]}}],"collection":[{"href":"https:\/\/etab.ac-reunion.fr\/clg-tamarins\/wp-json\/wp\/v2\/posts"}],"about":[{"href":"https:\/\/etab.ac-reunion.fr\/clg-tamarins\/wp-json\/wp\/v2\/types\/post"}],"author":[{"embeddable":true,"href":"https:\/\/etab.ac-reunion.fr\/clg-tamarins\/wp-json\/wp\/v2\/users\/30567"}],"replies":[{"embeddable":true,"href":"https:\/\/etab.ac-reunion.fr\/clg-tamarins\/wp-json\/wp\/v2\/comments?post=9657"}],"version-history":[{"count":14,"href":"https:\/\/etab.ac-reunion.fr\/clg-tamarins\/wp-json\/wp\/v2\/posts\/9657\/revisions"}],"predecessor-version":[{"id":9672,"href":"https:\/\/etab.ac-reunion.fr\/clg-tamarins\/wp-json\/wp\/v2\/posts\/9657\/revisions\/9672"}],"wp:featuredmedia":[{"embeddable":true,"href":"https:\/\/etab.ac-reunion.fr\/clg-tamarins\/wp-json\/wp\/v2\/media\/9625"}],"wp:attachment":[{"href":"https:\/\/etab.ac-reunion.fr\/clg-tamarins\/wp-json\/wp\/v2\/media?parent=9657"}],"wp:term":[{"taxonomy":"category","embeddable":true,"href":"https:\/\/etab.ac-reunion.fr\/clg-tamarins\/wp-json\/wp\/v2\/categories?post=9657"},{"taxonomy":"post_tag","embeddable":true,"href":"https:\/\/etab.ac-reunion.fr\/clg-tamarins\/wp-json\/wp\/v2\/tags?post=9657"}],"curies":[{"name":"wp","href":"https:\/\/api.w.org\/{rel}","templated":true}]}}