{"id":9694,"date":"2025-11-12T10:04:34","date_gmt":"2025-11-12T06:04:34","guid":{"rendered":"https:\/\/etab.ac-reunion.fr\/clg-tamarins\/?p=9694"},"modified":"2025-11-12T10:04:34","modified_gmt":"2025-11-12T06:04:34","slug":"ceremonie-du-11-novembre-classe-defense","status":"publish","type":"post","link":"https:\/\/etab.ac-reunion.fr\/clg-tamarins\/ceremonie-du-11-novembre-classe-defense\/","title":{"rendered":"C\u00e9r\u00e9monie du 11 Novembre &#8211; Classe D\u00e9fense"},"content":{"rendered":"<p>Ce #11novembre#2025 nous comm\u00e9morons l&rsquo;armistice de la Premi\u00e8re Guerre mondiale et la c\u00e9r\u00e9monie organis\u00e9e par le RSMA \u00e0 Saint-Pierre, place des Victoires.<br \/>\nLa classe de D\u00e9fense du coll\u00e8ge les Tamarins \u00e9tait pr\u00e9sente, place des Victoires aux c\u00f4t\u00e9s de Nadine Ravier, du coll\u00e8ge Henri Matisse, comme tous les ans depuis maintenant 10 ans et d\u2019autres \u00e9l\u00e8ves de Classe de D\u00e9fense.<br \/>\n\ud83d\ude4fMerci aux \u00e9l\u00e8ves pour leur engagement et au soutien des parents pr\u00e9sents, \u00e0 notre principale madame Chane Ashing et \u00e0 Mme Fiegenwald, notre photographe attitr\u00e9e \ud83d\ude4f<\/p>\n<p>#devoir de m\u00e9moire#engagement\ud83c\uddeb\ud83c\uddf7<\/p>\n<div class=\"su-image-carousel  su-image-carousel-has-spacing su-image-carousel-crop su-image-carousel-crop-16-10 su-image-carousel-has-outline su-image-carousel-adaptive su-image-carousel-slides-style-photo su-image-carousel-controls-style-light su-image-carousel-align-center\" style=\"\" data-flickity-options='{\"groupCells\":true,\"cellSelector\":\".su-image-carousel-item\",\"adaptiveHeight\":false,\"cellAlign\":\"left\",\"prevNextButtons\":true,\"pageDots\":true,\"autoPlay\":5000,\"imagesLoaded\":true,\"contain\":true,\"selectedAttraction\":0.025,\"friction\":0.28}' id=\"su_image_carousel_69f1dfc03f008\"><div class=\"su-image-carousel-item\"><div class=\"su-image-carousel-item-content\"><a href=\"https:\/\/etab.ac-reunion.fr\/clg-tamarins\/wp-content\/uploads\/sites\/56\/2025\/11\/IMG_1059-scaled.jpg\" target=\"_blank\" rel=\"noopener noreferrer\" data-caption=\"\"><img loading=\"lazy\" decoding=\"async\" width=\"1693\" height=\"2560\" src=\"https:\/\/etab.ac-reunion.fr\/clg-tamarins\/wp-content\/uploads\/sites\/56\/2025\/11\/IMG_1059-scaled.jpg\" class=\"\" alt=\"\" srcset=\"https:\/\/etab.ac-reunion.fr\/clg-tamarins\/wp-content\/uploads\/sites\/56\/2025\/11\/IMG_1059-scaled.jpg 1693w, https:\/\/etab.ac-reunion.fr\/clg-tamarins\/wp-content\/uploads\/sites\/56\/2025\/11\/IMG_1059-198x300.jpg 198w, https:\/\/etab.ac-reunion.fr\/clg-tamarins\/wp-content\/uploads\/sites\/56\/2025\/11\/IMG_1059-677x1024.jpg 677w, https:\/\/etab.ac-reunion.fr\/clg-tamarins\/wp-content\/uploads\/sites\/56\/2025\/11\/IMG_1059-768x1161.jpg 768w, https:\/\/etab.ac-reunion.fr\/clg-tamarins\/wp-content\/uploads\/sites\/56\/2025\/11\/IMG_1059-1016x1536.jpg 1016w, https:\/\/etab.ac-reunion.fr\/clg-tamarins\/wp-content\/uploads\/sites\/56\/2025\/11\/IMG_1059-1355x2048.jpg 1355w, https:\/\/etab.ac-reunion.fr\/clg-tamarins\/wp-content\/uploads\/sites\/56\/2025\/11\/IMG_1059-99x150.jpg 99w\" sizes=\"auto, (max-width: 1693px) 100vw, 1693px\" \/><\/a><\/div><\/div><div class=\"su-image-carousel-item\"><div class=\"su-image-carousel-item-content\"><a href=\"https:\/\/etab.ac-reunion.fr\/clg-tamarins\/wp-content\/uploads\/sites\/56\/2025\/11\/IMG_1057-scaled.jpg\" target=\"_blank\" rel=\"noopener noreferrer\" data-caption=\"\"><img loading=\"lazy\" decoding=\"async\" width=\"1920\" height=\"2560\" src=\"https:\/\/etab.ac-reunion.fr\/clg-tamarins\/wp-content\/uploads\/sites\/56\/2025\/11\/IMG_1057-scaled.jpg\" class=\"\" alt=\"\" srcset=\"https:\/\/etab.ac-reunion.fr\/clg-tamarins\/wp-content\/uploads\/sites\/56\/2025\/11\/IMG_1057-scaled.jpg 1920w, https:\/\/etab.ac-reunion.fr\/clg-tamarins\/wp-content\/uploads\/sites\/56\/2025\/11\/IMG_1057-225x300.jpg 225w, https:\/\/etab.ac-reunion.fr\/clg-tamarins\/wp-content\/uploads\/sites\/56\/2025\/11\/IMG_1057-768x1024.jpg 768w, https:\/\/etab.ac-reunion.fr\/clg-tamarins\/wp-content\/uploads\/sites\/56\/2025\/11\/IMG_1057-1152x1536.jpg 1152w, https:\/\/etab.ac-reunion.fr\/clg-tamarins\/wp-content\/uploads\/sites\/56\/2025\/11\/IMG_1057-1536x2048.jpg 1536w, https:\/\/etab.ac-reunion.fr\/clg-tamarins\/wp-content\/uploads\/sites\/56\/2025\/11\/IMG_1057-113x150.jpg 113w\" sizes=\"auto, (max-width: 1920px) 100vw, 1920px\" \/><\/a><\/div><\/div><div class=\"su-image-carousel-item\"><div class=\"su-image-carousel-item-content\"><a href=\"https:\/\/etab.ac-reunion.fr\/clg-tamarins\/wp-content\/uploads\/sites\/56\/2025\/11\/IMG_1053-scaled.jpg\" target=\"_blank\" rel=\"noopener noreferrer\" data-caption=\"\"><img loading=\"lazy\" decoding=\"async\" width=\"1920\" height=\"2560\" src=\"https:\/\/etab.ac-reunion.fr\/clg-tamarins\/wp-content\/uploads\/sites\/56\/2025\/11\/IMG_1053-scaled.jpg\" class=\"\" alt=\"\" srcset=\"https:\/\/etab.ac-reunion.fr\/clg-tamarins\/wp-content\/uploads\/sites\/56\/2025\/11\/IMG_1053-scaled.jpg 1920w, https:\/\/etab.ac-reunion.fr\/clg-tamarins\/wp-content\/uploads\/sites\/56\/2025\/11\/IMG_1053-225x300.jpg 225w, https:\/\/etab.ac-reunion.fr\/clg-tamarins\/wp-content\/uploads\/sites\/56\/2025\/11\/IMG_1053-768x1024.jpg 768w, https:\/\/etab.ac-reunion.fr\/clg-tamarins\/wp-content\/uploads\/sites\/56\/2025\/11\/IMG_1053-1152x1536.jpg 1152w, https:\/\/etab.ac-reunion.fr\/clg-tamarins\/wp-content\/uploads\/sites\/56\/2025\/11\/IMG_1053-1536x2048.jpg 1536w, https:\/\/etab.ac-reunion.fr\/clg-tamarins\/wp-content\/uploads\/sites\/56\/2025\/11\/IMG_1053-113x150.jpg 113w\" sizes=\"auto, (max-width: 1920px) 100vw, 1920px\" \/><\/a><\/div><\/div><div class=\"su-image-carousel-item\"><div class=\"su-image-carousel-item-content\"><a href=\"https:\/\/etab.ac-reunion.fr\/clg-tamarins\/wp-content\/uploads\/sites\/56\/2025\/11\/IMG_1050-scaled.jpg\" target=\"_blank\" rel=\"noopener noreferrer\" data-caption=\"\"><img loading=\"lazy\" decoding=\"async\" width=\"1491\" height=\"2560\" src=\"https:\/\/etab.ac-reunion.fr\/clg-tamarins\/wp-content\/uploads\/sites\/56\/2025\/11\/IMG_1050-scaled.jpg\" class=\"\" alt=\"\" srcset=\"https:\/\/etab.ac-reunion.fr\/clg-tamarins\/wp-content\/uploads\/sites\/56\/2025\/11\/IMG_1050-scaled.jpg 1491w, https:\/\/etab.ac-reunion.fr\/clg-tamarins\/wp-content\/uploads\/sites\/56\/2025\/11\/IMG_1050-175x300.jpg 175w, https:\/\/etab.ac-reunion.fr\/clg-tamarins\/wp-content\/uploads\/sites\/56\/2025\/11\/IMG_1050-597x1024.jpg 597w, https:\/\/etab.ac-reunion.fr\/clg-tamarins\/wp-content\/uploads\/sites\/56\/2025\/11\/IMG_1050-768x1318.jpg 768w, https:\/\/etab.ac-reunion.fr\/clg-tamarins\/wp-content\/uploads\/sites\/56\/2025\/11\/IMG_1050-895x1536.jpg 895w, https:\/\/etab.ac-reunion.fr\/clg-tamarins\/wp-content\/uploads\/sites\/56\/2025\/11\/IMG_1050-1193x2048.jpg 1193w, https:\/\/etab.ac-reunion.fr\/clg-tamarins\/wp-content\/uploads\/sites\/56\/2025\/11\/IMG_1050-87x150.jpg 87w\" sizes=\"auto, (max-width: 1491px) 100vw, 1491px\" \/><\/a><\/div><\/div><\/div><script id=\"su_image_carousel_69f1dfc03f008_script\">if(window.SUImageCarousel){setTimeout(function() {window.SUImageCarousel.initGallery(document.getElementById(\"su_image_carousel_69f1dfc03f008\"))}, 0);}var su_image_carousel_69f1dfc03f008_script=document.getElementById(\"su_image_carousel_69f1dfc03f008_script\");if(su_image_carousel_69f1dfc03f008_script){su_image_carousel_69f1dfc03f008_script.parentNode.removeChild(su_image_carousel_69f1dfc03f008_script);}<\/script>\n<p>&nbsp;<\/p>\n","protected":false},"excerpt":{"rendered":"<p>Ce #11novembre#2025 nous comm\u00e9morons l&rsquo;armistice de la Premi\u00e8re Guerre mondiale et la c\u00e9r\u00e9monie organis\u00e9e par le RSMA \u00e0 Saint-Pierre, place des Victoires. La classe de D\u00e9fense du coll\u00e8ge les Tamarins \u00e9tait pr\u00e9sente, place des Victoires aux c\u00f4t\u00e9s de Nadine Ravier, du coll\u00e8ge Henri Matisse, comme tous les ans depuis maintenant\u2026<\/p>\n<p class=\"continue-reading-button\"> <a class=\"continue-reading-link\" href=\"https:\/\/etab.ac-reunion.fr\/clg-tamarins\/ceremonie-du-11-novembre-classe-defense\/\">Continuer \u00e0 lire<i class=\"crycon-right-dir\"><\/i><\/a><\/p>\n","protected":false},"author":30567,"featured_media":9697,"comment_status":"closed","ping_status":"closed","sticky":false,"template":"","format":"quote","meta":{"footnotes":""},"categories":[298],"tags":[],"class_list":["post-9694","post","type-post","status-publish","format-quote","has-post-thumbnail","hentry","category-classe-defense","post_format-post-format-quote"],"_links":{"self":[{"href":"https:\/\/etab.ac-reunion.fr\/clg-tamarins\/wp-json\/wp\/v2\/posts\/9694","targetHints":{"allow":["GET"]}}],"collection":[{"href":"https:\/\/etab.ac-reunion.fr\/clg-tamarins\/wp-json\/wp\/v2\/posts"}],"about":[{"href":"https:\/\/etab.ac-reunion.fr\/clg-tamarins\/wp-json\/wp\/v2\/types\/post"}],"author":[{"embeddable":true,"href":"https:\/\/etab.ac-reunion.fr\/clg-tamarins\/wp-json\/wp\/v2\/users\/30567"}],"replies":[{"embeddable":true,"href":"https:\/\/etab.ac-reunion.fr\/clg-tamarins\/wp-json\/wp\/v2\/comments?post=9694"}],"version-history":[{"count":1,"href":"https:\/\/etab.ac-reunion.fr\/clg-tamarins\/wp-json\/wp\/v2\/posts\/9694\/revisions"}],"predecessor-version":[{"id":9699,"href":"https:\/\/etab.ac-reunion.fr\/clg-tamarins\/wp-json\/wp\/v2\/posts\/9694\/revisions\/9699"}],"wp:featuredmedia":[{"embeddable":true,"href":"https:\/\/etab.ac-reunion.fr\/clg-tamarins\/wp-json\/wp\/v2\/media\/9697"}],"wp:attachment":[{"href":"https:\/\/etab.ac-reunion.fr\/clg-tamarins\/wp-json\/wp\/v2\/media?parent=9694"}],"wp:term":[{"taxonomy":"category","embeddable":true,"href":"https:\/\/etab.ac-reunion.fr\/clg-tamarins\/wp-json\/wp\/v2\/categories?post=9694"},{"taxonomy":"post_tag","embeddable":true,"href":"https:\/\/etab.ac-reunion.fr\/clg-tamarins\/wp-json\/wp\/v2\/tags?post=9694"}],"curies":[{"name":"wp","href":"https:\/\/api.w.org\/{rel}","templated":true}]}}